{"id":16233,"date":"2024-12-01T11:24:38","date_gmt":"2024-12-01T14:24:38","guid":{"rendered":"https:\/\/revidigital.ielusc.br\/?p=16233"},"modified":"2024-12-01T11:28:49","modified_gmt":"2024-12-01T14:28:49","slug":"a-ponte-entre-vila-da-gloria-e-vigorelli-avanco-ou-ameaca-ambiental","status":"publish","type":"post","link":"https:\/\/revidigital.ielusc.br\/index.php\/2024\/12\/01\/a-ponte-entre-vila-da-gloria-e-vigorelli-avanco-ou-ameaca-ambiental\/","title":{"rendered":"A ponte entre Vila da Gl\u00f3ria e Vigorelli: avan\u00e7o ou amea\u00e7a ambiental?"},"content":{"rendered":"\n<p><em>Por Stephanie Dumke e Beatriz S\u00e1&nbsp;<\/em><\/p>\n\n\n\n<p>A Ba\u00eda da Babitonga, localizada no litoral norte de Santa Catarina, \u00e9 um importante estu\u00e1rio. Suas \u00e1guas abrigam uma rica biodiversidade marinha, abrangendo uma vasta \u00e1rea de manguezais e oferecendo habitat para esp\u00e9cies amea\u00e7adas, como a toninha (Pontoporia blainvillei) e o boto cinza (Sotalia guianensis)\u200b. Historicamente, \u00e9 uma regi\u00e3o que se destacou por sua biodiversidade e import\u00e2ncia socioecon\u00f4mica, sendo um ponto de pesca tradicional e turismo, al\u00e9m de abrigar grandes zonas portu\u00e1rias, em S\u00e3o Francisco do Sul e Itapo\u00e1. Mas, com o crescimento industrial e urbano de Joinville ao longo das d\u00e9cadas, a ba\u00eda tem enfrentado desafios ambientais significativos, como a polui\u00e7\u00e3o e a perda de \u00e1reas de manguezal\u200b.<\/p>\n\n\n\n<p>A proposta de constru\u00e7\u00e3o de uma ponte ligando a Vila da Gl\u00f3ria a Vigorelli, um trecho de 1,1 km sobre a Ba\u00eda da Babitonga, voltou a ser debatido ap\u00f3s a interdi\u00e7\u00e3o tempor\u00e1ria do ferry boat que realiza a travessia entre as duas regi\u00f5es. Essa discuss\u00e3o se acentuou no in\u00edcio de 2024, destacando a fragilidade do sistema de transporte atual e a necessidade de uma solu\u00e7\u00e3o mais eficiente para conectar essas duas \u00e1reas, al\u00e9m de facilitar o transporte de turistas e estimular a economia local.&nbsp;<\/p>\n\n\n\n<p><strong>A preocupa\u00e7\u00e3o com o impacto ambiental&nbsp;<\/strong><\/p>\n\n\n\n<p>A Ba\u00eda da Babitonga, um dos ecossistemas mais ricos do litoral catarinense, abriga uma grande diversidade de fauna e flora. A regi\u00e3o \u00e9 conhecida por seus manguezais, restingas e \u00e1reas de mata densa, al\u00e9m de desempenhar fun\u00e7\u00f5es essenciais para a preserva\u00e7\u00e3o ambiental j\u00e1 que muitos estudiosos pesquisam e analisam a regi\u00e3o. Dentre as esp\u00e9cies que habitam a ba\u00eda, encontram-se caranguejos, peixes e tartarugas, cujos ciclos de vida e habitats podem ser severamente impactados pela constru\u00e7\u00e3o da ponte.<\/p>\n\n\n\n<p>Para a educadora ambiental K\u00e1tia Baeta, \u201cos riscos s\u00e3o imensos, como a polui\u00e7\u00e3o e a interfer\u00eancia na circula\u00e7\u00e3o das \u00e1guas, o que pode ter consequ\u00eancias devastadoras para a biodiversidade local\u201d. Al\u00e9m disso, o aumento da infraestrutura presente no local pode desencadear um ciclo de degrada\u00e7\u00e3o ambiental, com o surgimento de novos projetos urbanos que frequentemente resultam em desmatamento e perda de habitats naturais. Dessa forma, a ponte poderia n\u00e3o ser apenas uma obra de infraestrutura, mas um impulsionador de uma s\u00e9rie de impactos ecol\u00f3gicos irrevers\u00edveis.<\/p>\n\n\n\n<figure class=\"wp-block-image size-full\"><img decoding=\"async\" loading=\"lazy\" width=\"2560\" height=\"1440\" src=\"https:\/\/revidigital.ielusc.br\/wp-content\/uploads\/2024\/12\/DJI_0709-1-scaled.jpg\" alt=\"\" class=\"wp-image-16237\" srcset=\"https:\/\/revidigital.ielusc.br\/wp-content\/uploads\/2024\/12\/DJI_0709-1-scaled.jpg 2560w, https:\/\/revidigital.ielusc.br\/wp-content\/uploads\/2024\/12\/DJI_0709-1-1536x864.jpg 1536w, https:\/\/revidigital.ielusc.br\/wp-content\/uploads\/2024\/12\/DJI_0709-1-2048x1152.jpg 2048w\" sizes=\"(max-width: 2560px) 100vw, 2560px\" \/><figcaption class=\"wp-element-caption\"><em>Cr\u00e9dito: Stephanie Dumke<\/em><\/figcaption><\/figure>\n\n\n\n<p><strong>A necessidade de estudos e participa\u00e7\u00e3o p\u00fablica<\/strong><\/p>\n\n\n\n<p>A educadora defende ainda que o projeto seja submetido a estudos de impacto ambiental completos, que incluem consultas p\u00fablicas, avalia\u00e7\u00f5es detalhadas e planos de mitiga\u00e7\u00e3o dos impactos. A constru\u00e7\u00e3o de uma ponte pode, de fato, trazer benef\u00edcios para a mobilidade e para o setor tur\u00edstico, mas esses ganhos precisam ser cuidadosamente equilibrados com a preserva\u00e7\u00e3o ambiental. Um planejamento que n\u00e3o considere as particularidades ecol\u00f3gicas da Ba\u00eda da Babitonga pode resultar em danos irrepar\u00e1veis \u00e0 fauna e \u00e0 flora locais, com consequ\u00eancias que afetam n\u00e3o apenas a natureza, mas a pr\u00f3pria qualidade de vida das popula\u00e7\u00f5es que dependem dos recursos naturais da regi\u00e3o.<\/p>\n\n\n\n<p>Sabemos que a popula\u00e7\u00e3o sempre preza para o que \u00e9 mais barato para si, e deixar de pagar pela travessia de ferry boat sempre ser\u00e1 a melhor op\u00e7\u00e3o para quem s\u00f3 v\u00ea este lado, sem considerar os impactos ambientais. Por isso, \u00e9 importante incluir a popula\u00e7\u00e3o no estudo desta nova constru\u00e7\u00e3o, mas tamb\u00e9m trazer especialistas ambientais que possam mostrar o outro lado da moeda.<\/p>\n\n\n\n<p>Al\u00e9m disso, a import\u00e2ncia de envolver a comunidade local e especialistas no processo de tomada de decis\u00e3o \u00e9 um ponto crucial. \u201cA participa\u00e7\u00e3o de todos os interessados, incluindo moradores da Vila da Gl\u00f3ria, Vigorelli e ambientalistas, pode resultar em solu\u00e7\u00f5es mais equilibradas, que atendam \u00e0s necessidades de desenvolvimento sem comprometer a preserva\u00e7\u00e3o ambiental\u201d, refor\u00e7a Katia<\/p>\n\n\n\n<p>Katia Baeta destaca que a expans\u00e3o urbana, que muitas vezes vem junto com a constru\u00e7\u00e3o de grandes obras de infraestrutura, tende a causar uma degrada\u00e7\u00e3o progressiva do meio ambiente. Assim, a ponte, se n\u00e3o for planejada com um foco ambiental, pode ser o primeiro passo para um processo de urbaniza\u00e7\u00e3o descontrolada, que amplifique os problemas ecol\u00f3gicos da regi\u00e3o.<\/p>\n\n\n\n<p><strong>Alternativas sustent\u00e1veis e o uso de transporte p\u00fablico<\/strong><\/p>\n\n\n\n<p>Em meio a essas preocupa\u00e7\u00f5es, a educadora defende que a solu\u00e7\u00e3o para a mobilidade n\u00e3o precisa estar atrelada \u00e0 constru\u00e7\u00e3o de uma ponte. O uso do ferry boat, ainda que limitado em termos de efici\u00eancia, representa uma alternativa mais sustent\u00e1vel a longo prazo, sem os riscos de comprometimento ambiental associados \u00e0 constru\u00e7\u00e3o de uma ponte. Investir em solu\u00e7\u00f5es que aprimorem o sistema de transporte fluvial, com o uso de embarca\u00e7\u00f5es mais modernas e menos poluentes, poderia ser uma maneira de resolver o problema da travessia sem prejudicar o ecossistema local.<\/p>\n\n\n\n<p>Mas, recentemente, no \u00faltimo dia 19, a licita\u00e7\u00e3o para o servi\u00e7o de ferry boat entre a Vigorelli e a Vila da Gl\u00f3ria, prometida em janeiro pelo secret\u00e1rio de Estado da Infraestrutura e Mobilidade, Jerry Comper, n\u00e3o vai mais acontecer. O governo de Santa Catarina voltou atr\u00e1s e concedeu uma autoriza\u00e7\u00e3o para a F. Andreis, que realiza a travessia na regi\u00e3o h\u00e1 30 anos.<\/p>\n\n\n\n<p>&nbsp; A constru\u00e7\u00e3o dessa ponte \u00e9 um exemplo do desafio enfrentado pelas comunidades costeiras e \u00e1reas de grande biodiversidade no Brasil quando o assunto \u00e9 tentar equilibrar o desenvolvimento urbano e a expans\u00e3o do turismo com a preserva\u00e7\u00e3o do meio ambiente. Embora o projeto traga avan\u00e7os na mobilidade e no turismo local, os riscos ambientais s\u00e3o grandes e precisam ser estudados. J\u00e1 que a press\u00e3o por mais infraestrutura n\u00e3o pode se sobrepor \u00e0 necessidade de preservar a natureza, principalmente em um momento em que h\u00e1 tantos debates por um meio ambiente melhor.<\/p>\n\n\n\n<p>Para conhecer um pouco mais sobre a Ba\u00eda da Babitonga, assista ao document\u00e1rio Litoral Invis\u00edvel produzido pelas acad\u00eamicas de jornalismo Beatriz S\u00e1 e Stephanie Dumke.&nbsp;<\/p>\n\n\n\n<figure class=\"wp-block-embed is-type-video is-provider-youtube wp-block-embed-youtube wp-embed-aspect-16-9 wp-has-aspect-ratio\"><div class=\"wp-block-embed__wrapper\">\n<iframe loading=\"lazy\" title=\"Litoral Invis\u00edvel\" width=\"800\" height=\"450\" src=\"https:\/\/www.youtube.com\/embed\/DkQpOW--Erc?feature=oembed\" frameborder=\"0\" allow=\"accelerometer; autoplay; clipboard-write; encrypted-media; gyroscope; picture-in-picture; web-share\" referrerpolicy=\"strict-origin-when-cross-origin\" allowfullscreen><\/iframe>\n<\/div><\/figure>\n","protected":false},"excerpt":{"rendered":"<p>Por Stephanie Dumke e Beatriz S\u00e1&nbsp; A Ba\u00eda da Babitonga, localizada no litoral norte de Santa Catarina, \u00e9 um importante estu\u00e1rio. Suas \u00e1guas abrigam uma rica biodiversidade marinha, abrangendo uma vasta \u00e1rea de manguezais e oferecendo habitat para esp\u00e9cies amea\u00e7adas, como a toninha (Pontoporia blainvillei) e o boto cinza (Sotalia guianensis)\u200b. Historicamente, \u00e9 uma regi\u00e3o [&hellip;]<\/p>\n","protected":false},"author":1,"featured_media":16234,"comment_status":"open","ping_status":"open","sticky":true,"template":"","format":"standard","meta":{"footnotes":""},"categories":[20,127,852,1],"tags":[48,34,942,1930],"_links":{"self":[{"href":"https:\/\/revidigital.ielusc.br\/index.php\/wp-json\/wp\/v2\/posts\/16233"}],"collection":[{"href":"https:\/\/revidigital.ielusc.br\/index.php\/wp-json\/wp\/v2\/posts"}],"about":[{"href":"https:\/\/revidigital.ielusc.br\/index.php\/wp-json\/wp\/v2\/types\/post"}],"author":[{"embeddable":true,"href":"https:\/\/revidigital.ielusc.br\/index.php\/wp-json\/wp\/v2\/users\/1"}],"replies":[{"embeddable":true,"href":"https:\/\/revidigital.ielusc.br\/index.php\/wp-json\/wp\/v2\/comments?post=16233"}],"version-history":[{"count":3,"href":"https:\/\/revidigital.ielusc.br\/index.php\/wp-json\/wp\/v2\/posts\/16233\/revisions"}],"predecessor-version":[{"id":16239,"href":"https:\/\/revidigital.ielusc.br\/index.php\/wp-json\/wp\/v2\/posts\/16233\/revisions\/16239"}],"wp:featuredmedia":[{"embeddable":true,"href":"https:\/\/revidigital.ielusc.br\/index.php\/wp-json\/wp\/v2\/media\/16234"}],"wp:attachment":[{"href":"https:\/\/revidigital.ielusc.br\/index.php\/wp-json\/wp\/v2\/media?parent=16233"}],"wp:term":[{"taxonomy":"category","embeddable":true,"href":"https:\/\/revidigital.ielusc.br\/index.php\/wp-json\/wp\/v2\/categories?post=16233"},{"taxonomy":"post_tag","embeddable":true,"href":"https:\/\/revidigital.ielusc.br\/index.php\/wp-json\/wp\/v2\/tags?post=16233"}],"curies":[{"name":"wp","href":"https:\/\/api.w.org\/{rel}","templated":true}]}}