{"id":16264,"date":"2024-12-04T17:06:35","date_gmt":"2024-12-04T20:06:35","guid":{"rendered":"https:\/\/revidigital.ielusc.br\/?p=16264"},"modified":"2024-12-04T17:10:12","modified_gmt":"2024-12-04T20:10:12","slug":"jornalismo-2a-noite-de-bancas-destaca-violencia-em-escolas-e-representacao-da-regiao-norte-na-midia","status":"publish","type":"post","link":"https:\/\/revidigital.ielusc.br\/index.php\/2024\/12\/04\/jornalismo-2a-noite-de-bancas-destaca-violencia-em-escolas-e-representacao-da-regiao-norte-na-midia\/","title":{"rendered":"Jornalismo: 2\u00aa noite de bancas destaca viol\u00eancia em escolas e representa\u00e7\u00e3o da regi\u00e3o Norte na m\u00eddia"},"content":{"rendered":"\n<p><em>Por Camila Vieira, Alysson Castro e Luana Alves da Maia\u00a0<\/em><\/p>\n\n\n\n<p>At\u00e9 sexta-feira, 6 de dezembro, acontece a semana de bancas de monografia do curso de Jornalismo, na Faculdade Ielusc. Com tem\u00e1ticas diversificadas, na ter\u00e7a-feira (3) foi a vez das acad\u00eamicas Maiza Carvalho e Beatriz da Silva de S\u00e1 apresentarem seus Trabalhos de Conclus\u00e3o de Curso (TCC).&nbsp;<br>A programa\u00e7\u00e3o iniciou \u00e0s 19h com a apresenta\u00e7\u00e3o da estudante Maiza Carvalho. O tema escolhido por ela foi <strong>\u201cQuando o inesperado acontece: an\u00e1lise da cobertura do Jornal do Almo\u00e7o sobre o ataque \u00e0 creche em Blumenau\u201d<\/strong>. A apresenta\u00e7\u00e3o aconteceu diante da banca examinadora, composta pela orientadora Maiara Maduro e pelas professoras B\u00e1rbara Silva e Ge\u00f3rgia Santos. Al\u00e9m dos membros da banca, a estudante contou com a presen\u00e7a de seu esposo e de seus dois filhos na plateia.<\/p>\n\n\n\n<p>O trabalho de Maiza teve como foco a an\u00e1lise da cobertura jornal\u00edstica de trag\u00e9dias, sendo o ataque \u00e0 creche Cantinho Bom Pastor, ocorrido em Blumenau no dia 5 de abril de 2023, o evento escolhido como objeto de estudo. Na ocasi\u00e3o, as v\u00edtimas eram crian\u00e7as com idades entre 4 e 7 anos. A escolha do tema foi motivada pela forma\u00e7\u00e3o da estudante como pedagoga e por seu interesse em compreender como esse tipo de trag\u00e9dia \u00e9 abordado pelos ve\u00edculos de comunica\u00e7\u00e3o.&nbsp;<\/p>\n\n\n\n<p>Para embasar sua pesquisa, Maiza utilizou como refer\u00eancias o relat\u00f3rio sobre ataques a escolas divulgado pelo governo no ano de 2023 e a an\u00e1lise do conte\u00fado do telejornal Jornal do Almo\u00e7o, transmitido no dia do ataque. Al\u00e9m disso, foram realizadas entrevistas com tr\u00eas profissionais que participaram da cobertura do evento: Patr\u00edcia Silveira, Cristiano Gomes e T\u00falio Sales. O trabalho foi aprovado com a nota 9,5.&nbsp;<\/p>\n\n\n\n<figure class=\"wp-block-image size-full\"><img decoding=\"async\" loading=\"lazy\" width=\"900\" height=\"675\" src=\"https:\/\/revidigital.ielusc.br\/wp-content\/uploads\/2024\/12\/70138858-e38d-4041-a324-7a7872337b37.jpg\" alt=\"\" class=\"wp-image-16267\"\/><figcaption class=\"wp-element-caption\">Cr\u00e9ditos: Alysson Castro.<\/figcaption><\/figure>\n\n\n\n<p>Ap\u00f3s a apresenta\u00e7\u00e3o de Maiza, a colega de turma Beatriz de S\u00e1 realizou a defesa de sua monografia que teve como tema <strong>\u201cA representa\u00e7\u00e3o da Regi\u00e3o Norte do Brasil no Jornal Nacional&#8221;. <\/strong>Em sua pesquisa a acad\u00eamica assistiu 156 edi\u00e7\u00f5es do Jornal Nacional entre janeiro e junho de 2024. Nesse recorte Beatriz percebeu que de todas as edi\u00e7\u00f5es realizadas 46 conte\u00fados foram destinados \u00e0 Regi\u00e3o Norte do Brasil, sendo 36 reportagens completas e 10 notas cobertas.&nbsp;<\/p>\n\n\n\n<p>Uma de suas motiva\u00e7\u00f5es para a realiza\u00e7\u00e3o da monografia foi o fato da jovem estudante ser natural da Regi\u00e3o Norte, buscando mostrar as riquezas culturais presentes na regi\u00e3o, al\u00e9m de apresentar mais visibilidade e representatividade.&nbsp; Ela buscou compreender como as mat\u00e9rias jornal\u00edsticas refletem as imagens estereotipadas desta regi\u00e3o do pa\u00eds e o que v\u00eam \u00e0 cabe\u00e7a das pessoas quando pensam na Regi\u00e3o Norte.&nbsp;<\/p>\n\n\n\n<figure class=\"wp-block-image size-full\"><img decoding=\"async\" loading=\"lazy\" width=\"1200\" height=\"1600\" src=\"https:\/\/revidigital.ielusc.br\/wp-content\/uploads\/2024\/12\/unnamed-4.jpg\" alt=\"\" class=\"wp-image-16266\" srcset=\"https:\/\/revidigital.ielusc.br\/wp-content\/uploads\/2024\/12\/unnamed-4.jpg 1200w, https:\/\/revidigital.ielusc.br\/wp-content\/uploads\/2024\/12\/unnamed-4-1152x1536.jpg 1152w\" sizes=\"(max-width: 1200px) 100vw, 1200px\" \/><figcaption class=\"wp-element-caption\">Cr\u00e9ditos: Stephanie Dumke.<\/figcaption><\/figure>\n\n\n\n<p>Segundo a estudante, o desequil\u00edbrio entre reportagens positivas e negativas refor\u00e7am os estere\u00f3tipos formados sobre a regi\u00e3o e as pessoas que vivem na localidade. Em todas as reportagens analisadas, Beatriz concluiu que a cobertura do Jornal Nacional foca em pautas ambientais e observa pouco as quest\u00f5es culturais e positivas da regi\u00e3o.<\/p>\n\n\n\n<p>Um de seus objetivos foi identificar os temas e enquadramentos predominantes nas reportagens sobre a Regi\u00e3o Norte. No decorrer de sua pesquisa a estudante se debru\u00e7ou em autores como V\u00e2nia Maria Torres Costa e Glauce Christine da Silva Monteiro, que abordam a constru\u00e7\u00e3o de mat\u00e9rias da m\u00eddia sobre a regi\u00e3o da Amaz\u00f4nia e e permite identificar estere\u00f3tipos devido \u00e0s narrativas locais.<br><br>A banca examinadora da acad\u00eamica foi composta pelas mesmas professoras de Ma\u00edza, tendo como sua orientadora Maiara Maduro e as professoras Ge\u00f3rgia Santos e B\u00e1rbara Silva para avalia\u00e7\u00e3o da pesquisa. Com familiares conectados a todo momento via celular, Beatriz concluiu o curso com nota m\u00e1xima pela monografia realizada.<\/p>\n\n\n\n<figure class=\"wp-block-image size-full\"><img decoding=\"async\" loading=\"lazy\" width=\"1200\" height=\"900\" src=\"https:\/\/revidigital.ielusc.br\/wp-content\/uploads\/2024\/12\/0a76ef86-bc9f-484c-8ca8-3de8c424ec96.jpg\" alt=\"\" class=\"wp-image-16268\"\/><figcaption class=\"wp-element-caption\">&nbsp;Cr\u00e9ditos: Luana Alves da Maia.<\/figcaption><\/figure>\n\n\n\n<p>As apresenta\u00e7\u00f5es das bancas continuam ao longo da semana. Na quarta-feira (4), ser\u00e1 a vez das estudantes Lara Donnola e Luiza Helena, que apresentar\u00e3o seus respectivos trabalhos a partir das 19h.<\/p>\n","protected":false},"excerpt":{"rendered":"<p>Por Camila Vieira, Alysson Castro e Luana Alves da Maia\u00a0 At\u00e9 sexta-feira, 6 de dezembro, acontece a semana de bancas de monografia do curso de Jornalismo, na Faculdade Ielusc. Com tem\u00e1ticas diversificadas, na ter\u00e7a-feira (3) foi a vez das acad\u00eamicas Maiza Carvalho e Beatriz da Silva de S\u00e1 apresentarem seus Trabalhos de Conclus\u00e3o de Curso [&hellip;]<\/p>\n","protected":false},"author":1,"featured_media":16269,"comment_status":"open","ping_status":"open","sticky":false,"template":"","format":"standard","meta":{"footnotes":""},"categories":[24,26],"tags":[1577,57,48,34,332,1576,130],"_links":{"self":[{"href":"https:\/\/revidigital.ielusc.br\/index.php\/wp-json\/wp\/v2\/posts\/16264"}],"collection":[{"href":"https:\/\/revidigital.ielusc.br\/index.php\/wp-json\/wp\/v2\/posts"}],"about":[{"href":"https:\/\/revidigital.ielusc.br\/index.php\/wp-json\/wp\/v2\/types\/post"}],"author":[{"embeddable":true,"href":"https:\/\/revidigital.ielusc.br\/index.php\/wp-json\/wp\/v2\/users\/1"}],"replies":[{"embeddable":true,"href":"https:\/\/revidigital.ielusc.br\/index.php\/wp-json\/wp\/v2\/comments?post=16264"}],"version-history":[{"count":2,"href":"https:\/\/revidigital.ielusc.br\/index.php\/wp-json\/wp\/v2\/posts\/16264\/revisions"}],"predecessor-version":[{"id":16271,"href":"https:\/\/revidigital.ielusc.br\/index.php\/wp-json\/wp\/v2\/posts\/16264\/revisions\/16271"}],"wp:featuredmedia":[{"embeddable":true,"href":"https:\/\/revidigital.ielusc.br\/index.php\/wp-json\/wp\/v2\/media\/16269"}],"wp:attachment":[{"href":"https:\/\/revidigital.ielusc.br\/index.php\/wp-json\/wp\/v2\/media?parent=16264"}],"wp:term":[{"taxonomy":"category","embeddable":true,"href":"https:\/\/revidigital.ielusc.br\/index.php\/wp-json\/wp\/v2\/categories?post=16264"},{"taxonomy":"post_tag","embeddable":true,"href":"https:\/\/revidigital.ielusc.br\/index.php\/wp-json\/wp\/v2\/tags?post=16264"}],"curies":[{"name":"wp","href":"https:\/\/api.w.org\/{rel}","templated":true}]}}