{"id":16316,"date":"2024-12-11T14:17:59","date_gmt":"2024-12-11T17:17:59","guid":{"rendered":"https:\/\/revidigital.ielusc.br\/?p=16316"},"modified":"2024-12-11T14:18:01","modified_gmt":"2024-12-11T17:18:01","slug":"conheca-sobre-o-resgate-e-recuperacao-de-animais-silvestres-em-joinville","status":"publish","type":"post","link":"https:\/\/revidigital.ielusc.br\/index.php\/2024\/12\/11\/conheca-sobre-o-resgate-e-recuperacao-de-animais-silvestres-em-joinville\/","title":{"rendered":"Conhe\u00e7a sobre o resgate e recupera\u00e7\u00e3o de animais silvestres em Joinville"},"content":{"rendered":"\n<p><em><strong>Por Isabelle Buzzi, Julia Gava e Larissa Piske<\/strong><\/em><\/p>\n\n\n\n<p>Com apenas 50 cm de altura e cerca de 15 kg, o veado-boror\u00f3-do-sul, ou veado-de-m\u00e3o-curta, \u00e9 um animal encontrado nas regi\u00f5es Sul e Sudeste do Brasil, norte da Argentina e leste do Paraguai. No entanto, a esp\u00e9cie est\u00e1 em risco de extin\u00e7\u00e3o devido \u00e0 destrui\u00e7\u00e3o de seu habitat pelo avan\u00e7o urbano e \u00e0 valoriza\u00e7\u00e3o de sua carne, que a torna um alvo frequente dos ca\u00e7adores. Mas, foi na Vila da Gl\u00f3ria, na regi\u00e3o continental de S\u00e3o Francisco do Sul, pr\u00f3ximo \u00e0 cidade de Joinville, que um caso especial de resgate e reabilita\u00e7\u00e3o dessa esp\u00e9cie aconteceu.<\/p>\n\n\n\n<p>\u201cEle chegou pra gente bem magro, com bastante carrapato, e com alguns machucados\u201d, conta Vinicius Dalle-Court, m\u00e9dico veterin\u00e1rio. O processo de reabilita\u00e7\u00e3o do animal consistiu em curar os ferimentos localizados na \u00e1rea nasal. Na parte de alimenta\u00e7\u00e3o, o processo foi tranquilo. \u201cDesafiamos bastante o animal, escondemos e penduramos os alimentos para simular \u00e1rvores de diferentes tamanhos.\u201d<\/p>\n\n\n\n<p>Mas a conviv\u00eancia com a fauna silvestre nem sempre \u00e9 tranquila. Muitos animais acabam invadindo \u00e1reas urbanas em busca de alimento ou abrigo, enquanto outros s\u00e3o v\u00edtimas de atropelamentos ou resgates em situa\u00e7\u00f5es de perigo.<\/p>\n\n\n\n<p>A regi\u00e3o norte de Santa Catarina, al\u00e9m de sua rica cultura e paisagens urbanas, destaca-se por sua grande diversidade de animais silvestres. Inserida na Mata Atl\u00e2ntica, abriga esp\u00e9cies como gamb\u00e1s de orelha branca e preta, sabi\u00e1s, v\u00e1rias corujas, gavi\u00f5es, pumas, tamandu\u00e1s-mirins, entre muitos outros.<\/p>\n\n\n\n<p>Confira a reportagem completa:<\/p>\n\n\n\n<figure class=\"wp-block-embed is-type-video is-provider-youtube wp-block-embed-youtube wp-embed-aspect-16-9 wp-has-aspect-ratio\"><div class=\"wp-block-embed__wrapper\">\n<iframe loading=\"lazy\" title=\"Reportagem | Animais silvestres em Joinville\" width=\"800\" height=\"450\" src=\"https:\/\/www.youtube.com\/embed\/p0XgK7rXZug?feature=oembed\" frameborder=\"0\" allow=\"accelerometer; autoplay; clipboard-write; encrypted-media; gyroscope; picture-in-picture; web-share\" referrerpolicy=\"strict-origin-when-cross-origin\" allowfullscreen><\/iframe>\n<\/div><\/figure>\n","protected":false},"excerpt":{"rendered":"<p>Por Isabelle Buzzi, Julia Gava e Larissa Piske Com apenas 50 cm de altura e cerca de 15 kg, o veado-boror\u00f3-do-sul, ou veado-de-m\u00e3o-curta, \u00e9 um animal encontrado nas regi\u00f5es Sul e Sudeste do Brasil, norte da Argentina e leste do Paraguai. No entanto, a esp\u00e9cie est\u00e1 em risco de extin\u00e7\u00e3o devido \u00e0 destrui\u00e7\u00e3o de seu [&hellip;]<\/p>\n","protected":false},"author":1,"featured_media":16317,"comment_status":"open","ping_status":"open","sticky":false,"template":"","format":"standard","meta":{"footnotes":""},"categories":[852],"tags":[62,1935,594,48,942,881,1936],"_links":{"self":[{"href":"https:\/\/revidigital.ielusc.br\/index.php\/wp-json\/wp\/v2\/posts\/16316"}],"collection":[{"href":"https:\/\/revidigital.ielusc.br\/index.php\/wp-json\/wp\/v2\/posts"}],"about":[{"href":"https:\/\/revidigital.ielusc.br\/index.php\/wp-json\/wp\/v2\/types\/post"}],"author":[{"embeddable":true,"href":"https:\/\/revidigital.ielusc.br\/index.php\/wp-json\/wp\/v2\/users\/1"}],"replies":[{"embeddable":true,"href":"https:\/\/revidigital.ielusc.br\/index.php\/wp-json\/wp\/v2\/comments?post=16316"}],"version-history":[{"count":1,"href":"https:\/\/revidigital.ielusc.br\/index.php\/wp-json\/wp\/v2\/posts\/16316\/revisions"}],"predecessor-version":[{"id":16318,"href":"https:\/\/revidigital.ielusc.br\/index.php\/wp-json\/wp\/v2\/posts\/16316\/revisions\/16318"}],"wp:featuredmedia":[{"embeddable":true,"href":"https:\/\/revidigital.ielusc.br\/index.php\/wp-json\/wp\/v2\/media\/16317"}],"wp:attachment":[{"href":"https:\/\/revidigital.ielusc.br\/index.php\/wp-json\/wp\/v2\/media?parent=16316"}],"wp:term":[{"taxonomy":"category","embeddable":true,"href":"https:\/\/revidigital.ielusc.br\/index.php\/wp-json\/wp\/v2\/categories?post=16316"},{"taxonomy":"post_tag","embeddable":true,"href":"https:\/\/revidigital.ielusc.br\/index.php\/wp-json\/wp\/v2\/tags?post=16316"}],"curies":[{"name":"wp","href":"https:\/\/api.w.org\/{rel}","templated":true}]}}