{"id":16359,"date":"2024-12-17T14:08:23","date_gmt":"2024-12-17T17:08:23","guid":{"rendered":"https:\/\/revidigital.ielusc.br\/?p=16359"},"modified":"2024-12-17T14:08:24","modified_gmt":"2024-12-17T17:08:24","slug":"chegada-do-natal-mantem-tradicoes-vivas-em-joinville","status":"publish","type":"post","link":"https:\/\/revidigital.ielusc.br\/index.php\/2024\/12\/17\/chegada-do-natal-mantem-tradicoes-vivas-em-joinville\/","title":{"rendered":"Chegada do Natal mant\u00e9m tradi\u00e7\u00f5es vivas em Joinville"},"content":{"rendered":"\n<p><em>De Papai Noel dedicado \u00e0 festas tem\u00e1ticas criativas, a celebra\u00e7\u00e3o fortalece la\u00e7os e mant\u00e9m viva a ess\u00eancia natalina<\/em><\/p>\n\n\n\n<p><strong><em>Por Sarah Falc\u00e3o <\/em><\/strong><\/p>\n\n\n\n<p>Celebrado no dia 25 de dezembro, o Natal caracteriza-se como uma data que inspira gestos de solidariedade e preserva tradi\u00e7\u00f5es que mant\u00eam viva a magia da \u00e9poca. Em Joinville, a cidade d\u00e1 in\u00edcio \u00e0 programa\u00e7\u00e3o natalina com ruas enfeitadas, atra\u00e7\u00f5es culturais e eventos. Entre os protagonistas dessa celebra\u00e7\u00e3o est\u00e1 Edson Kolosque, que h\u00e1 13 anos se dedica a interpretar o Papai Noel.<\/p>\n\n\n\n<p>A hist\u00f3ria de Edson como Noel come\u00e7ou em 2011, quando foi convidado a interpretar o \u201cbom velhinho&#8221; em um musical em Itapema. Ap\u00f3s a apresenta\u00e7\u00e3o, um casal de Rio do Sul o convidou para aparecer caracterizado em sua casa na noite de Natal. Edson estipulou um valor alto, acreditando que o convite seria recusado. \u201cEles aceitaram, a\u00ed n\u00e3o tinha como eu voltar atr\u00e1s. Eles me indicaram para outros amigos. Fui em tr\u00eas ou quatro casas\u201d, lembra. Para ele, a data \u00e9 uma confraterniza\u00e7\u00e3o familiar. \u201c\u00c9 o momento em que as pessoas se doam um pouco, deixam os afazeres de lado para se visitarem, para fazer uma ceia em conjunto\u201d, diz.<\/p>\n\n\n\n<p>Por tr\u00e1s da figura ic\u00f4nica do Papai Noel, h\u00e1 uma jornada de prepara\u00e7\u00e3o que exige dedica\u00e7\u00e3o. \u201cN\u00e3o basta s\u00f3 ter uma barba branca. Tem que gostar de crian\u00e7a e saber lidar. Eu deixo a barba crescer desde junho, com bastante cuidado. Ap\u00f3s o per\u00edodo de Natal, eu tiro\u201d, revela.<\/p>\n\n\n\n<p>Hoje, Edson \u00e9 amplamente conhecido por seu trabalho e recebe in\u00fameros convites. \u201cLevo muito a s\u00e9rio o meu trabalho, tanto que eu n\u00e3o gosto que as crian\u00e7as me vejam descaracterizado. Ent\u00e3o, se eu for no est\u00fadio, eles v\u00e3o ver s\u00f3 o Papai Noel\u201d.<\/p>\n\n\n\n<h2 class=\"wp-block-heading\"><strong>Novas formas de celebrar em fam\u00edlia<\/strong><\/h2>\n\n\n\n<p>Assim como Edson mant\u00e9m viva as tradi\u00e7\u00f5es ao interpretar o Papai Noel, Rose Melo, 51, preserva o esp\u00edrito natalino dentro de casa, organizando festas tem\u00e1ticas em fam\u00edlia. \u201cTodo ano tem um tema. J\u00e1 fizemos country, havaiano, \u00e0 fantasia, n\u00e1utico, neon. \u00c9 muito legal\u201d.<\/p>\n\n\n\n<p>Ela conta que a prepara\u00e7\u00e3o come\u00e7a meses antes, com a escolha do tema, decora\u00e7\u00e3o personalizada e divis\u00e3o de tarefas. \u201cEsses momentos criam mem\u00f3rias que ficam para sempre. Organizamos o caixa da fam\u00edlia durante o ano, porque a festa \u00e9 s\u00f3 com coisa boa\u201d.<\/p>\n\n\n\n<p>Rose destaca que a ceia \u00e9 planejada para combinar com o tema. At\u00e9 as brincadeiras s\u00e3o adaptadas. \u201cNo Natal country, fizemos jogos inspirados na \u00e9poca. \u00c9 uma forma de unir a fam\u00edlia de maneira especial\u201d.<\/p>\n\n\n\n<p>Edson e Rose ilustram que o Natal vai al\u00e9m de presentes e enfeites. Enquanto Edson dedica sua vida a preservar a tradi\u00e7\u00e3o do Papai Noel, Rose refor\u00e7a que costumes familiares podem ser reinventados para tornar a data inesquec\u00edvel. Ambos acreditam que o significado da data est\u00e1 na uni\u00e3o e na constru\u00e7\u00e3o de momentos marcantes, que fortalecem os la\u00e7os e d\u00e3o \u00e2nimo para as pr\u00f3ximas edi\u00e7\u00f5es e gera\u00e7\u00f5es.<\/p>\n\n\n\n<p>\u201cSeria maravilhoso se viv\u00eassemos o esp\u00edrito do Natal todos os dias\u201d, reflete Edson. Para Rose, o segredo est\u00e1 em criar momentos \u00fanicos que celebrem as rela\u00e7\u00f5es. \u201cNo final, o que importa \u00e9 estar junto e compartilhar o amor. O Natal \u00e9 a oportunidade perfeita para isso\u201d.<\/p>\n","protected":false},"excerpt":{"rendered":"<p>De Papai Noel dedicado \u00e0 festas tem\u00e1ticas criativas, a celebra\u00e7\u00e3o fortalece la\u00e7os e mant\u00e9m viva a ess\u00eancia natalina Por Sarah Falc\u00e3o Celebrado no dia 25 de dezembro, o Natal caracteriza-se como uma data que inspira gestos de solidariedade e preserva tradi\u00e7\u00f5es que mant\u00eam viva a magia da \u00e9poca. Em Joinville, a cidade d\u00e1 in\u00edcio \u00e0 [&hellip;]<\/p>\n","protected":false},"author":1,"featured_media":16360,"comment_status":"open","ping_status":"open","sticky":false,"template":"","format":"standard","meta":{"footnotes":""},"categories":[97,1837],"tags":[1577,90,48,331,991],"_links":{"self":[{"href":"https:\/\/revidigital.ielusc.br\/index.php\/wp-json\/wp\/v2\/posts\/16359"}],"collection":[{"href":"https:\/\/revidigital.ielusc.br\/index.php\/wp-json\/wp\/v2\/posts"}],"about":[{"href":"https:\/\/revidigital.ielusc.br\/index.php\/wp-json\/wp\/v2\/types\/post"}],"author":[{"embeddable":true,"href":"https:\/\/revidigital.ielusc.br\/index.php\/wp-json\/wp\/v2\/users\/1"}],"replies":[{"embeddable":true,"href":"https:\/\/revidigital.ielusc.br\/index.php\/wp-json\/wp\/v2\/comments?post=16359"}],"version-history":[{"count":1,"href":"https:\/\/revidigital.ielusc.br\/index.php\/wp-json\/wp\/v2\/posts\/16359\/revisions"}],"predecessor-version":[{"id":16361,"href":"https:\/\/revidigital.ielusc.br\/index.php\/wp-json\/wp\/v2\/posts\/16359\/revisions\/16361"}],"wp:featuredmedia":[{"embeddable":true,"href":"https:\/\/revidigital.ielusc.br\/index.php\/wp-json\/wp\/v2\/media\/16360"}],"wp:attachment":[{"href":"https:\/\/revidigital.ielusc.br\/index.php\/wp-json\/wp\/v2\/media?parent=16359"}],"wp:term":[{"taxonomy":"category","embeddable":true,"href":"https:\/\/revidigital.ielusc.br\/index.php\/wp-json\/wp\/v2\/categories?post=16359"},{"taxonomy":"post_tag","embeddable":true,"href":"https:\/\/revidigital.ielusc.br\/index.php\/wp-json\/wp\/v2\/tags?post=16359"}],"curies":[{"name":"wp","href":"https:\/\/api.w.org\/{rel}","templated":true}]}}