{"id":16422,"date":"2025-03-26T13:11:56","date_gmt":"2025-03-26T16:11:56","guid":{"rendered":"https:\/\/revidigital.ielusc.br\/?p=16422"},"modified":"2025-03-26T13:11:57","modified_gmt":"2025-03-26T16:11:57","slug":"lancamento-de-licitacao-do-transporte-coletivo-de-joinville-tem-previsao-para-agosto","status":"publish","type":"post","link":"https:\/\/revidigital.ielusc.br\/index.php\/2025\/03\/26\/lancamento-de-licitacao-do-transporte-coletivo-de-joinville-tem-previsao-para-agosto\/","title":{"rendered":"Lan\u00e7amento de licita\u00e7\u00e3o do transporte coletivo de Joinville tem previs\u00e3o para agosto"},"content":{"rendered":"\n<p class=\"has-text-align-left\"><em>Documentos est\u00e3o sendo avaliados pelo Tribunal de Contas do Estado (TCE-SC)<\/em><\/p>\n\n\n\n<p><em>Por Edilson Alves<\/em><\/p>\n\n\n\n<p> \u00a0A minuta do edital de licita\u00e7\u00e3o do transporte coletivo de Joinville e seus respectivos anexos, foram protocolados junto ao TCE-SC no dia 13 deste m\u00eas.\u00a0\u00a0<\/p>\n\n\n\n<p>&nbsp;&nbsp;Segundo o prefeito Adriano Silva, o trabalho de elabora\u00e7\u00e3o dos documentos contou com o apoio de diversas secretarias e seus servidores. \u201cFoi a mais complexa licita\u00e7\u00e3o da hist\u00f3ria&nbsp; da Prefeitura de Joinville\u201d, afirmou Adriano.<\/p>\n\n\n\n<p>&nbsp;&nbsp;A popula\u00e7\u00e3o tamb\u00e9m contribuiu na elabora\u00e7\u00e3o do edital por meio de audi\u00eancias p\u00fablicas. Atualmente duas empresas det\u00e9m a concess\u00e3o do transporte em Joinville, a Transtusa fundada em 1963 e a Gidion fundada em 1967.<\/p>\n\n\n\n<p>\u00a0\u00a0No total as duas empresas contam com cerca de 370 \u00f4nibus em opera\u00e7\u00e3o, o atual sistema \u00e9 um modelo tronco-alimentador com terminais fechados, integra\u00e7\u00e3o f\u00edsica e integra\u00e7\u00e3o temporal. As linhas est\u00e3o divididas entre as duas empresas, tendo tamb\u00e9m algumas linhas operadas por ambas em conjunto.\u00a0\u00a0<\/p>\n\n\n\n<p><strong>Pr\u00f3ximo passo&nbsp;<\/strong><\/p>\n\n\n\n<p><strong>&nbsp;<\/strong>De acordo com o chefe do executivo, o TCE-SC far\u00e1 as considera\u00e7\u00f5es que entender serem necess\u00e1rias e ap\u00f3s isso devolver\u00e1 o processo para que o munic\u00edpio fa\u00e7a ajustes caso haja necessidade. Devido ser uma licita\u00e7\u00e3o grande e muito complexa, uma das exig\u00eancias legais do processo \u00e9 que o TCE fa\u00e7a essa valida\u00e7\u00e3o antes que o edital seja publicado.&nbsp;<\/p>\n\n\n\n<p>\u00a0\u00a0Assim que os documentos retornarem ao munic\u00edpio, a prefeitura providenciar\u00e1 os devidos ajustes para que o edital esteja apto a ser publicado.<\/p>\n\n\n<div class=\"wp-block-image\">\n<figure class=\"aligncenter size-full is-resized\"><img decoding=\"async\" loading=\"lazy\" src=\"https:\/\/revidigital.ielusc.br\/wp-content\/uploads\/2025\/03\/ONIBUS-TRANSTUSA-1.jpg\" alt=\"\" class=\"wp-image-16426\" style=\"width:473px;height:270px\" width=\"473\" height=\"270\" srcset=\"https:\/\/revidigital.ielusc.br\/wp-content\/uploads\/2025\/03\/ONIBUS-TRANSTUSA-1.jpg 2048w, https:\/\/revidigital.ielusc.br\/wp-content\/uploads\/2025\/03\/ONIBUS-TRANSTUSA-1-1536x878.jpg 1536w\" sizes=\"(max-width: 473px) 100vw, 473px\" \/><figcaption class=\"wp-element-caption\">Transporte coletivo de Joinville<\/figcaption><\/figure><\/div>\n\n\n<p><strong>Novo sistema de mobilidade<\/strong><\/p>\n\n\n\n<p>O Sistema de Mobilidade de Joinville (Simob) \u00e9 o nome dado ao novo modelo do transporte coletivo da cidade. Esse sistema foi apresentado pela prefeitura em agosto de 2023. Ser\u00e1 um sistema moderno, que propiciar\u00e1 o aumento no n\u00famero de viagens e contar\u00e1 tamb\u00e9m com inova\u00e7\u00f5es tecnol\u00f3gicas que ir\u00e3o proporcionar conforto aos usu\u00e1rios.&nbsp;&nbsp;&nbsp;<\/p>\n\n\n\n<p>De acordo com a prefeitura, o Sistema de Mobilidade de Joinville \u00e9 dividido em quatro eixos: mobilidade, infraestrutura, tecnologia e transpar\u00eancia. Sua principal fun\u00e7\u00e3o \u00e9 oferecer ao joinvilense um sistema que facilite o deslocamento entre as diferentes regi\u00f5es da cidade, prevendo pontualidade, aumento na quantidade de viagens, e diferentes recursos tecnol\u00f3gicos que v\u00e3o aumentar a seguran\u00e7a tanto dos passageiros quanto dos profissionais.\u00a0<\/p>\n\n\n\n<p>Entre as melhorias, est\u00e3o previstos wi-fi, monitoramento com c\u00e2meras e ar-condicionado em todos os ve\u00edculos, reforma completa dos terminais de \u00f4nibus e manuten\u00e7\u00e3o dos abrigos para passageiros.&nbsp;<\/p>\n\n\n\n<p>&nbsp;&nbsp;Em rela\u00e7\u00e3o a bilhetagem, a moderniza\u00e7\u00e3o prev\u00ea biometria, QR-Code, integra\u00e7\u00e3o sem necessariamente entrar no terminal, sistema antifraude e possibilidade de valor promocional.<\/p>\n\n\n\n<p>\u00a0\u00a0Por fim, o eixo transpar\u00eancia trar\u00e1 a cria\u00e7\u00e3o de uma Central de Controle Operacional (CCO) com informa\u00e7\u00f5es e imagens ao vivo, avalia\u00e7\u00e3o frequente da qualidade do servi\u00e7o por meio de indicadores e um plano de prazos e metas para a mudan\u00e7a da matriz energ\u00e9tica.<\/p>\n\n\n<div class=\"wp-block-image\">\n<figure class=\"aligncenter size-full\"><img decoding=\"async\" loading=\"lazy\" width=\"608\" height=\"272\" src=\"https:\/\/revidigital.ielusc.br\/wp-content\/uploads\/2025\/03\/ejgqyjyc.png\" alt=\"\" class=\"wp-image-16429\"\/><figcaption class=\"wp-element-caption\">Cr\u00e9dito: acervo empresa Gidion<\/figcaption><\/figure><\/div>","protected":false},"excerpt":{"rendered":"<p>Documentos est\u00e3o sendo avaliados pelo Tribunal de Contas do Estado (TCE-SC) Por Edilson Alves \u00a0A minuta do edital de licita\u00e7\u00e3o do transporte coletivo de Joinville e seus respectivos anexos, foram protocolados junto ao TCE-SC no dia 13 deste m\u00eas.\u00a0\u00a0 &nbsp;&nbsp;Segundo o prefeito Adriano Silva, o trabalho de elabora\u00e7\u00e3o dos documentos contou com o apoio de [&hellip;]<\/p>\n","protected":false},"author":1,"featured_media":16423,"comment_status":"open","ping_status":"open","sticky":false,"template":"","format":"standard","meta":{"footnotes":""},"categories":[97,20,1964],"tags":[1577,48,1966,1967,1733,1965,1969,1968],"_links":{"self":[{"href":"https:\/\/revidigital.ielusc.br\/index.php\/wp-json\/wp\/v2\/posts\/16422"}],"collection":[{"href":"https:\/\/revidigital.ielusc.br\/index.php\/wp-json\/wp\/v2\/posts"}],"about":[{"href":"https:\/\/revidigital.ielusc.br\/index.php\/wp-json\/wp\/v2\/types\/post"}],"author":[{"embeddable":true,"href":"https:\/\/revidigital.ielusc.br\/index.php\/wp-json\/wp\/v2\/users\/1"}],"replies":[{"embeddable":true,"href":"https:\/\/revidigital.ielusc.br\/index.php\/wp-json\/wp\/v2\/comments?post=16422"}],"version-history":[{"count":1,"href":"https:\/\/revidigital.ielusc.br\/index.php\/wp-json\/wp\/v2\/posts\/16422\/revisions"}],"predecessor-version":[{"id":16430,"href":"https:\/\/revidigital.ielusc.br\/index.php\/wp-json\/wp\/v2\/posts\/16422\/revisions\/16430"}],"wp:featuredmedia":[{"embeddable":true,"href":"https:\/\/revidigital.ielusc.br\/index.php\/wp-json\/wp\/v2\/media\/16423"}],"wp:attachment":[{"href":"https:\/\/revidigital.ielusc.br\/index.php\/wp-json\/wp\/v2\/media?parent=16422"}],"wp:term":[{"taxonomy":"category","embeddable":true,"href":"https:\/\/revidigital.ielusc.br\/index.php\/wp-json\/wp\/v2\/categories?post=16422"},{"taxonomy":"post_tag","embeddable":true,"href":"https:\/\/revidigital.ielusc.br\/index.php\/wp-json\/wp\/v2\/tags?post=16422"}],"curies":[{"name":"wp","href":"https:\/\/api.w.org\/{rel}","templated":true}]}}