{"id":16517,"date":"2025-05-07T15:31:14","date_gmt":"2025-05-07T18:31:14","guid":{"rendered":"https:\/\/revidigital.ielusc.br\/?p=16517"},"modified":"2025-05-07T15:37:11","modified_gmt":"2025-05-07T18:37:11","slug":"thunderbolts-as-vezes-menos-e-mais","status":"publish","type":"post","link":"https:\/\/revidigital.ielusc.br\/index.php\/2025\/05\/07\/thunderbolts-as-vezes-menos-e-mais\/","title":{"rendered":"Thunderbolts* \u2013 \u00c0s vezes, menos \u00e9 mais!*"},"content":{"rendered":"\n<p><em>Resenha cr\u00edtica por Guilherme Beck Scolari<\/em><\/p>\n\n\n\n<p>Thunderbolts* \u00e9 um filme que n\u00e3o possui personagens famosos como Capit\u00e3o Am\u00e9rica e Homem-Aranha em seu elenco. Na verdade, o est\u00fadio parece ter reunido os personagens mais \u201cmequetrefes\u201d de seu universo em um \u00fanico filme. Surpreendentemente, ap\u00f3s diversas produ\u00e7\u00f5es duvidosas, o longa consegue se provar como uma \u00f3tima op\u00e7\u00e3o de entretenimento, sendo um passo na dire\u00e7\u00e3o certa da Marvel Studios para restabelecer a confian\u00e7a do p\u00fablico.<\/p>\n\n\n\n<p>A proposta de Thunderbolts* por si s\u00f3 n\u00e3o \u00e9 muito original. A ideia de colocar personagens disfuncionais, com um compasso moral duvidoso, para realizarem uma miss\u00e3o imposs\u00edvel j\u00e1 foi vista diversas vezes. O grande diferencial, desta vez, \u00e9 a maneira como a hist\u00f3ria \u00e9 contada \u2013 utilizando-se de uma boa dose de humor auto indulgente e de uma cr\u00edtica ao pr\u00f3prio g\u00eanero de her\u00f3is como motores para sua aventura.<\/p>\n\n\n\n<p>Tematicamente, Thunderbolts* aborda temas voltados para a sa\u00fade mental a fim de cativar seu p\u00fablico. Rotinas exaustivas, falta de reconhecimento, saudosismo e o profundo vazio existente em cada um de n\u00f3s s\u00e3o alguns dos principais t\u00f3picos que o longa busca explorar \u2013 enriquecendo um roteiro recheado de a\u00e7\u00e3o e momentos divertidos.<\/p>\n\n\n\n<p>A dire\u00e7\u00e3o entende que o elenco, embora talentoso, ainda n\u00e3o se provou para o grande p\u00fablico \u2013 ao menos n\u00e3o interpretando personagens da \u201cliga C\u201d da Marvel. Assim, o filme busca tirar vantagem do carisma dos int\u00e9rpretes, al\u00e9m das inventivas cenas de a\u00e7\u00e3o, para dar ritmo \u00e0 narrativa \u2013 aprofundando-se na psicologia de personagens que antes mal passavam de arqu\u00e9tipos. E, ainda que n\u00e3o haja o mesmo n\u00edvel de desenvolvimento para todos, o crescimento do grupo, embora clich\u00ea, serve muito bem \u00e0 hist\u00f3ria.<\/p>\n\n\n\n<p>No campo das atua\u00e7\u00f5es, Florence Pugh finalmente parece ter encontrado o tom ideal para Yelena Belova, aproveitando o bom roteiro e o protagonismo de sua personagem para entregar uma performance multifacetada e cativante \u2013 conseguindo, na humilde opini\u00e3o deste cr\u00edtico, preencher o espa\u00e7o deixado por Scarlett Johansson. Lewis Pullman tamb\u00e9m ganha destaque com um personagem comicamente perdido \u2013 ainda que haja espa\u00e7o para ele se desenvolver mais como Bob, ele \u00e9 uma boa surpresa positiva durante o longa. Em rela\u00e7\u00e3o ao restante do elenco, David Harbour parece estar se divertindo com seu personagem, embora entregue mais do mesmo j\u00e1 visto em Vi\u00fava Negra. Sebastian Stan j\u00e1 est\u00e1 mais do que acostumado a interpretar Bucky Barnes \u2013 mas aqui protagoniza uma das melhores cenas de a\u00e7\u00e3o com seu personagem desde Capit\u00e3o Am\u00e9rica: O Soldado Invernal.<\/p>\n\n\n\n<p>Outro aspecto agrad\u00e1vel em Thunderbolts* \u00e9 a integra\u00e7\u00e3o entre efeitos especiais, coreografias e efeitos pr\u00e1ticos, tornando percept\u00edvel o cuidado aos detalhes na concep\u00e7\u00e3o visual do longa. Planos longos durante as lutas, \u00e2ngulos inventivos e ousados s\u00e3o apenas alguns dos triunfos de Jake Schreier na cadeira de dire\u00e7\u00e3o. \u00c9 um tremendo al\u00edvio ver um filme de her\u00f3is que n\u00e3o abusa de tela verde para a composi\u00e7\u00e3o de absolutamente todos os cen\u00e1rios!<\/p>\n\n\n\n<p>Portanto, n\u00e3o apenas recomendo muito que Thunderbolts* seja visto nos cinemas, como tamb\u00e9m reconhe\u00e7o que \u00e9 uma grata surpresa no calend\u00e1rio hollywoodiano de 2025, mostrando, novamente, o poder de bons contadores de hist\u00f3rias independente dos personagens a eles disponibilizados.<\/p>\n\n\n<div class=\"wp-block-image\">\n<figure class=\"aligncenter size-full is-resized\"><img decoding=\"async\" loading=\"lazy\" src=\"https:\/\/revidigital.ielusc.br\/wp-content\/uploads\/2025\/05\/1.png\" alt=\"\" class=\"wp-image-16518\" style=\"width:452px;height:460px\" width=\"452\" height=\"460\" srcset=\"https:\/\/revidigital.ielusc.br\/wp-content\/uploads\/2025\/05\/1.png 1536w, https:\/\/revidigital.ielusc.br\/wp-content\/uploads\/2025\/05\/1-1512x1536.png 1512w\" sizes=\"(max-width: 452px) 100vw, 452px\" \/><figcaption class=\"wp-element-caption\"><br>Cr\u00e9ditos da Imagem: Marvel Studios<br><br><\/figcaption><\/figure><\/div>\n\n\n<p>                                                       <\/p>\n","protected":false},"excerpt":{"rendered":"<p>Resenha cr\u00edtica por Guilherme Beck Scolari Thunderbolts* \u00e9 um filme que n\u00e3o possui personagens famosos como Capit\u00e3o Am\u00e9rica e Homem-Aranha em seu elenco. Na verdade, o est\u00fadio parece ter reunido os personagens mais \u201cmequetrefes\u201d de seu universo em um \u00fanico filme. Surpreendentemente, ap\u00f3s diversas produ\u00e7\u00f5es duvidosas, o longa consegue se provar como uma \u00f3tima op\u00e7\u00e3o [&hellip;]<\/p>\n","protected":false},"author":1,"featured_media":16519,"comment_status":"open","ping_status":"open","sticky":false,"template":"","format":"standard","meta":{"footnotes":""},"categories":[20,4,1990,1580,1598],"tags":[269,1976,270,1577,90,1625,34,1309],"_links":{"self":[{"href":"https:\/\/revidigital.ielusc.br\/index.php\/wp-json\/wp\/v2\/posts\/16517"}],"collection":[{"href":"https:\/\/revidigital.ielusc.br\/index.php\/wp-json\/wp\/v2\/posts"}],"about":[{"href":"https:\/\/revidigital.ielusc.br\/index.php\/wp-json\/wp\/v2\/types\/post"}],"author":[{"embeddable":true,"href":"https:\/\/revidigital.ielusc.br\/index.php\/wp-json\/wp\/v2\/users\/1"}],"replies":[{"embeddable":true,"href":"https:\/\/revidigital.ielusc.br\/index.php\/wp-json\/wp\/v2\/comments?post=16517"}],"version-history":[{"count":2,"href":"https:\/\/revidigital.ielusc.br\/index.php\/wp-json\/wp\/v2\/posts\/16517\/revisions"}],"predecessor-version":[{"id":16523,"href":"https:\/\/revidigital.ielusc.br\/index.php\/wp-json\/wp\/v2\/posts\/16517\/revisions\/16523"}],"wp:featuredmedia":[{"embeddable":true,"href":"https:\/\/revidigital.ielusc.br\/index.php\/wp-json\/wp\/v2\/media\/16519"}],"wp:attachment":[{"href":"https:\/\/revidigital.ielusc.br\/index.php\/wp-json\/wp\/v2\/media?parent=16517"}],"wp:term":[{"taxonomy":"category","embeddable":true,"href":"https:\/\/revidigital.ielusc.br\/index.php\/wp-json\/wp\/v2\/categories?post=16517"},{"taxonomy":"post_tag","embeddable":true,"href":"https:\/\/revidigital.ielusc.br\/index.php\/wp-json\/wp\/v2\/tags?post=16517"}],"curies":[{"name":"wp","href":"https:\/\/api.w.org\/{rel}","templated":true}]}}