{"id":16634,"date":"2025-05-29T15:51:49","date_gmt":"2025-05-29T18:51:49","guid":{"rendered":"https:\/\/revidigital.ielusc.br\/?p=16634"},"modified":"2025-05-29T15:59:47","modified_gmt":"2025-05-29T18:59:47","slug":"entre-rodopios-e-sonhos-stella-a-pequena-bailarina-que-mira-a-russia","status":"publish","type":"post","link":"https:\/\/revidigital.ielusc.br\/index.php\/2025\/05\/29\/entre-rodopios-e-sonhos-stella-a-pequena-bailarina-que-mira-a-russia\/","title":{"rendered":"Entre rodopios e sonhos: Stella, a pequena bailarina que mira a R\u00fassia"},"content":{"rendered":"\n<p><em>Por Stefani Junge e Sarah Falc\u00e3o\u00a0<\/em><\/p>\n\n\n\n<p>O coque bem preso no alto da cabe\u00e7a, a malha rosada alinhada e a postura impec\u00e1vel, nem parece que Stella Junge tem apenas 10 anos. Ao observar a menina entrar no est\u00fadio de ballet, \u00e9 f\u00e1cil esquecer sua pouca idade. H\u00e1 uma seriedade e compromisso em seus gestos, uma dedica\u00e7\u00e3o que vai al\u00e9m do l\u00fadico. Quando ela sorri, o brilho infantil reaparece. \u201cEu amo dan\u00e7ar. \u00c9 como se eu pudesse voar\u201d, diz, com os olhos vivos.<\/p>\n\n\n\n<p>Stella iniciou sua trajet\u00f3ria na dan\u00e7a aos quatro anos, quando teve seu primeiro contato com a primeira apresenta\u00e7\u00e3o. \u201cEu vi um espet\u00e1culo de ballet com a minha m\u00e3e e fiquei encantada. Queria ser como aquelas bailarinas que pareciam flutuar.\u201d Desde ent\u00e3o, a dan\u00e7a virou parte da rotina e do cora\u00e7\u00e3o da pequena artista.<\/p>\n\n\n<div class=\"wp-block-image\">\n<figure class=\"aligncenter size-full is-resized\"><img decoding=\"async\" loading=\"lazy\" src=\"https:\/\/revidigital.ielusc.br\/wp-content\/uploads\/2025\/05\/WhatsApp-Image-2025-05-26-at-17.12.54.jpeg\" alt=\"\" class=\"wp-image-16636\" style=\"width:370px;height:374px\" width=\"370\" height=\"374\"\/><figcaption class=\"wp-element-caption\">Foto: Stefani Junge<\/figcaption><\/figure><\/div>\n\n\n<p>A rotina n\u00e3o \u00e9 leve. Duas vezes por semana, ela treina no est\u00fadio Cl\u00e1udia Ramalho, em Joinville, cidade conhecida por abrigar a \u00fanica filial do Teatro Bolshoi fora da R\u00fassia. Stella integrou o Bolshoi Preparat\u00f3rio, programa que prepara jovens talentos para os desafios da dan\u00e7a cl\u00e1ssica. \u201cFoi m\u00e1gico, mas tamb\u00e9m puxado\u201d, conta. \u201cA gente aprende a ter disciplina e a cuidar de cada detalhe.\u201d<\/p>\n\n\n\n<p>Durante a entrevista, Stella ajeita a sapatilha com delicadeza. A voz \u00e9 doce, mas firme. Ela come\u00e7a a usar sapatilhas de ponta, um marco na trajet\u00f3ria de qualquer bailarina. \u201cNo come\u00e7o, doeu um pouco. Mas \u00e9 uma dor boa, sabe? \u00c9 como se eu estivesse ficando mais pr\u00f3xima do meu sonho.\u201d<\/p>\n\n\n\n<p>Esse sonho tem um endere\u00e7o: R\u00fassia. Mais precisamente, as grandes companhias como o Bolshoi e o Mariinsky. \u201cQuero estudar l\u00e1 um dia. A R\u00fassia \u00e9 o ber\u00e7o do ballet. Tudo come\u00e7ou l\u00e1, com aquelas coreografias lindas e escolas que formam as melhores bailarinas do mundo.\u201d A menina fala com propriedade, fruto de muitas horas assistindo v\u00eddeos e pesquisando sobre a dan\u00e7a cl\u00e1ssica.<\/p>\n\n\n<div class=\"wp-block-image\">\n<figure class=\"aligncenter size-full is-resized\"><img decoding=\"async\" loading=\"lazy\" src=\"https:\/\/revidigital.ielusc.br\/wp-content\/uploads\/2025\/05\/WhatsApp-Image-2025-05-26-at-17.12.56.jpeg\" alt=\"\" class=\"wp-image-16637\" style=\"width:361px;height:540px\" width=\"361\" height=\"540\"\/><figcaption class=\"wp-element-caption\">Foto: Stefani Junge<\/figcaption><\/figure><\/div>\n\n\n<p>Ao recordar sua primeira apresenta\u00e7\u00e3o, os olhos de Stella brilham. \u201cEu estava nervosa, mas quando entrei no palco, senti que era o meu lugar. Eu lembro das luzes, do figurino\u2026 foi como um sonho.\u201d Ela sorri, encostando as m\u00e3os nos joelhos, como se ainda pudesse ouvir os aplausos.<\/p>\n\n\n\n<p>Mas nem tudo s\u00e3o flores. \u201c\u00c0s vezes, fico cansada ou me frustro quando n\u00e3o consigo fazer um movimento. Mas a\u00ed lembro que cada erro \u00e9 um passo pra melhorar. Minha professora sempre fala isso.\u201d<\/p>\n\n\n\n<p>A fam\u00edlia \u00e9 um pilar importante nessa trajet\u00f3ria. \u201cA minha m\u00e3e me leva nos ensaios, me ajuda com os figurinos\u2026 e minha fam\u00edlia sempre assiste \u00e0s apresenta\u00e7\u00f5es. Eles acreditam em mim.\u201d Quando n\u00e3o est\u00e1 no est\u00fadio, Stella gosta de desenhar, brincar e ouvir m\u00fasicas cl\u00e1ssicas. \u201cMas a dan\u00e7a \u00e9 o que eu mais amo.\u201d&nbsp;<\/p>\n\n\n\n<p>Apesar da pouca idade, ela fala da carreira com a maturidade de quem j\u00e1 entende que o sucesso exige esfor\u00e7o. \u201cQuero dan\u00e7ar nos grandes palcos, mas tamb\u00e9m quero inspirar outras meninas. Mostrar que, mesmo pequena, a gente pode sonhar alto.\u201d Ela se posiciona com leveza, faz uma pirueta e para com precis\u00e3o. O gesto \u00e9 t\u00e9cnico, mas h\u00e1 algo m\u00e1gico. Stella n\u00e3o dan\u00e7a apenas com os p\u00e9s, dan\u00e7a com os olhos, com o sorriso, com a alma.<\/p>\n","protected":false},"excerpt":{"rendered":"<p>Por Stefani Junge e Sarah Falc\u00e3o\u00a0 O coque bem preso no alto da cabe\u00e7a, a malha rosada alinhada e a postura impec\u00e1vel, nem parece que Stella Junge tem apenas 10 anos. Ao observar a menina entrar no est\u00fadio de ballet, \u00e9 f\u00e1cil esquecer sua pouca idade. H\u00e1 uma seriedade e compromisso em seus gestos, uma [&hellip;]<\/p>\n","protected":false},"author":1,"featured_media":16635,"comment_status":"open","ping_status":"open","sticky":false,"template":"","format":"standard","meta":{"footnotes":""},"categories":[97,88,20,4,2007,2020,26],"tags":[1577,90,197,108,57,48,34,1576],"_links":{"self":[{"href":"https:\/\/revidigital.ielusc.br\/index.php\/wp-json\/wp\/v2\/posts\/16634"}],"collection":[{"href":"https:\/\/revidigital.ielusc.br\/index.php\/wp-json\/wp\/v2\/posts"}],"about":[{"href":"https:\/\/revidigital.ielusc.br\/index.php\/wp-json\/wp\/v2\/types\/post"}],"author":[{"embeddable":true,"href":"https:\/\/revidigital.ielusc.br\/index.php\/wp-json\/wp\/v2\/users\/1"}],"replies":[{"embeddable":true,"href":"https:\/\/revidigital.ielusc.br\/index.php\/wp-json\/wp\/v2\/comments?post=16634"}],"version-history":[{"count":3,"href":"https:\/\/revidigital.ielusc.br\/index.php\/wp-json\/wp\/v2\/posts\/16634\/revisions"}],"predecessor-version":[{"id":16641,"href":"https:\/\/revidigital.ielusc.br\/index.php\/wp-json\/wp\/v2\/posts\/16634\/revisions\/16641"}],"wp:featuredmedia":[{"embeddable":true,"href":"https:\/\/revidigital.ielusc.br\/index.php\/wp-json\/wp\/v2\/media\/16635"}],"wp:attachment":[{"href":"https:\/\/revidigital.ielusc.br\/index.php\/wp-json\/wp\/v2\/media?parent=16634"}],"wp:term":[{"taxonomy":"category","embeddable":true,"href":"https:\/\/revidigital.ielusc.br\/index.php\/wp-json\/wp\/v2\/categories?post=16634"},{"taxonomy":"post_tag","embeddable":true,"href":"https:\/\/revidigital.ielusc.br\/index.php\/wp-json\/wp\/v2\/tags?post=16634"}],"curies":[{"name":"wp","href":"https:\/\/api.w.org\/{rel}","templated":true}]}}