{"id":16642,"date":"2025-06-02T17:27:34","date_gmt":"2025-06-02T20:27:34","guid":{"rendered":"https:\/\/revidigital.ielusc.br\/?p=16642"},"modified":"2025-06-02T17:27:36","modified_gmt":"2025-06-02T20:27:36","slug":"curso-de-jornalismo-garante-vaga-na-final-da-expocom-sul-com-duas-producoes","status":"publish","type":"post","link":"https:\/\/revidigital.ielusc.br\/index.php\/2025\/06\/02\/curso-de-jornalismo-garante-vaga-na-final-da-expocom-sul-com-duas-producoes\/","title":{"rendered":"Curso de Jornalismo garante vaga na final da Expocom Sul com duas produ\u00e7\u00f5es"},"content":{"rendered":"\n<p>Ambos os projetos abordam relevantes pautas ambientais<\/p>\n\n\n\n<p><em>Por: Camila Schatzmann Gomes<\/em><\/p>\n\n\n\n<p>&nbsp;&nbsp;Para estudantes da \u00e1rea de comunica\u00e7\u00e3o, a Exposi\u00e7\u00e3o de Pesquisa Experimental em Comunica\u00e7\u00e3o (Expocom) \u00e9 uma das premia\u00e7\u00f5es mais relevantes para o portf\u00f3lio acad\u00eamico e profissional. A mostra integra a programa\u00e7\u00e3o da Intercom Sul, maior congresso regional de comunica\u00e7\u00e3o, e serve como etapa classificat\u00f3ria para o Congresso Brasileiro de Ci\u00eancias da Comunica\u00e7\u00e3o, o Intercom Nacional.&nbsp;<\/p>\n\n\n\n<p>&nbsp;&nbsp;Na edi\u00e7\u00e3o deste ano, carregando pautas direcionadas ao meio ambiente, duas produ\u00e7\u00f5es feitas em sala, por acad\u00eamicos de Jornalismo da Faculdade Ielusc, marcam presen\u00e7a entre os finalistas da etapa regional.<\/p>\n\n\n\n<p>&nbsp;&nbsp;A Intercom Sul 2025 j\u00e1 tem local e data marcada, pela segunda vez o evento ser\u00e1 sediado pela Universidade Comunit\u00e1ria da Regi\u00e3o de Chapec\u00f3 (Unochapec\u00f3) e acontecer\u00e1 de 3 ao dia 5 de julho. O evento reunir\u00e1 estudantes de gradua\u00e7\u00e3o e p\u00f3s-gradua\u00e7\u00e3o, docentes e profissionais de Santa Catarina, Paran\u00e1 e Rio Grande do Sul. O cronograma conta com mesas-redondas, oficinas e minicursos com especialistas, confer\u00eancias, entre outras atividades que devem agregar aos \u00e2mbitos profissionais e acad\u00eamicos dos participantes.<\/p>\n\n\n\n<p>&nbsp;&nbsp;Trazendo a tem\u00e1tica \u201c(Re)pensar a Comunica\u00e7\u00e3o como Campo de Conhecimento, Forma\u00e7\u00e3o e Pr\u00e1ticas Profissionais\u201d, a 24\u00b0 edi\u00e7\u00e3o da Intercom regional oferece aos trabalhos selecionados n\u00e3o apenas visibilidade, mas tamb\u00e9m a oportunidade de avan\u00e7ar para a etapa nacional, disputando com produ\u00e7\u00f5es de todo o pa\u00eds.<\/p>\n\n\n\n<p><strong>EcoCiclo e Horizonte em Chamas<\/strong><\/p>\n\n\n\n<p>&nbsp;&nbsp;Neste ano, dois trabalhos acad\u00eamicos da Faculdade Ielusc foram selecionados como finalistas da Expocom, ambos trazendo em pauta quest\u00f5es ambientais relevantes para a sociedade.<\/p>\n\n\n\n<p>\u00a0\u00a0Na categoria Reportagem Long Form, a reportagem \u201cHorizonte em Chamas\u201d foi indicada. O trabalho foi desenvolvido pelos acad\u00eamicos de Jornalismo da 7\u00b0 fase sob orienta\u00e7\u00e3o do docente Hendryo Andr\u00e9. A produ\u00e7\u00e3o aborda o avan\u00e7o das queimadas e os impactos das mudan\u00e7as clim\u00e1ticas no Brasil, conectando diferentes regi\u00f5es do pa\u00eds por meio de entrevistas e dados.<\/p>\n\n\n\n<p>\u00a0\u00a0\u201cDesenvolvemos a reportagem em uma mat\u00e9ria de jornalismo digital do Hendryo. Eles propuseram uma atividade em que os grupos deveriam escolher pautas atuais mas que pudessem ser desdobradas futuramente. Como a quest\u00e3o das queimadas e mudan\u00e7as clim\u00e1ticas estava em alta, fomos por esse caminho. Acredito que escolhemos um tema interessante e tivemos fontes interessantes tamb\u00e9m\u201d, relata a veterana Larissa Maia. \u201cQuando o resultado saiu o grupo estava quase todo completo junto, foi bem legal. Eu fiquei bem feliz com o resultado, foi um trabalho bem empenhado, pesquisado e teve uma produ\u00e7\u00e3o bem bacana. \u00c9 sempre um desafio pensar em uma pauta de meio ambiente cativante. Mas, em grupo, estamos felizes e orgulhosos. J\u00e1 \u00e9 uma vit\u00f3ria ser finalista.\u201d<\/p>\n\n\n<div class=\"wp-block-image\">\n<figure class=\"aligncenter size-full is-resized\"><img decoding=\"async\" loading=\"lazy\" src=\"https:\/\/revidigital.ielusc.br\/wp-content\/uploads\/2025\/06\/WhatsApp-Image-2025-06-02-at-16.32.21-scaled.jpeg\" alt=\"\" class=\"wp-image-16647\" style=\"width:488px;height:366px\" width=\"488\" height=\"366\" srcset=\"https:\/\/revidigital.ielusc.br\/wp-content\/uploads\/2025\/06\/WhatsApp-Image-2025-06-02-at-16.32.21-scaled.jpeg 2560w, https:\/\/revidigital.ielusc.br\/wp-content\/uploads\/2025\/06\/WhatsApp-Image-2025-06-02-at-16.32.21-1536x1152.jpeg 1536w, https:\/\/revidigital.ielusc.br\/wp-content\/uploads\/2025\/06\/WhatsApp-Image-2025-06-02-at-16.32.21-2048x1536.jpeg 2048w\" sizes=\"(max-width: 488px) 100vw, 488px\" \/><figcaption class=\"wp-element-caption\">Acad\u00eamicos da 7\u00b0 fase: Caroline de Apolin\u00e1rio, Camila Bosco, Larissa Hirt, Leonardo Budal, Luiza Rodrigues<\/figcaption><\/figure><\/div>\n\n\n<p>&nbsp;&nbsp;Na categoria Produ\u00e7\u00e3o Jornal\u00edstica para Redes Sociais, o destaque&nbsp; \u00e9 para a webs\u00e9rie \u201cEcoCiclo\u201d, produzida pelos estudantes da 5\u00b0 fase, tamb\u00e9m do curso de Jornalismo. O trabalho foi desenvolvido durante a disciplina Produ\u00e7\u00e3o Audiovisual II sob a orienta\u00e7\u00e3o da docente Maiara Maduro.<\/p>\n\n\n\n<p>\u00a0\u00a0A ideia da produ\u00e7\u00e3o do projeto surgiu ap\u00f3s a Semana de Comunica\u00e7\u00e3o Integrada (SIC) de 2024, que trouxe em seu tema a crise clim\u00e1tica. O projeto foi lan\u00e7ado em parceria com o Coletivo Joinville Lixo Zero, que esteve presente na SIC. Em quatro epis\u00f3dios, a s\u00e9rie acompanha o ciclo completo da reciclagem, desde a separa\u00e7\u00e3o dos res\u00edduos at\u00e9 o papel das ind\u00fastrias que reciclam esses materiais.<\/p>\n\n\n\n<p>&nbsp;&nbsp;A professora Maiara explica que o projeto faz parte de uma a\u00e7\u00e3o de curriculariza\u00e7\u00e3o da extens\u00e3o e que os resultados alcan\u00e7ados com a webs\u00e9rie refor\u00e7am a import\u00e2ncia de pr\u00e1ticas voltadas a disseminar conhecimento para a sociedade. &#8220;Estar entre os finalistas desse pr\u00eamio \u00e9 um reconhecimento do nosso trabalho. Essa produ\u00e7\u00e3o tem muitas camadas. Foi necess\u00e1rio um trabalho em equipe muito harmonioso para que cada epis\u00f3dio fosse como um complemento do seguinte. Al\u00e9m disso, a webs\u00e9rie falou sobre um assunto urgente e atendeu a uma demanda espec\u00edfica de um grupo de pessoas que trabalham voluntariamente por uma causa.&#8221;<\/p>\n\n\n\n<p>\u00a0\u00a0Os v\u00eddeos da s\u00e9rie foram veiculados nos perfis de Instagram da Revi (@revi.digital), do curso de jornalismo (@jornalismoielusc) e no pr\u00f3prio perfil do coletivo Lixo Zero (@joinville.lixozero). O compartilhamento colaborativo teve como objetivo alcan\u00e7ar o p\u00fablico jovem e incentivar pr\u00e1ticas sustent\u00e1veis. A webs\u00e9rie refor\u00e7a o papel do jornalismo como ferramenta de educa\u00e7\u00e3o ambiental e engajamento social.<\/p>\n\n\n<div class=\"wp-block-image\">\n<figure class=\"aligncenter size-full is-resized\"><img decoding=\"async\" loading=\"lazy\" src=\"https:\/\/revidigital.ielusc.br\/wp-content\/uploads\/2025\/06\/WhatsApp-Image-2025-06-02-at-16.11.53-2-scaled.jpeg\" alt=\"\" class=\"wp-image-16645\" style=\"width:494px;height:372px\" width=\"494\" height=\"372\" srcset=\"https:\/\/revidigital.ielusc.br\/wp-content\/uploads\/2025\/06\/WhatsApp-Image-2025-06-02-at-16.11.53-2-scaled.jpeg 2560w, https:\/\/revidigital.ielusc.br\/wp-content\/uploads\/2025\/06\/WhatsApp-Image-2025-06-02-at-16.11.53-2-1536x1152.jpeg 1536w, https:\/\/revidigital.ielusc.br\/wp-content\/uploads\/2025\/06\/WhatsApp-Image-2025-06-02-at-16.11.53-2-2048x1536.jpeg 2048w\" sizes=\"(max-width: 494px) 100vw, 494px\" \/><figcaption class=\"wp-element-caption\">Acad\u00eamicos da 5\u00b0 fase que realizaram a webs\u00e9rie EcoCiclo<\/figcaption><\/figure><\/div>\n\n\n<p><strong>Ielusc finalista na Expocom<\/strong><\/p>\n\n\n\n<p>&nbsp;&nbsp;A Faculdade Ielusc, est\u00e1 novamente entre os destaques da Regi\u00e3o Sul do Brasil na Expocom. Em edi\u00e7\u00f5es anteriores projetos e trabalhos do curso de Jornalismo da institui\u00e7\u00e3o j\u00e1 foram finalistas e tamb\u00e9m vencedores no congresso.<\/p>\n\n\n\n<p>&nbsp;&nbsp;Ao longos dos anos, trabalhos produzidos em disciplinas como Jornalismo Digital, Fotojornalismo e Projetos Experimentais foram classificados em categorias diversas como: produ\u00e7\u00e3o em jornalismo digital, produ\u00e7\u00e3o multim\u00eddia, reportagem em r\u00e1dio, produ\u00e7\u00e3o para redes sociais e at\u00e9 mesmo projeto de assessoria de imprensa.&nbsp;<\/p>\n\n\n\n<p>\u00a0\u00a0Em 2018, a Intercom Nacional foi realizada em Joinville e fechando com chave de ouro, dois projetos Ielusc foram vencedores. Na categoria Jornalismo Digital, a egressa J\u00e9ssica Weirich foi vencedora com a reportagem multim\u00eddia \u201cPor dentro da Ocupa\u00e7\u00e3o\u201d. Tamb\u00e9m, no mesmo ano, na categoria Audiovisual para M\u00eddias Digitais, a egressa Let\u00edcia de Castro, levou o pr\u00eamio com o webdocument\u00e1rio \u201cPara al\u00e9m dos 90 minutos\u201d, ambos os projetos foram supervisionados pela docente K\u00e9rley Winques. Em 2023 dois trabalhos se tornaram finalistas na categoria Assessoria de Imprensa e Websites, na etapa da Expocom regional.\u00a0<\/p>\n\n\n<div class=\"wp-block-image\">\n<figure class=\"aligncenter size-full is-resized\"><img decoding=\"async\" loading=\"lazy\" src=\"https:\/\/revidigital.ielusc.br\/wp-content\/uploads\/2025\/06\/WhatsApp-Image-2025-06-02-at-17.21.02.jpeg\" alt=\"\" class=\"wp-image-16649\" style=\"width:528px;height:297px\" width=\"528\" height=\"297\" srcset=\"https:\/\/revidigital.ielusc.br\/wp-content\/uploads\/2025\/06\/WhatsApp-Image-2025-06-02-at-17.21.02.jpeg 1600w, https:\/\/revidigital.ielusc.br\/wp-content\/uploads\/2025\/06\/WhatsApp-Image-2025-06-02-at-17.21.02-1536x864.jpeg 1536w\" sizes=\"(max-width: 528px) 100vw, 528px\" \/><figcaption class=\"wp-element-caption\">Faculdade Ielusc campos centro<\/figcaption><\/figure><\/div>\n\n\n<p>&nbsp;&nbsp;Os projetos que concorrem na Expocom passam por uma sele\u00e7\u00e3o ainda em suas institui\u00e7\u00f5es de ensino. Cada curso escolhe seus melhores trabalhos, produzidos em disciplinas ou projetos de extens\u00e3o, e os inscreve nas diferentes categorias previstas no regulamento (desde jornalismo e publicidade at\u00e9 produ\u00e7\u00e3o multim\u00eddia, r\u00e1dio e cinema). Ap\u00f3s a inscri\u00e7\u00e3o, a comiss\u00e3o avaliadora da Intercom analisa os materiais e divulga os finalistas de cada categoria, que apresentam seus projetos durante o congresso regional.<\/p>\n\n\n\n<p>&nbsp;&nbsp;Neste ano, a escolha dos dois trabalhos acad\u00eamicos finalistas na competi\u00e7\u00e3o regional, evidencia uma tend\u00eancia importante. Cada vez mais, pautas envolvendo o meio ambiente ganham visibilidade e urg\u00eancia no debate p\u00fablico. Temas como as queimas e reciclagem adequadas, n\u00e3o s\u00f3 despertam interesses no meio jornal\u00edstico como tamb\u00e9m trazem a sociedade a reflex\u00e3o sobre consequ\u00eancias geradas por maus h\u00e1bitos e o papel de cada um para um futuro mais sustent\u00e1vel.<\/p>\n","protected":false},"excerpt":{"rendered":"<p>Ambos os projetos abordam relevantes pautas ambientais Por: Camila Schatzmann Gomes &nbsp;&nbsp;Para estudantes da \u00e1rea de comunica\u00e7\u00e3o, a Exposi\u00e7\u00e3o de Pesquisa Experimental em Comunica\u00e7\u00e3o (Expocom) \u00e9 uma das premia\u00e7\u00f5es mais relevantes para o portf\u00f3lio acad\u00eamico e profissional. A mostra integra a programa\u00e7\u00e3o da Intercom Sul, maior congresso regional de comunica\u00e7\u00e3o, e serve como etapa classificat\u00f3ria [&hellip;]<\/p>\n","protected":false},"author":1,"featured_media":16648,"comment_status":"open","ping_status":"open","sticky":false,"template":"","format":"standard","meta":{"footnotes":""},"categories":[97,88,20,4,2007,852,24,26,11],"tags":[1577,2027,90,1198,57,2026,48,34,942,1576,39,1183],"_links":{"self":[{"href":"https:\/\/revidigital.ielusc.br\/index.php\/wp-json\/wp\/v2\/posts\/16642"}],"collection":[{"href":"https:\/\/revidigital.ielusc.br\/index.php\/wp-json\/wp\/v2\/posts"}],"about":[{"href":"https:\/\/revidigital.ielusc.br\/index.php\/wp-json\/wp\/v2\/types\/post"}],"author":[{"embeddable":true,"href":"https:\/\/revidigital.ielusc.br\/index.php\/wp-json\/wp\/v2\/users\/1"}],"replies":[{"embeddable":true,"href":"https:\/\/revidigital.ielusc.br\/index.php\/wp-json\/wp\/v2\/comments?post=16642"}],"version-history":[{"count":1,"href":"https:\/\/revidigital.ielusc.br\/index.php\/wp-json\/wp\/v2\/posts\/16642\/revisions"}],"predecessor-version":[{"id":16650,"href":"https:\/\/revidigital.ielusc.br\/index.php\/wp-json\/wp\/v2\/posts\/16642\/revisions\/16650"}],"wp:featuredmedia":[{"embeddable":true,"href":"https:\/\/revidigital.ielusc.br\/index.php\/wp-json\/wp\/v2\/media\/16648"}],"wp:attachment":[{"href":"https:\/\/revidigital.ielusc.br\/index.php\/wp-json\/wp\/v2\/media?parent=16642"}],"wp:term":[{"taxonomy":"category","embeddable":true,"href":"https:\/\/revidigital.ielusc.br\/index.php\/wp-json\/wp\/v2\/categories?post=16642"},{"taxonomy":"post_tag","embeddable":true,"href":"https:\/\/revidigital.ielusc.br\/index.php\/wp-json\/wp\/v2\/tags?post=16642"}],"curies":[{"name":"wp","href":"https:\/\/api.w.org\/{rel}","templated":true}]}}