{"id":16651,"date":"2025-06-03T18:15:25","date_gmt":"2025-06-03T21:15:25","guid":{"rendered":"https:\/\/revidigital.ielusc.br\/?p=16651"},"modified":"2025-06-03T18:15:27","modified_gmt":"2025-06-03T21:15:27","slug":"jornalismo-muda-o-mundo-divulga-programacao","status":"publish","type":"post","link":"https:\/\/revidigital.ielusc.br\/index.php\/2025\/06\/03\/jornalismo-muda-o-mundo-divulga-programacao\/","title":{"rendered":"Jornalismo Muda o Mundo divulga programa\u00e7\u00e3o"},"content":{"rendered":"\n<p>Evento acad\u00eamico do curso de Jornalismo j\u00e1 possui data e local definidos<\/p>\n\n\n\n<p>&nbsp;&nbsp;Tr\u00eas palestras e cinco workshops integram a programa\u00e7\u00e3o do Jornalismo Muda o Mundo, evento que ocorre nos dias 10 e 11 de junho, na Faculdade Ielusc (Unidade Centro). Multiverso \u00e9 o tema desta edi\u00e7\u00e3o, uma alus\u00e3o \u00e0s m\u00faltiplas possibilidades de \u00e1reas de atua\u00e7\u00e3o que o jornalista encontra no mercado de trabalho atual.<\/p>\n\n\n\n<p>&nbsp;&nbsp;&nbsp;Na noite de abertura, tr\u00eas profissionais de comunica\u00e7\u00e3o revezam-se no palco em palestras r\u00e1pidas, no estilo Ted Talk. Mayara Hoffmann, egressa da Faculdade Ielusc e coordenadora de Marketing da Projuris, aborda a assessoria de comunica\u00e7\u00e3o corporativa. Cl\u00e9ber Grabauska, coordenador da R\u00e1dio CBN Joinville, fala sobre&nbsp; entrevista e media\u00e7\u00e3o ao vivo. \u201cO freela nosso de cada dia\u201d \u00e9 o assunto da jornalista Juliane Guerreiro, tamb\u00e9m egressa do Ielusc. \u201cA equipe organizadora preparou uma atra\u00e7\u00e3o cultural e sorteios de diversos brindes para os participantes\u201d, informou Marina Andrade, uma das professoras que orienta a 5\u00aa fase de Jornalismo na produ\u00e7\u00e3o do evento.<\/p>\n\n\n\n<p><strong>Na pr\u00e1tica&nbsp;<\/strong><\/p>\n\n\n\n<p>&nbsp;&nbsp;Os workshops ocorrem no dia 11 (quarta-feira), com in\u00edcio \u00e0s 19 horas. As inscri\u00e7\u00f5es s\u00e3o gratuitas, mas as vagas s\u00e3o limitadas, por isso os interessados devem preencher o <a href=\"https:\/\/linktr.ee\/yaslandy?utm_source=linktree_admin_share\">formul\u00e1rio<\/a> online.&nbsp;&nbsp;<\/p>\n\n\n\n<p>&nbsp;&nbsp;No Est\u00fadio de TV, a rep\u00f3rter, apresentadora, produtora e editora de conte\u00fado Sabrina Aguiar (NDTV) comanda a oficina sobre postura e orat\u00f3ria frente \u00e0s c\u00e2meras. A influenciadora digital e jornalista Annabel Nascimento ministra o workshop sobre edi\u00e7\u00e3o de v\u00eddeo em tempo real.&nbsp; Cr\u00edtica de arte no jornalismo cultural \u00e9 o tema do jornalista e doutor em Literatura, Rafael Alonso.<\/p>\n\n\n\n<p>&nbsp;Drika Evarini (NDTV e NDFM) fala sobre cobertura esportiva e Anderson Coelho, de Florian\u00f3polis, ministra a oficina \u201cO trabalho do fotojornalista\u201d.<\/p>\n\n\n\n<p><\/p>\n","protected":false},"excerpt":{"rendered":"<p>Evento acad\u00eamico do curso de Jornalismo j\u00e1 possui data e local definidos &nbsp;&nbsp;Tr\u00eas palestras e cinco workshops integram a programa\u00e7\u00e3o do Jornalismo Muda o Mundo, evento que ocorre nos dias 10 e 11 de junho, na Faculdade Ielusc (Unidade Centro). Multiverso \u00e9 o tema desta edi\u00e7\u00e3o, uma alus\u00e3o \u00e0s m\u00faltiplas possibilidades de \u00e1reas de atua\u00e7\u00e3o [&hellip;]<\/p>\n","protected":false},"author":1,"featured_media":16652,"comment_status":"open","ping_status":"open","sticky":false,"template":"","format":"standard","meta":{"footnotes":""},"categories":[14,97,88,20,4,78,2007,24,11],"tags":[1577,90,108,57,48,34,80],"_links":{"self":[{"href":"https:\/\/revidigital.ielusc.br\/index.php\/wp-json\/wp\/v2\/posts\/16651"}],"collection":[{"href":"https:\/\/revidigital.ielusc.br\/index.php\/wp-json\/wp\/v2\/posts"}],"about":[{"href":"https:\/\/revidigital.ielusc.br\/index.php\/wp-json\/wp\/v2\/types\/post"}],"author":[{"embeddable":true,"href":"https:\/\/revidigital.ielusc.br\/index.php\/wp-json\/wp\/v2\/users\/1"}],"replies":[{"embeddable":true,"href":"https:\/\/revidigital.ielusc.br\/index.php\/wp-json\/wp\/v2\/comments?post=16651"}],"version-history":[{"count":1,"href":"https:\/\/revidigital.ielusc.br\/index.php\/wp-json\/wp\/v2\/posts\/16651\/revisions"}],"predecessor-version":[{"id":16653,"href":"https:\/\/revidigital.ielusc.br\/index.php\/wp-json\/wp\/v2\/posts\/16651\/revisions\/16653"}],"wp:featuredmedia":[{"embeddable":true,"href":"https:\/\/revidigital.ielusc.br\/index.php\/wp-json\/wp\/v2\/media\/16652"}],"wp:attachment":[{"href":"https:\/\/revidigital.ielusc.br\/index.php\/wp-json\/wp\/v2\/media?parent=16651"}],"wp:term":[{"taxonomy":"category","embeddable":true,"href":"https:\/\/revidigital.ielusc.br\/index.php\/wp-json\/wp\/v2\/categories?post=16651"},{"taxonomy":"post_tag","embeddable":true,"href":"https:\/\/revidigital.ielusc.br\/index.php\/wp-json\/wp\/v2\/tags?post=16651"}],"curies":[{"name":"wp","href":"https:\/\/api.w.org\/{rel}","templated":true}]}}