{"id":16674,"date":"2025-06-10T14:52:40","date_gmt":"2025-06-10T17:52:40","guid":{"rendered":"https:\/\/revidigital.ielusc.br\/?p=16674"},"modified":"2025-06-10T14:52:43","modified_gmt":"2025-06-10T17:52:43","slug":"joinvilense-transforma-paixao-por-mangas-em-negocio-de-sucesso-no-mercado-geek","status":"publish","type":"post","link":"https:\/\/revidigital.ielusc.br\/index.php\/2025\/06\/10\/joinvilense-transforma-paixao-por-mangas-em-negocio-de-sucesso-no-mercado-geek\/","title":{"rendered":"Joinvilense transforma paix\u00e3o por mang\u00e1s em neg\u00f3cio de sucesso no mercado geek"},"content":{"rendered":"\n<p>Com atua\u00e7\u00e3o na Feira do Livro de Joinville, loja atrai jovens leitores e valoriza a cultura dos mang\u00e1s<\/p>\n\n\n\n<p><strong><em>Por Sarah Falc\u00e3o, Bruna Borges e Stefani Junge<\/em><\/strong><\/p>\n\n\n\n<p>Os leitores de mang\u00e1s est\u00e3o cada vez mais ativos no mercado. A joinvilense Amanda Belato, de 29 anos, criadora da Amora Book Store, tem se destacado com vendas em crescimento, impulsionadas pelo fortalecimento da cultura geek e pela populariza\u00e7\u00e3o dos quadrinhos na cidade.<\/p>\n\n\n\n<p>Amanda \u00e9 formada em administra\u00e7\u00e3o de empresas e come\u00e7ou com o empreendimento quando tinha apenas 16 anos. Ela estava no segundo ano do ensino m\u00e9dio e teve a ideia de vender toda sua cole\u00e7\u00e3o para dar os primeiros passos no mercado.<\/p>\n\n\n\n<p>De acordo com a jovem, um dos maiores desafios no in\u00edcio de sua trajet\u00f3ria com a loja foi lidar com a desconfian\u00e7a do p\u00fablico por ser menor de idade. \u201cEu estava com 16, ent\u00e3o o pessoal n\u00e3o tinha confian\u00e7a de uma menor de idade recebendo dinheiro e fazendo os envios certinhos. Foi um grande desafio, mas eu criei um nome forte nas redes sociais\u201d, relembra.<\/p>\n\n\n\n<p>A estrat\u00e9gia digital foi essencial para o fortalecimento da loja. A Amora Book Store nasceu como um perfil virtual e, com o tempo, se tornou refer\u00eancia no nicho.<\/p>\n\n\n\n<p>\u201cA Amora foi o primeiro sebo especializado em mang\u00e1s do Brasil a come\u00e7ar no Facebook\u201d, destaca.<\/p>\n\n\n\n<p>Segundo a joinvilense, o nome da loja surgiu a partir de um apelido do ensino m\u00e9dio. \u201cAmora \u00e9 o apelido que me deram no ensino m\u00e9dio, que \u00e9 amor+a. Porque dizem que eu sou um amor\u201d, conta,rindo.<\/p>\n\n\n\n<p><strong>Import\u00e2ncia da presen\u00e7a na Feira do Livro de Joinville<\/strong><\/p>\n\n\n<div class=\"wp-block-image\">\n<figure class=\"aligncenter size-full is-resized\"><img decoding=\"async\" loading=\"lazy\" src=\"https:\/\/revidigital.ielusc.br\/wp-content\/uploads\/2025\/06\/WhatsApp-Image-2025-06-10-at-13.46.34-1.jpeg\" alt=\"\" class=\"wp-image-16676\" style=\"width:451px;height:254px\" width=\"451\" height=\"254\" srcset=\"https:\/\/revidigital.ielusc.br\/wp-content\/uploads\/2025\/06\/WhatsApp-Image-2025-06-10-at-13.46.34-1.jpeg 2560w, https:\/\/revidigital.ielusc.br\/wp-content\/uploads\/2025\/06\/WhatsApp-Image-2025-06-10-at-13.46.34-1-1536x864.jpeg 1536w, https:\/\/revidigital.ielusc.br\/wp-content\/uploads\/2025\/06\/WhatsApp-Image-2025-06-10-at-13.46.34-1-2048x1152.jpeg 2048w\" sizes=\"(max-width: 451px) 100vw, 451px\" \/><figcaption class=\"wp-element-caption\">Cr\u00e9dito: Stefani Junge<\/figcaption><\/figure><\/div>\n\n\n<p>Para a empreendedora, a presen\u00e7a da loja no evento fortalece a procura dos jovens por livros e produtos do nicho. Amanda acredita que \u00e9 uma forma dos jovens darem mais import\u00e2ncia aos mang\u00e1s.<\/p>\n\n\n\n<p>\u201cTem se perdido entre gera\u00e7\u00f5es o h\u00e1bito da leitura, e o mang\u00e1 e o quadrinho resgatam isso. No ensino m\u00e9dio colocam muitos livros que a gente n\u00e3o quer ler, e se for\u00e7a a algo, uma literatura, \u00e0s vezes que a crian\u00e7a, o adolescente n\u00e3o quer, e eles perdem esse gosto. Ent\u00e3o os mang\u00e1s resgatam isso\u201d, afirma.<\/p>\n\n\n\n<p>Neste ano, a dona da Amora Book Store trouxe novidades para o evento. \u201cFizemos o primeiro concurso de K-Pop da feira. Foi o quarto ano do concurso de cosplay, mantendo a tradi\u00e7\u00e3o, e o terceiro encontro Pok\u00e9mon da feira tamb\u00e9m. Teve muito mang\u00e1, esse ano eu exagerei &#8220;, revela.<\/p>\n\n\n\n<p>A cada edi\u00e7\u00e3o da Feira do Livro, a joinvilense percebe um crescimento no n\u00famero de vendas e leitores. &#8220;Apesar de o brasileiro estar lendo cada vez menos, os mang\u00e1s t\u00eam ganhado cada vez mais leitores, e eu tenho faturado mais com isso tamb\u00e9m, fico feliz\u201d, conta Amanda.<\/p>\n\n\n\n<p>A percep\u00e7\u00e3o da jovem \u00e9 confirmada por dados recentes. Em 2024, os mang\u00e1s representaram 71% dos t\u00edtulos mais vendidos no pa\u00eds, segundo levantamento da PublishNews.<\/p>\n\n\n\n<p><strong>Nicho ainda masculino?<\/strong><\/p>\n\n\n\n<p>Mesmo com o crescimento do mercado de mang\u00e1s no Brasil, Amanda ainda se v\u00ea como uma exce\u00e7\u00e3o quando o assunto \u00e9 a presen\u00e7a feminina \u00e0 frente de lojas especializadas.<\/p>\n\n\n\n<p>\u201cS\u00e3o poucas mulheres, de loja de mang\u00e1. Eu me sinto muito lobo solit\u00e1rio, na verdade. Normalmente, quando entra algu\u00e9m que quer conversar com o dono da loja, procura um cara. Ningu\u00e9m v\u00ea uma mulher sendo dona de loja de mang\u00e1 assim. Porque \u00e9 um mercado que sempre foi muito voltado para homens\u201d, diz.<\/p>\n\n\n<div class=\"wp-block-image\">\n<figure class=\"aligncenter size-full is-resized\"><img decoding=\"async\" loading=\"lazy\" src=\"https:\/\/revidigital.ielusc.br\/wp-content\/uploads\/2025\/06\/WhatsApp-Image-2025-06-10-at-13.46.34-2.jpeg\" alt=\"\" class=\"wp-image-16677\" style=\"width:452px;height:255px\" width=\"452\" height=\"255\" srcset=\"https:\/\/revidigital.ielusc.br\/wp-content\/uploads\/2025\/06\/WhatsApp-Image-2025-06-10-at-13.46.34-2.jpeg 1600w, https:\/\/revidigital.ielusc.br\/wp-content\/uploads\/2025\/06\/WhatsApp-Image-2025-06-10-at-13.46.34-2-1536x864.jpeg 1536w\" sizes=\"(max-width: 452px) 100vw, 452px\" \/><figcaption class=\"wp-element-caption\">Cr\u00e9dito: Stefani Junge<\/figcaption><\/figure><\/div>\n\n\n<p>Apesar dos desafios enfrentados por ser mulher em um nicho historicamente masculino, Amanda Belato continua quebrando barreiras. Com a Amora Book Store consolidada e a recente abertura da Livraria Universit\u00e1ria, instalada dentro da Univille, Amanda prefere manter segredo sobre seus pr\u00f3ximos passos. \u201cEu s\u00f3 conto depois de realizar\u201d, diz, sorrindo.&nbsp;<\/p>\n\n\n\n<p>No entanto, ela prev\u00ea que o pr\u00f3ximo projeto \u00e9 grande o suficiente para tirar seu sono e alimentar ainda mais o universo geek em Joinville.<\/p>\n","protected":false},"excerpt":{"rendered":"<p>Com atua\u00e7\u00e3o na Feira do Livro de Joinville, loja atrai jovens leitores e valoriza a cultura dos mang\u00e1s Por Sarah Falc\u00e3o, Bruna Borges e Stefani Junge Os leitores de mang\u00e1s est\u00e3o cada vez mais ativos no mercado. A joinvilense Amanda Belato, de 29 anos, criadora da Amora Book Store, tem se destacado com vendas em [&hellip;]<\/p>\n","protected":false},"author":1,"featured_media":16675,"comment_status":"open","ping_status":"open","sticky":false,"template":"","format":"standard","meta":{"footnotes":""},"categories":[97,88,20,4,2007,24,2020,26,1,11],"tags":[2035,2038,2037,90,2036,108,57,48,34,758,1576],"_links":{"self":[{"href":"https:\/\/revidigital.ielusc.br\/index.php\/wp-json\/wp\/v2\/posts\/16674"}],"collection":[{"href":"https:\/\/revidigital.ielusc.br\/index.php\/wp-json\/wp\/v2\/posts"}],"about":[{"href":"https:\/\/revidigital.ielusc.br\/index.php\/wp-json\/wp\/v2\/types\/post"}],"author":[{"embeddable":true,"href":"https:\/\/revidigital.ielusc.br\/index.php\/wp-json\/wp\/v2\/users\/1"}],"replies":[{"embeddable":true,"href":"https:\/\/revidigital.ielusc.br\/index.php\/wp-json\/wp\/v2\/comments?post=16674"}],"version-history":[{"count":2,"href":"https:\/\/revidigital.ielusc.br\/index.php\/wp-json\/wp\/v2\/posts\/16674\/revisions"}],"predecessor-version":[{"id":16679,"href":"https:\/\/revidigital.ielusc.br\/index.php\/wp-json\/wp\/v2\/posts\/16674\/revisions\/16679"}],"wp:featuredmedia":[{"embeddable":true,"href":"https:\/\/revidigital.ielusc.br\/index.php\/wp-json\/wp\/v2\/media\/16675"}],"wp:attachment":[{"href":"https:\/\/revidigital.ielusc.br\/index.php\/wp-json\/wp\/v2\/media?parent=16674"}],"wp:term":[{"taxonomy":"category","embeddable":true,"href":"https:\/\/revidigital.ielusc.br\/index.php\/wp-json\/wp\/v2\/categories?post=16674"},{"taxonomy":"post_tag","embeddable":true,"href":"https:\/\/revidigital.ielusc.br\/index.php\/wp-json\/wp\/v2\/tags?post=16674"}],"curies":[{"name":"wp","href":"https:\/\/api.w.org\/{rel}","templated":true}]}}