{"id":16869,"date":"2025-08-15T18:26:53","date_gmt":"2025-08-15T21:26:53","guid":{"rendered":"https:\/\/revidigital.ielusc.br\/?p=16869"},"modified":"2025-08-25T17:10:50","modified_gmt":"2025-08-25T20:10:50","slug":"role-da-revi","status":"publish","type":"post","link":"https:\/\/revidigital.ielusc.br\/index.php\/2025\/08\/15\/role-da-revi\/","title":{"rendered":"Rol\u00ea da Revi"},"content":{"rendered":"\n<p>Confira algumas das programa\u00e7\u00f5es desse fim de semana pela cidade.<\/p>\n\n\n\n<p><strong><em>M\u00fasica<\/em><\/strong><\/p>\n\n\n\n<p><em>15\/08 (Sexta)<\/em><br>Queen Legend \u2013 Tributo ao Queen<br>\ud83d\udccd Teatro da Liga \u2013 21h<br>Uma celebra\u00e7\u00e3o do cl\u00e1ssico do rock com performances e figurinos em homenagem \u00e0 banda.<\/p>\n\n\n\n<p><a href=\"https:\/\/open.spotify.com\/show\/4rHJMAPdKRjVFHdWPH4K3J?si=6QIqjy3QQfWpTsWdFF2fUw\" data-type=\"link\" data-id=\"https:\/\/open.spotify.com\/show\/4rHJMAPdKRjVFHdWPH4K3J?si=6QIqjy3QQfWpTsWdFF2fUw\">Saiba mais aqui<\/a><\/p>\n\n\n\n<p><strong><em>Gastronomia<\/em><\/strong><\/p>\n\n\n\n<p><em>14 a 17\/08 (Quinta a Domingo)<\/em><\/p>\n\n\n\n<p>Festival da Vigorelli<\/p>\n\n\n\n<p>\ud83d\udccd Vigorelli (Orla)<\/p>\n\n\n\n<p>10 restaurantes servindo pratos exclusivos por R$ 49,90, com feira criativa e encontro n\u00e1utico. <\/p>\n\n\n\n<p><a href=\"https:\/\/www.visitejoinville.com.br\/\" data-type=\"link\" data-id=\"https:\/\/www.visitejoinville.com.br\/\">Saiba mais aqui<\/a><\/p>\n\n\n\n<p><em>16\/08 (S\u00e1bado)<\/em><\/p>\n\n\n\n<p>Festival do Porcini 2025 \u2013 \u201cSete chefs, sete estilos, uma celebra\u00e7\u00e3o\u201d<\/p>\n\n\n\n<p>\ud83d\udccd Cidade das \u00c1guas \u2013 Joinville, SC \u2013 a partir das 11h. <\/p>\n\n\n\n<p>Celebra\u00e7\u00e3o gastron\u00f4mica com chefs convidados explorando o cogumelo Porcini, com cria\u00e7\u00f5es criativas e regionais. <\/p>\n\n\n\n<p><a href=\"https:\/\/www.visitejoinville.com.br\/\" data-type=\"link\" data-id=\"https:\/\/www.visitejoinville.com.br\/\">Saiba mais aqui<\/a><\/p>\n\n\n\n<p><strong><em>Anima\u00e7\u00e3o \/ Cultura<\/em><\/strong><\/p>\n\n\n\n<p><em>14 a 24\/08 (Quinta a Domingo seguinte)<\/em><\/p>\n\n\n\n<p>ANIMANECO 2025 \u2013 Festival Internacional de Teatro de Bonecos<\/p>\n\n\n\n<p>\ud83d\udccdV\u00e1rios locais em Joinville<\/p>\n\n\n\n<p>Uma programa\u00e7\u00e3o rica com 170 atra\u00e7\u00f5es \u2014 mamulengos, espet\u00e1culos nacionais e internacionais, oficinas e eventos gratuitos. <\/p>\n\n\n\n<p><a href=\"https:\/\/www.visitejoinville.com.br\/\" data-type=\"link\" data-id=\"https:\/\/www.visitejoinville.com.br\/\">Saiba mais aqui<\/a><\/p>\n\n\n\n<p><strong><em>Com\u00e9dia<\/em><\/strong><\/p>\n\n\n\n<p><em>15\/08 (Sexta)Por\u00e3o Comedy Night \u2013 Irm\u00e3 Selma<\/em><\/p>\n\n\n\n<p>\ud83d\udccd Por\u00e3o da Liga \u2013 19h<\/p>\n\n\n\n<p>Uma noite leve e divertida para garantir boas risadas.<\/p>\n\n\n\n<p><a href=\"https:\/\/www.eticketcenter.com.br\/eventos\/estado\/sc\/cidade\/joinville\/?utm_source=chatgpt.com\" data-type=\"link\" data-id=\"https:\/\/www.eticketcenter.com.br\/eventos\/estado\/sc\/cidade\/joinville\/?utm_source=chatgpt.com\">Saiba mais aqui<\/a><\/p>\n\n\n<div class=\"wp-block-image\">\n<figure class=\"aligncenter size-full is-resized\"><img decoding=\"async\" loading=\"lazy\" src=\"https:\/\/revidigital.ielusc.br\/wp-content\/uploads\/2025\/08\/Post-Instagram-Divulgacao-Evento-Minimalista-Cinza-e-Verde_20250815_175253_0000.png\" alt=\"\" class=\"wp-image-16870\" style=\"width:324px;height:405px\" width=\"324\" height=\"405\"\/><\/figure><\/div>\n\n\n<p><\/p>\n","protected":false},"excerpt":{"rendered":"<p>Confira algumas das programa\u00e7\u00f5es desse fim de semana pela cidade. M\u00fasica 15\/08 (Sexta)Queen Legend \u2013 Tributo ao Queen\ud83d\udccd Teatro da Liga \u2013 21hUma celebra\u00e7\u00e3o do cl\u00e1ssico do rock com performances e figurinos em homenagem \u00e0 banda. Saiba mais aqui Gastronomia 14 a 17\/08 (Quinta a Domingo) Festival da Vigorelli \ud83d\udccd Vigorelli (Orla) 10 restaurantes servindo [&hellip;]<\/p>\n","protected":false},"author":1,"featured_media":16870,"comment_status":"open","ping_status":"open","sticky":false,"template":"","format":"standard","meta":{"footnotes":""},"categories":[14,97,88,20,11],"tags":[1582,1577,90,57,34,2092,2093],"_links":{"self":[{"href":"https:\/\/revidigital.ielusc.br\/index.php\/wp-json\/wp\/v2\/posts\/16869"}],"collection":[{"href":"https:\/\/revidigital.ielusc.br\/index.php\/wp-json\/wp\/v2\/posts"}],"about":[{"href":"https:\/\/revidigital.ielusc.br\/index.php\/wp-json\/wp\/v2\/types\/post"}],"author":[{"embeddable":true,"href":"https:\/\/revidigital.ielusc.br\/index.php\/wp-json\/wp\/v2\/users\/1"}],"replies":[{"embeddable":true,"href":"https:\/\/revidigital.ielusc.br\/index.php\/wp-json\/wp\/v2\/comments?post=16869"}],"version-history":[{"count":1,"href":"https:\/\/revidigital.ielusc.br\/index.php\/wp-json\/wp\/v2\/posts\/16869\/revisions"}],"predecessor-version":[{"id":16871,"href":"https:\/\/revidigital.ielusc.br\/index.php\/wp-json\/wp\/v2\/posts\/16869\/revisions\/16871"}],"wp:featuredmedia":[{"embeddable":true,"href":"https:\/\/revidigital.ielusc.br\/index.php\/wp-json\/wp\/v2\/media\/16870"}],"wp:attachment":[{"href":"https:\/\/revidigital.ielusc.br\/index.php\/wp-json\/wp\/v2\/media?parent=16869"}],"wp:term":[{"taxonomy":"category","embeddable":true,"href":"https:\/\/revidigital.ielusc.br\/index.php\/wp-json\/wp\/v2\/categories?post=16869"},{"taxonomy":"post_tag","embeddable":true,"href":"https:\/\/revidigital.ielusc.br\/index.php\/wp-json\/wp\/v2\/tags?post=16869"}],"curies":[{"name":"wp","href":"https:\/\/api.w.org\/{rel}","templated":true}]}}