{"id":16928,"date":"2025-09-05T18:15:23","date_gmt":"2025-09-05T21:15:23","guid":{"rendered":"https:\/\/revidigital.ielusc.br\/?p=16928"},"modified":"2025-09-16T10:03:45","modified_gmt":"2025-09-16T13:03:45","slug":"jec-se-prepara-para-estreia-na-copa-santa-catarina","status":"publish","type":"post","link":"https:\/\/revidigital.ielusc.br\/index.php\/2025\/09\/05\/jec-se-prepara-para-estreia-na-copa-santa-catarina\/","title":{"rendered":"JEC se prepara para estreia na Copa Santa Catarina"},"content":{"rendered":"\n<p>No pr\u00f3ximo domingo, 7, o Joinville Esporte Clube (JEC) estreia na Copa SC 2025 contra o Blumenau Esporte Clube (BEC). A partida acontecer\u00e1 \u00e0s 15h no Est\u00e1dio do Sesi, casa do BEC. Vindo de uma elimina\u00e7\u00e3o na segunda&nbsp; fase da s\u00e9rie D, a Copa SC \u00e9 considerada importante pelo JEC, j\u00e1 que a competi\u00e7\u00e3o pode garantir uma vaga na disputa da Copa do Brasil do ano que vem.<\/p>\n\n\n\n<p>Desde o come\u00e7o dessa semana, o Joinville v\u00eam treinando especialmente para a Copa Santa Catarina, tendo em vista que essa \u00e9 a \u00fanica competi\u00e7\u00e3o restante no calend\u00e1rio deste ano do clube. A \u00faltima partida disputada pela equipe foi em 10 de agosto, na derrota por 4 a 0 para o Cianorte, no jogo de volta da primeira etapa da fase eliminat\u00f3ria da s\u00e9rie D do Brasileir\u00e3o. O resultado tirou o time joinvilense da competi\u00e7\u00e3o.<\/p>\n\n\n\n<p><strong><em>Plantel renovado<\/em><\/strong><\/p>\n\n\n\n<p>Os resultados recentes n\u00e3o v\u00eam satisfazendo os torcedores tricolores, o que fez com que o clube renovasse o seu elenco j\u00e1 para a disputa da Copa SC. Na \u00faltima segunda, 1, o JEC anunciou o treinador Leandro Sena, que assume o lugar de Hemerson Maria, que foi desligado da equipe no dia 11 de agosto. Sena estava no tamb\u00e9m eliminado da quarta divis\u00e3o, Central de Caruaru, e tem passagens por equipes como Treze-PB, Sergipe, ASA-AL, al\u00e9m de ter sido campe\u00e3o da s\u00e9rie D de 2022 pelo Am\u00e9rica- RN.<\/p>\n\n\n\n<p>Um pouco ap\u00f3s o an\u00fancio do novo treinador, o clube tamb\u00e9m anunciou a contrata\u00e7\u00e3o do lateral-esquerdo M\u00e1rio Henrique, atleta de 31 anos que estava no Aparecidense. Al\u00e9m das novas contrata\u00e7\u00f5es, o Joinville tamb\u00e9m comunicou a sa\u00edda dos seguintes jogadores: Ryan e Ernandes (Laterais); Carlos Alexandre (Zagueiro); Guilherme Escuro e Jo\u00e3o Mafra (Volantes); Lucas de S\u00e1 (Meio-campista); Douglas e Yuri Mamute (Atacantes).<\/p>\n\n\n\n<p><strong><em>Preparativos para o domingo<\/em><\/strong><\/p>\n\n\n\n<p>O t\u00e9cnico Leandro Sena, em sua <a href=\"https:\/\/www.youtube.com\/live\/RLkgcD7UN4k?si=_I7JixnDYQzCPm2n\">coletiva de apresenta\u00e7\u00e3o<\/a>, ocorrida na \u00faltima quarta-feira, 3, afirmou estar se sentindo determinado para esse pr\u00f3ximo desafio. \u201cO principal objetivo \u00e9 resgatar o Joinville. Vamos trabalhar com muita dedica\u00e7\u00e3o e humildade, sabendo da responsabilidade que \u00e9 dirigir o JEC. J\u00e1 trabalhei em muitas equipes e com muita press\u00e3o, ent\u00e3o me sinto preparado para esse projeto\u201d, contou.<\/p>\n\n\n\n<p>Ao ser perguntado sobre como planeja jogar nos pr\u00f3ximos jogos, Sena disse que pretende adotar um estilo de jogo diferente do que o clube estava apresentando nos \u00faltimos confrontos. \u201cApesar dos n\u00fameros recentes, a nossa equipe vai procurar jogar ofensivamente, criando varia\u00e7\u00f5es de jogo. J\u00e1 pude observar que os atletas t\u00eam potencial para fazer esse jogo propositivo, que \u00e9 o que a torcida do Joinville espera\u201d, completou.<\/p>\n\n\n<div class=\"wp-block-image\">\n<figure class=\"aligncenter size-full is-resized\"><img decoding=\"async\" loading=\"lazy\" src=\"https:\/\/revidigital.ielusc.br\/wp-content\/uploads\/2025\/09\/foto-leandro-sena.jpg\" alt=\"\" class=\"wp-image-16929\" style=\"width:611px;height:413px\" width=\"611\" height=\"413\"\/><figcaption class=\"wp-element-caption\">T\u00e9cnico Leandro Sena em sua coletiva de apresenta\u00e7\u00e3o. \/ Foto: Gustavo Mej\u00eda | JEC<\/figcaption><\/figure><\/div>\n\n\n<p>Ontem, o JEC realizou um treino fechado na Arena Joinville. Antes disso, o atacante Da Silva cedeu uma <a href=\"https:\/\/www.youtube.com\/watch?v=o-S1ygofdVI\">coletiva de imprensa<\/a>. O atleta comentou sobre a elimina\u00e7\u00e3o para o Cianorte e refor\u00e7ou a import\u00e2ncia da disputa da Copa SC nos pr\u00f3ximos meses. \u201cEu n\u00e3o esperava uma elimina\u00e7\u00e3o precoce e do jeito que foi. Mas, o grupo todo j\u00e1 \u201cmudou a chave\u201d para a competi\u00e7\u00e3o que temos agora pela frente, que \u00e9 muito importante\u201d.<\/p>\n\n\n\n<p>Da Silva disse que espera fazer uma grande estreia no domingo e que sabe da responsabilidade de jogar com \u201cautoridade\u201d dentro de campo. O atacante diz entender o peso e a import\u00e2ncia do JEC nacionalmente e que a equipe precisa ser agressiva tanto dentro quanto fora de casa.<\/p>\n\n\n\n<p><strong><em>Formato de disputa e times da Copa SC<\/em><\/strong><\/p>\n\n\n\n<p>A edi\u00e7\u00e3o deste ano da Copa Santa Catarina contar\u00e1 com 16 equipes na disputa pelo t\u00edtulo. Os times est\u00e3o divididos em quatro grupos. Confira como os chaveamentos est\u00e3o divididos:<\/p>\n\n\n\n<ul>\n<li>Grupo A: Ava\u00ed, Barra, Figueirense e Marc\u00edlio Dias;<\/li>\n<\/ul>\n\n\n\n<ul>\n<li>Grupo B: Brusque, Chapecoense, Conc\u00f3rdia e Santa Catarina;<\/li>\n<\/ul>\n\n\n\n<ul>\n<li>Grupo C: Blumenau, Carlos Renaux, Joinville e Na\u00e7\u00e3o;<\/li>\n<\/ul>\n\n\n\n<ul>\n<li>Grupo D: Cambori\u00fa, Caravaggio, Crici\u00fama e Tubar\u00e3o.<\/li>\n<\/ul>\n\n\n\n<p>A fase de grupos ser\u00e1 disputada em formato de turno e returno, com cada equipe se enfrentando duas vezes. Os dois melhores de cada chave avan\u00e7am para as quartas de final, que ser\u00e3o disputadas em partidas de ida e volta at\u00e9 a decis\u00e3o da grande final. Os melhores colocados do grupo A enfrentam os melhores do grupo B e os melhores do Grupo C se encontram com o Grupo D.<\/p>\n\n\n\n<p>O campe\u00e3o da Copa Santa Catarina garante uma vaga direta na primeira fase da Copa do Brasil ou da S\u00e9rie D do Brasileir\u00e3o de 2026. Caso um campe\u00e3o j\u00e1 tenha vaga no Brasileir\u00e3o, a vaga na S\u00e9rie D ir\u00e1 para o time que ir mais longe. Times como Ava\u00ed e Chapecoense, por exemplo, j\u00e1 garantiram vaga na Copa do Brasil e tamb\u00e9m j\u00e1 disputam a s\u00e9rie B do campeonato brasileiro.<\/p>\n\n\n\n<p><strong><em>JEC e Blumenau<\/em><\/strong><\/p>\n\n\n\n<p>Diferente do Joinville, o BEC n\u00e3o possui s\u00e9rie, e esse ano disputou apenas a s\u00e9rie B do Campeonato Catarinense. Apesar de ter terminado l\u00edder da fase de grupos da competi\u00e7\u00e3o, a equipe foi eliminada na semifinal pelo Cambori\u00fa, que terminou com o vice-campeonato.<br>Os ingressos para o duelo do dia 7 j\u00e1 podem ser adquiridos pelo <a href=\"https:\/\/bec.conectasocio.com.br\/comprar-ingresso\/12\">site do BEC<\/a> e est\u00e3o sendo comercializados por 25 reais. A capacidade do setor visitante do est\u00e1dio do Sesi, casa do Blumenau, \u00e9 de 318 torcedores. Os port\u00f5es abrem a partir das 13h. O jogo ter\u00e1 transmiss\u00e3o ao vivo gratuita pelo <a href=\"https:\/\/www.youtube.com\/c\/Metr%C3%B3polesTV\">canal do YouTube do portal Metr\u00f3poles.<\/a><\/p>\n","protected":false},"excerpt":{"rendered":"<p>No pr\u00f3ximo domingo, 7, o Joinville Esporte Clube (JEC) estreia na Copa SC 2025 contra o Blumenau Esporte Clube (BEC). A partida acontecer\u00e1 \u00e0s 15h no Est\u00e1dio do Sesi, casa do BEC. Vindo de uma elimina\u00e7\u00e3o na segunda&nbsp; fase da s\u00e9rie D, a Copa SC \u00e9 considerada importante pelo JEC, j\u00e1 que a competi\u00e7\u00e3o pode [&hellip;]<\/p>\n","protected":false},"author":25,"featured_media":16930,"comment_status":"open","ping_status":"open","sticky":false,"template":"","format":"standard","meta":{"footnotes":""},"categories":[20,46,2007],"tags":[1840,184,57,705,944,48,34],"_links":{"self":[{"href":"https:\/\/revidigital.ielusc.br\/index.php\/wp-json\/wp\/v2\/posts\/16928"}],"collection":[{"href":"https:\/\/revidigital.ielusc.br\/index.php\/wp-json\/wp\/v2\/posts"}],"about":[{"href":"https:\/\/revidigital.ielusc.br\/index.php\/wp-json\/wp\/v2\/types\/post"}],"author":[{"embeddable":true,"href":"https:\/\/revidigital.ielusc.br\/index.php\/wp-json\/wp\/v2\/users\/25"}],"replies":[{"embeddable":true,"href":"https:\/\/revidigital.ielusc.br\/index.php\/wp-json\/wp\/v2\/comments?post=16928"}],"version-history":[{"count":3,"href":"https:\/\/revidigital.ielusc.br\/index.php\/wp-json\/wp\/v2\/posts\/16928\/revisions"}],"predecessor-version":[{"id":17110,"href":"https:\/\/revidigital.ielusc.br\/index.php\/wp-json\/wp\/v2\/posts\/16928\/revisions\/17110"}],"wp:featuredmedia":[{"embeddable":true,"href":"https:\/\/revidigital.ielusc.br\/index.php\/wp-json\/wp\/v2\/media\/16930"}],"wp:attachment":[{"href":"https:\/\/revidigital.ielusc.br\/index.php\/wp-json\/wp\/v2\/media?parent=16928"}],"wp:term":[{"taxonomy":"category","embeddable":true,"href":"https:\/\/revidigital.ielusc.br\/index.php\/wp-json\/wp\/v2\/categories?post=16928"},{"taxonomy":"post_tag","embeddable":true,"href":"https:\/\/revidigital.ielusc.br\/index.php\/wp-json\/wp\/v2\/tags?post=16928"}],"curies":[{"name":"wp","href":"https:\/\/api.w.org\/{rel}","templated":true}]}}