{"id":16945,"date":"2025-09-08T18:15:57","date_gmt":"2025-09-08T21:15:57","guid":{"rendered":"https:\/\/revidigital.ielusc.br\/?p=16945"},"modified":"2025-09-10T17:08:57","modified_gmt":"2025-09-10T20:08:57","slug":"o-esporte-como-caminho-de-disciplina-e-superacao","status":"publish","type":"post","link":"https:\/\/revidigital.ielusc.br\/index.php\/2025\/09\/08\/o-esporte-como-caminho-de-disciplina-e-superacao\/","title":{"rendered":"O esporte como caminho de disciplina e supera\u00e7\u00e3o"},"content":{"rendered":"\n<p>Luiz Felipe, morador de Barra do Sul, j\u00e1 conquistou tr\u00eas t\u00edtulos nacionais no Muay Thai<\/p>\n\n\n\n<p><\/p>\n\n\n\n<p>Por<em> Ana Fid\u00eancio e Kethlyn Dos Santos <\/em><\/p>\n\n\n\n<p>\u00c9 na cidade praiana de Balne\u00e1rio Barra do Sul, no litoral de Santa Catarina, que moram os 11 anos de trajet\u00f3ria no Muay Thai de Luiz Felipe Oliveira. Foi ali, entre a rotina simples do pequeno munic\u00edpio e o barulho das ondas, que ele encontrou, no esporte, uma forma de moldar o corpo e a mente. Aos 23, anos, Luiz j\u00e1 conquistou tr\u00eas t\u00edtulos nacionais e tr\u00eas regionais.<\/p>\n\n\n\n<p><br>O Muay Thai nasceu na Tail\u00e2ndia. O nome da luta surgiu em 1930. Sucessor de uma antiga arte marcial militar, passou a ser um esporte regulamentado, mas a sua chegada ao Brasil s\u00f3 aconteceu 40 anos depois. Somente nos anos 90 o esporte come\u00e7ou a ganhar for\u00e7a, principalmente ligado ao vale-tudo (antecessor do MMA). No pa\u00eds, o Muay Thai n\u00e3o tem uma federa\u00e7\u00e3o unificada e enfrenta desafios ligados \u00e0 falta de patroc\u00ednios e de visibilidade.. Mesmo diante de um cen\u00e1rio adverso, Luiz busca inspira\u00e7\u00e3o em uma frase de Bruce Lee: \u201cn\u00e3o rezo por uma vida f\u00e1cil, mas por for\u00e7a para suportar uma dif\u00edcil\u201d.<\/p>\n\n\n<div class=\"wp-block-image\">\n<figure class=\"aligncenter size-full is-resized\"><img decoding=\"async\" loading=\"lazy\" src=\"https:\/\/revidigital.ielusc.br\/wp-content\/uploads\/2025\/09\/3.jpeg\" alt=\"\" class=\"wp-image-16950\" style=\"width:497px;height:331px\" width=\"497\" height=\"331\" srcset=\"https:\/\/revidigital.ielusc.br\/wp-content\/uploads\/2025\/09\/3.jpeg 1600w, https:\/\/revidigital.ielusc.br\/wp-content\/uploads\/2025\/09\/3-1536x1023.jpeg 1536w\" sizes=\"(max-width: 497px) 100vw, 497px\" \/><figcaption class=\"wp-element-caption\">Foto Kethlyn Dos Santos<\/figcaption><\/figure><\/div>\n\n\n<blockquote class=\"wp-block-quote\">\n<p>\u201cEu treinava para bater nos outros\u201d<\/p>\n<\/blockquote>\n\n\n\n<p>Nascido em Lages e criado na praia, Luiz lembra que a inf\u00e2ncia foi marcada por crescer perto do mar, mas tamb\u00e9m pela necessidade de canalizar energia e disciplina<strong>. <\/strong>O interesse pelo Muay Thai surgiu aos 11 anos, quando o tio o levou para treinar, uma tentativa de coloc\u00e1-lo na \u201clinha\u201d.<\/p>\n\n\n\n<p>\u2014 Eu era um menino muito arteiro, fazia muita confus\u00e3o. Meu tio falou: \u201cvamos para o Muay Thai\u201d e eu curti. Acompanhei o primeiro treino, gostei, me empolguei \u2014 lembra Luiz. \u2014 N\u00e3o treinava s\u00f3 por hobby, treinava para aprender a bater nos outros, mas depois fui adquirindo disciplina e comecei a levar tudo pro ringue \u2014 conta sorrindo .<\/p>\n\n\n\n<p>For\u00e7a constante<\/p>\n\n\n\n<p>O atleta destaca o quanto sua av\u00f3 foi importante para a sua cria\u00e7\u00e3o, desempenhando o papel de pai e m\u00e3e. Nost\u00e1lgico, tamb\u00e9m recorda da experi\u00eancia no Ex\u00e9rcito Brasileiro.<\/p>\n\n\n\n<p>\u2014 Foi uma li\u00e7\u00e3o de vida, onde pude enxergar meus limites e superar muitos desafios com persist\u00eancia.<\/p>\n\n\n<div class=\"wp-block-image\">\n<figure class=\"aligncenter size-full is-resized\"><img decoding=\"async\" loading=\"lazy\" src=\"https:\/\/revidigital.ielusc.br\/wp-content\/uploads\/2025\/09\/2-1.jpeg\" alt=\"\" class=\"wp-image-16947\" style=\"width:507px;height:363px\" width=\"507\" height=\"363\" srcset=\"https:\/\/revidigital.ielusc.br\/wp-content\/uploads\/2025\/09\/2-1.jpeg 1600w, https:\/\/revidigital.ielusc.br\/wp-content\/uploads\/2025\/09\/2-1-1536x1101.jpeg 1536w\" sizes=\"(max-width: 507px) 100vw, 507px\" \/><figcaption class=\"wp-element-caption\">foto Arquivo pessoal<\/figcaption><\/figure><\/div>\n\n\n<p>A for\u00e7a da disciplina<br><br>N\u00e3o fosse o esporte, a vida de Luiz poderia ter tomado rumos bem diferentes. Na adolesc\u00eancia, ele chegou a andar com m\u00e1s companhias, pessoas que tinham envolvimento com o mundo do crime.<br><br><\/p>\n\n\n\n<p>\u2014 A ilus\u00e3o do dinheiro f\u00e1cil e da noitada&#8230; L\u00e1 dentro voc\u00ea v\u00ea muita coisa, muita coisa pesada, mas Deus me tirou de l\u00e1. Hoje estou fazendo o que amo e buscando evoluir sempre \u2014 afirma.<\/p>\n\n\n\n<p>Esse per\u00edodo do passado serviu como ponto de virada, reflexo da determina\u00e7\u00e3o de quem transformou disciplina em identidade.<\/p>\n\n\n\n<p><br>A ex-atleta Gabryella Santos Rocha, amiga de Luiz, comenta que o atleta sempre foi muito querido e respeitoso com todos. Ela fez sua estreia como corner (membro da equipe que, junto com o treinador, \u00e9 respons\u00e1vel pelo cuidado com o atleta durante a luta) em uma das lutas do amigo. A professora de Educa\u00e7\u00e3o F\u00edsica e treinadora Ana Karina Rocha conheceu Luiz atrav\u00e9s de um dos seus projetos sociais e chegou a ser parceira de treino do atleta, antes de se tornar a respons\u00e1vel pela academia Fight Lab BBS. A parceria segue at\u00e9 hoje.<\/p>\n\n\n\n<p>No dia 8 de agosto a equipe Fight Lab BBS recebeu uma Men\u00e7\u00e3o Honrosa na C\u00e2mara de Vereadores do munic\u00edpio, reconhecimento por representarem a cidade dentro do esporte.<\/p>\n\n\n<div class=\"wp-block-image\">\n<figure class=\"aligncenter size-full is-resized\"><img decoding=\"async\" loading=\"lazy\" src=\"https:\/\/revidigital.ielusc.br\/wp-content\/uploads\/2025\/09\/1-1.jpeg\" alt=\"\" class=\"wp-image-16949\" style=\"width:498px;height:496px\" width=\"498\" height=\"496\" srcset=\"https:\/\/revidigital.ielusc.br\/wp-content\/uploads\/2025\/09\/1-1.jpeg 828w, https:\/\/revidigital.ielusc.br\/wp-content\/uploads\/2025\/09\/1-1-150x150.jpeg 150w\" sizes=\"(max-width: 498px) 100vw, 498px\" \/><figcaption class=\"wp-element-caption\">Foto Kethlyn Dos Santos<\/figcaption><\/figure><\/div>","protected":false},"excerpt":{"rendered":"<p>Luiz Felipe, morador de Barra do Sul, j\u00e1 conquistou tr\u00eas t\u00edtulos nacionais no Muay Thai Por Ana Fid\u00eancio e Kethlyn Dos Santos \u00c9 na cidade praiana de Balne\u00e1rio Barra do Sul, no litoral de Santa Catarina, que moram os 11 anos de trajet\u00f3ria no Muay Thai de Luiz Felipe Oliveira. Foi ali, entre a rotina [&hellip;]<\/p>\n","protected":false},"author":1,"featured_media":16951,"comment_status":"open","ping_status":"open","sticky":false,"template":"","format":"standard","meta":{"footnotes":""},"categories":[97,20,4,46,2020,26],"tags":[1577,90,184,57,48,34,771,2077],"_links":{"self":[{"href":"https:\/\/revidigital.ielusc.br\/index.php\/wp-json\/wp\/v2\/posts\/16945"}],"collection":[{"href":"https:\/\/revidigital.ielusc.br\/index.php\/wp-json\/wp\/v2\/posts"}],"about":[{"href":"https:\/\/revidigital.ielusc.br\/index.php\/wp-json\/wp\/v2\/types\/post"}],"author":[{"embeddable":true,"href":"https:\/\/revidigital.ielusc.br\/index.php\/wp-json\/wp\/v2\/users\/1"}],"replies":[{"embeddable":true,"href":"https:\/\/revidigital.ielusc.br\/index.php\/wp-json\/wp\/v2\/comments?post=16945"}],"version-history":[{"count":2,"href":"https:\/\/revidigital.ielusc.br\/index.php\/wp-json\/wp\/v2\/posts\/16945\/revisions"}],"predecessor-version":[{"id":16955,"href":"https:\/\/revidigital.ielusc.br\/index.php\/wp-json\/wp\/v2\/posts\/16945\/revisions\/16955"}],"wp:featuredmedia":[{"embeddable":true,"href":"https:\/\/revidigital.ielusc.br\/index.php\/wp-json\/wp\/v2\/media\/16951"}],"wp:attachment":[{"href":"https:\/\/revidigital.ielusc.br\/index.php\/wp-json\/wp\/v2\/media?parent=16945"}],"wp:term":[{"taxonomy":"category","embeddable":true,"href":"https:\/\/revidigital.ielusc.br\/index.php\/wp-json\/wp\/v2\/categories?post=16945"},{"taxonomy":"post_tag","embeddable":true,"href":"https:\/\/revidigital.ielusc.br\/index.php\/wp-json\/wp\/v2\/tags?post=16945"}],"curies":[{"name":"wp","href":"https:\/\/api.w.org\/{rel}","templated":true}]}}