{"id":16980,"date":"2025-09-10T11:56:14","date_gmt":"2025-09-10T14:56:14","guid":{"rendered":"https:\/\/revidigital.ielusc.br\/?p=16980"},"modified":"2025-09-10T17:16:23","modified_gmt":"2025-09-10T20:16:23","slug":"invocacao-do-mal-4-quando-a-formula-cansa-2025","status":"publish","type":"post","link":"https:\/\/revidigital.ielusc.br\/index.php\/2025\/09\/10\/invocacao-do-mal-4-quando-a-formula-cansa-2025\/","title":{"rendered":"Invoca\u00e7\u00e3o do Mal 4: Quando a f\u00f3rmula cansa! (2025)"},"content":{"rendered":"\n<p><em><strong>Resenha cr\u00edtica por Guilherme Beck Scolari<\/strong><\/em><\/p>\n\n\n\n<p>A saga dos Warren chega ao seu cap\u00edtulo final com Invoca\u00e7\u00e3o do Mal 4: O \u00daltimo Ritual. Ap\u00f3s dois primeiros filmes que se firmaram como refer\u00eancia de terror moderno (e um terceiro longa mediano, mas que ainda dava conta do recado) esperava-se um encerramento digno para a franquia. Infelizmente, o resultado entrega (muito) menos do que prometia.<\/p>\n\n\n\n<p>A dire\u00e7\u00e3o de Michael Chaves &#8211; tamb\u00e9m respons\u00e1vel pelo terceiro filme da saga, al\u00e9m de A freira 2 e a Maldi\u00e7\u00e3o da Chorona (esse \u00e9 muito ruim!) &#8211; tenta emular o estilo de James Wan, que criou o Universo de invoca\u00e7\u00e3o do mal e dirigiu os dois primeiros filmes &#8211; mas falha em capturar a ess\u00eancia que tornava aquela dire\u00e7\u00e3o especial: o timing dos sustos, a constru\u00e7\u00e3o de mundo e a atmosfera de tens\u00e3o hipnotizante &#8211; al\u00e9m de um jogo ds camera din\u00e2mico, utilizando de takes longos, oscilando entre c\u00e2mera na m\u00e3o para enfatizar o realismo e giros fluidos para os elementos sobrenaturais.&nbsp;<\/p>\n\n\n\n<p>A sensa\u00e7\u00e3o do trabalho de Chaves \u00e9 de uma dire\u00e7\u00e3o que apenas recicla batidas um dia inovadoras sem muita inspira\u00e7\u00e3o, oferecendo sustos facilmente telegrafados e uma falta de inventividade que assusta mais do que o filme em si!<\/p>\n\n\n\n<p>A narrativa tamb\u00e9m sofre com ritmo truncado. A hist\u00f3ria se desenvolve de maneira desnorteada, deixando lacunas entre o excessivo n\u00famero de subtramas e tornando a experi\u00eancia arrastada. A despedida de Ed e Lorraine Warren acaba se tornando cafona em meio a tantas situa\u00e7\u00f5es j\u00e1 exploradas e o excessivo apelo emocional do filme, gerando uma impress\u00e3o de auto par\u00f3dia onde os protagonistas parecem mais super her\u00f3is do que pessoas reais (com a trilha sonora, inclusive, colaborando para tal impress\u00e3o)<\/p>\n\n\n\n<p>Os atores permanecem excepcionais. Todos esses anos interpretando o casal Warren fazem com que Vera Farmiga e Patrick Wilson segurem a barra com facilidade, sendo essa qu\u00edmica entre os atores um dos poucos fatores genuinamente bons nesse quarto cap\u00edtulo.&nbsp;<\/p>\n\n\n\n<p>Os personagens novos n\u00e3o ofendem, mas tomam muito espa\u00e7o em cena, principalmente a filha dos Warren, Judy &#8211; que possui uma subtrama que toma um tempo inexplic\u00e1vel no roteiro batendo na mesma tecla, trazendo uma resolu\u00e7\u00e3o pregui\u00e7osa e um \u201cdesenvolvimento\u201d repetitivo ao ponto de beirar o rid\u00edculo. Um maior foco na trama central ajudaria a experi\u00eancia um pouco menos entediante. \u00c9 realmente uma pena os realizadores n\u00e3o acreditarem em suas ideias, apenas abusando de elementos j\u00e1 conhecidos pelos f\u00e3s (como refer\u00eancias e rostinhos de longas anteriores) para tentar tirar alguma emo\u00e7\u00e3o do fr\u00e1gil roteiro.<\/p>\n\n\n\n<p>Em suma, Invoca\u00e7\u00e3o do Mal 4 \u00e9 um filme mediano, que n\u00e3o consegue honrar a import\u00e2ncia hist\u00f3rica da franquia. Para f\u00e3s hardcore, ainda \u00e9 poss\u00edvel extrair alguma nostalgia e dar um adeus aos Warren, mas para quem esperava um fechamento digno e memor\u00e1vel, a frustra\u00e7\u00e3o \u00e9 inevit\u00e1vel. A franquia, antes reconhecida por ter revolucionado o horror moderno, encerra este cap\u00edtulo de forma morna e segura, sendo apenas mais um produto ao meio de tantos &#8211; longe do impacto que a tornou t\u00e3o importante em primeiro lugar.<\/p>\n\n\n\n<p>(Se estiver a fim de ver um filme de terror, veja \u201cFa\u00e7a ela Voltar\u201d (2025) &#8211; pois esse sim faz por merecer!)<\/p>\n\n\n\n<p>Avalia\u00e7\u00e3o: \u2b50\ufe0f\u2b50\ufe0f,5 \/ 5<\/p>\n","protected":false},"excerpt":{"rendered":"<p>Resenha cr\u00edtica por Guilherme Beck Scolari A saga dos Warren chega ao seu cap\u00edtulo final com Invoca\u00e7\u00e3o do Mal 4: O \u00daltimo Ritual. Ap\u00f3s dois primeiros filmes que se firmaram como refer\u00eancia de terror moderno (e um terceiro longa mediano, mas que ainda dava conta do recado) esperava-se um encerramento digno para a franquia. Infelizmente, [&hellip;]<\/p>\n","protected":false},"author":1,"featured_media":16981,"comment_status":"open","ping_status":"open","sticky":false,"template":"","format":"standard","meta":{"footnotes":""},"categories":[2023,97,20,1990,1580],"tags":[270,1577,90,57,1625,34,1309],"_links":{"self":[{"href":"https:\/\/revidigital.ielusc.br\/index.php\/wp-json\/wp\/v2\/posts\/16980"}],"collection":[{"href":"https:\/\/revidigital.ielusc.br\/index.php\/wp-json\/wp\/v2\/posts"}],"about":[{"href":"https:\/\/revidigital.ielusc.br\/index.php\/wp-json\/wp\/v2\/types\/post"}],"author":[{"embeddable":true,"href":"https:\/\/revidigital.ielusc.br\/index.php\/wp-json\/wp\/v2\/users\/1"}],"replies":[{"embeddable":true,"href":"https:\/\/revidigital.ielusc.br\/index.php\/wp-json\/wp\/v2\/comments?post=16980"}],"version-history":[{"count":1,"href":"https:\/\/revidigital.ielusc.br\/index.php\/wp-json\/wp\/v2\/posts\/16980\/revisions"}],"predecessor-version":[{"id":16982,"href":"https:\/\/revidigital.ielusc.br\/index.php\/wp-json\/wp\/v2\/posts\/16980\/revisions\/16982"}],"wp:featuredmedia":[{"embeddable":true,"href":"https:\/\/revidigital.ielusc.br\/index.php\/wp-json\/wp\/v2\/media\/16981"}],"wp:attachment":[{"href":"https:\/\/revidigital.ielusc.br\/index.php\/wp-json\/wp\/v2\/media?parent=16980"}],"wp:term":[{"taxonomy":"category","embeddable":true,"href":"https:\/\/revidigital.ielusc.br\/index.php\/wp-json\/wp\/v2\/categories?post=16980"},{"taxonomy":"post_tag","embeddable":true,"href":"https:\/\/revidigital.ielusc.br\/index.php\/wp-json\/wp\/v2\/tags?post=16980"}],"curies":[{"name":"wp","href":"https:\/\/api.w.org\/{rel}","templated":true}]}}