{"id":16985,"date":"2025-09-10T16:48:49","date_gmt":"2025-09-10T19:48:49","guid":{"rendered":"https:\/\/revidigital.ielusc.br\/?p=16985"},"modified":"2025-09-10T17:22:42","modified_gmt":"2025-09-10T20:22:42","slug":"atleticas-promovem-campeonato-em-joinville-com-integracao-de-academicos","status":"publish","type":"post","link":"https:\/\/revidigital.ielusc.br\/index.php\/2025\/09\/10\/atleticas-promovem-campeonato-em-joinville-com-integracao-de-academicos\/","title":{"rendered":"Atl\u00e9ticas promovem campeonato em Joinville com integra\u00e7\u00e3o de acad\u00eamicos"},"content":{"rendered":"\n<p><em>Os jogos iniciaram dia 16 de agosto e v\u00e3o at\u00e9 13 de setembro em diversos pontos da cidade<\/em><\/p>\n\n\n\n<p>O Interlaje se aproximam do seu encerramento. No pr\u00f3ximo fim de semana ocorrem as \u00faltimas finais dos jogos, com as modalidades de futsal, v\u00f4lei, basquete e handebol na Unisociesc Campus Park. \u00c0 noite, a partir das 22h no&nbsp;Joinville Square Garten, ocorre o <a href=\"https:\/\/ingressosgt.com.br\/festas\/deu-liga-open-bar\">Deu liga<\/a>. A festa sela o encerramento com a entrega dos t\u00edtulos gerais. A competi\u00e7\u00e3o re\u00fane mais de 2,5 mil&nbsp; universit\u00e1rios em quase um m\u00eas de competi\u00e7\u00f5es aos s\u00e1bados e domingos.&nbsp; S\u00e3o 19 atl\u00e9ticas de Joinville e regi\u00e3o, incluindo Blumenau disputando diversas modalidades.<\/p>\n\n\n<div class=\"wp-block-image\">\n<figure class=\"aligncenter size-large is-resized\"><img decoding=\"async\" loading=\"lazy\" src=\"https:\/\/revidigital.ielusc.br\/wp-content\/uploads\/2025\/09\/@thfotoo-22-de-298-scaled-e1757533122389-931x1024.jpg\" alt=\"\" class=\"wp-image-16994\" style=\"width:475px;height:523px\" width=\"475\" height=\"523\" srcset=\"https:\/\/revidigital.ielusc.br\/wp-content\/uploads\/2025\/09\/@thfotoo-22-de-298-scaled-e1757533122389-931x1024.jpg 931w, https:\/\/revidigital.ielusc.br\/wp-content\/uploads\/2025\/09\/@thfotoo-22-de-298-scaled-e1757533122389-1397x1536.jpg 1397w, https:\/\/revidigital.ielusc.br\/wp-content\/uploads\/2025\/09\/@thfotoo-22-de-298-scaled-e1757533122389-1862x2048.jpg 1862w, https:\/\/revidigital.ielusc.br\/wp-content\/uploads\/2025\/09\/@thfotoo-22-de-298-scaled-e1757533122389-273x300.jpg 273w, https:\/\/revidigital.ielusc.br\/wp-content\/uploads\/2025\/09\/@thfotoo-22-de-298-scaled-e1757533122389-768x845.jpg 768w, https:\/\/revidigital.ielusc.br\/wp-content\/uploads\/2025\/09\/@thfotoo-22-de-298-scaled-e1757533122389.jpg 2048w\" sizes=\"(max-width: 475px) 100vw, 475px\" \/><figcaption class=\"wp-element-caption\">Prova de atletismo &#8211; Thiago Vasconcelos | Liga das Atl\u00e9ticas de Joinville e Regi\u00e3o<\/figcaption><\/figure><\/div>\n\n\n<p>A atual edi\u00e7\u00e3o contou com duas divis\u00f5es: a divis\u00e3o principal (S\u00e9rie A) e a divis\u00e3o de acesso (S\u00e9rie B). Todos os anos, duas atl\u00e9ticas s\u00e3o rebaixadas da primeira divis\u00e3o e duas sobem da segunda. Os pontos s\u00e3o decorrentes de todas as modalidades praticadas, al\u00e9m da participa\u00e7\u00e3o na abertura, que tamb\u00e9m gera pontos. Este ano, h\u00e1 uma estreante. Rasantes que pertence a FURB (Universidade Regional de Blumenau) entrou para o grupo de Joinville, sendo a segunda atl\u00e9tica de Blumenau a se juntar. A primeira foi a AAASF (Associa\u00e7\u00e3o Atl\u00e9tica de Sa\u00fade), que pertence \u00e0 mesma universidade. Seu ingresso ocorreu em 2024, conseguindo o feito do t\u00edtulo da divis\u00e3o de acesso e a vaga para a divis\u00e3o principal em seu primeiro ano.&nbsp;<\/p>\n\n\n\n<p>As competi\u00e7\u00f5es tiveram uma crescente nos \u00faltimos anos, abrangendo mais lugares e mais esportes. \u201cCome\u00e7amos o planejamento l\u00e1 em janeiro. Por se tratar de um evento muito grande, a Comiss\u00e3o Organizadora da liga contrata uma empresa para auxiliar no evento. Eles ficam com a parte de contrata\u00e7\u00e3o, fornecedores e organiza\u00e7\u00e3o\u201d disse Pyetra Maas, estudante de Engenharia civil na Universidade do Estado de Santa Catarina (UDESC) e atual presidente da Liga das Atl\u00e9ticas de Joinville e Regi\u00e3o. \u201cFazemos com bastante anteced\u00eancia para que as associa\u00e7\u00f5es consigam se planejar, levantar seus fundos e participar dos jogos\u201d, completou.<\/p>\n\n\n<div class=\"wp-block-image\">\n<figure class=\"aligncenter size-large is-resized\"><img decoding=\"async\" loading=\"lazy\" src=\"https:\/\/revidigital.ielusc.br\/wp-content\/uploads\/2025\/09\/@thfotoo-141-de-246-scaled-e1757533169150-1024x1011.jpg\" alt=\"\" class=\"wp-image-16987\" style=\"width:532px;height:525px\" width=\"532\" height=\"525\" srcset=\"https:\/\/revidigital.ielusc.br\/wp-content\/uploads\/2025\/09\/@thfotoo-141-de-246-scaled-e1757533169150-1024x1011.jpg 1024w, https:\/\/revidigital.ielusc.br\/wp-content\/uploads\/2025\/09\/@thfotoo-141-de-246-scaled-e1757533169150-1536x1517.jpg 1536w, https:\/\/revidigital.ielusc.br\/wp-content\/uploads\/2025\/09\/@thfotoo-141-de-246-scaled-e1757533169150-300x296.jpg 300w, https:\/\/revidigital.ielusc.br\/wp-content\/uploads\/2025\/09\/@thfotoo-141-de-246-scaled-e1757533169150-768x758.jpg 768w, https:\/\/revidigital.ielusc.br\/wp-content\/uploads\/2025\/09\/@thfotoo-141-de-246-scaled-e1757533169150.jpg 2048w\" sizes=\"(max-width: 532px) 100vw, 532px\" \/><figcaption class=\"wp-element-caption\">Pyetra Maas, presidente da Liga durante cerim\u00f4nia de abertura &#8211; Thiago Vasconcelos | Liga das Atl\u00e9ticas de Joinville e Regi\u00e3o<\/figcaption><\/figure><\/div>\n\n\n<p>Hoje as modalidades presentes s\u00e3o: atletismo, fifa, jud\u00f4, basquete, futsal, v\u00f4lei, nata\u00e7\u00e3o, xadrez, t\u00eanis de mesa e handebol. O campeonato apresenta seis pra\u00e7as para as disputas em diversos pontos da cidade, sendo a principal na Unisociesc Campus Park, onde \u00e9 feita a abertura e encerramento dos jogos, al\u00e9m de algumas das modalidades coletivas.<\/p>\n\n\n\n<p><strong><em>Surgimento das atl\u00e9ticas<\/em><\/strong><\/p>\n\n\n\n<p>O movimento&nbsp; na cidade teve in\u00edcio em 2005, com o surgimento da CCT, grupo que pertencia \u00e0 UDESC, de Joinville. O seu prop\u00f3sito \u00e9 promover a integra\u00e7\u00e3o de estudantes atrav\u00e9s de jogos, festas e a\u00e7\u00f5es sociais. At\u00e9 hoje a atl\u00e9tica se mant\u00e9m firme e segue trilhando seus caminhos sendo uma das mais tradicionais da regi\u00e3o. Depois dos \u201ccachorros loucos\u201d, come\u00e7aram a surgir nas outras universidades novos movimentos.&nbsp;<\/p>\n\n\n\n<p>A liga das atl\u00e9ticas surgiu em&nbsp; 2014, com o prop\u00f3sito de organizar competi\u00e7\u00f5es&nbsp; para acad\u00eamicos de Joinville, juntando as associa\u00e7\u00f5es existentes da \u00e9poca. Segundo o presidente da AACOM (Associa\u00e7\u00e3o Atl\u00e9tica de Comunica\u00e7\u00e3o) da \u00e9poca, Vitor&nbsp; Forcellini, algumas associa\u00e7\u00f5es j\u00e1 disputavam jogos. \u201cA gente tinha o JUCS (Jogos Universit\u00e1rios de Comunica\u00e7\u00e3o Social), outras a Intermed, Jiudesc e etc. A ideia era&nbsp; fazer algo do tipo em Joinville at\u00e9 porque muitas n\u00e3o tinham jogos. Atrav\u00e9s disso, surgiu o Interlaje, uma jun\u00e7\u00e3o de modalidades que seria disputada por estudantes de diversas universidades da cidade\u201d, comenta. <\/p>\n\n\n\n<p>A primeira edi\u00e7\u00e3o ocorreu em 2015, sendo a campe\u00e3 a atl\u00e9tica ABUS, da Univille. Com o decorrer dos anos, as competi\u00e7\u00f5es foram evoluindo e abrangendo mais esportes, aumentando a integra\u00e7\u00e3o dos universit\u00e1rios e hoje sendo considerada uma das maiores da regi\u00e3o.<\/p>\n\n\n<div class=\"wp-block-image\">\n<figure class=\"aligncenter size-full is-resized\"><img decoding=\"async\" loading=\"lazy\" src=\"https:\/\/revidigital.ielusc.br\/wp-content\/uploads\/2025\/09\/@thfotoo-87-de-496-scaled.jpg\" alt=\"\" class=\"wp-image-16986\" style=\"width:664px;height:443px\" width=\"664\" height=\"443\" srcset=\"https:\/\/revidigital.ielusc.br\/wp-content\/uploads\/2025\/09\/@thfotoo-87-de-496-scaled.jpg 2560w, https:\/\/revidigital.ielusc.br\/wp-content\/uploads\/2025\/09\/@thfotoo-87-de-496-1536x1024.jpg 1536w, https:\/\/revidigital.ielusc.br\/wp-content\/uploads\/2025\/09\/@thfotoo-87-de-496-2048x1366.jpg 2048w\" sizes=\"(max-width: 664px) 100vw, 664px\" \/><figcaption class=\"wp-element-caption\">Comit\u00ea da atl\u00e9tica ABUS durante cerim\u00f4nia de abertura &#8211; Thiago Vasconcelos | Liga das Atl\u00e9ticas de Joinville e Regi\u00e3o<\/figcaption><\/figure><\/div>","protected":false},"excerpt":{"rendered":"<p>Os jogos iniciaram dia 16 de agosto e v\u00e3o at\u00e9 13 de setembro em diversos pontos da cidade O Interlaje se aproximam do seu encerramento. No pr\u00f3ximo fim de semana ocorrem as \u00faltimas finais dos jogos, com as modalidades de futsal, v\u00f4lei, basquete e handebol na Unisociesc Campus Park. \u00c0 noite, a partir das 22h [&hellip;]<\/p>\n","protected":false},"author":33,"featured_media":16988,"comment_status":"open","ping_status":"open","sticky":false,"template":"","format":"standard","meta":{"footnotes":""},"categories":[20,46,78,2007],"tags":[1812,184,57,48,34],"_links":{"self":[{"href":"https:\/\/revidigital.ielusc.br\/index.php\/wp-json\/wp\/v2\/posts\/16985"}],"collection":[{"href":"https:\/\/revidigital.ielusc.br\/index.php\/wp-json\/wp\/v2\/posts"}],"about":[{"href":"https:\/\/revidigital.ielusc.br\/index.php\/wp-json\/wp\/v2\/types\/post"}],"author":[{"embeddable":true,"href":"https:\/\/revidigital.ielusc.br\/index.php\/wp-json\/wp\/v2\/users\/33"}],"replies":[{"embeddable":true,"href":"https:\/\/revidigital.ielusc.br\/index.php\/wp-json\/wp\/v2\/comments?post=16985"}],"version-history":[{"count":12,"href":"https:\/\/revidigital.ielusc.br\/index.php\/wp-json\/wp\/v2\/posts\/16985\/revisions"}],"predecessor-version":[{"id":17020,"href":"https:\/\/revidigital.ielusc.br\/index.php\/wp-json\/wp\/v2\/posts\/16985\/revisions\/17020"}],"wp:featuredmedia":[{"embeddable":true,"href":"https:\/\/revidigital.ielusc.br\/index.php\/wp-json\/wp\/v2\/media\/16988"}],"wp:attachment":[{"href":"https:\/\/revidigital.ielusc.br\/index.php\/wp-json\/wp\/v2\/media?parent=16985"}],"wp:term":[{"taxonomy":"category","embeddable":true,"href":"https:\/\/revidigital.ielusc.br\/index.php\/wp-json\/wp\/v2\/categories?post=16985"},{"taxonomy":"post_tag","embeddable":true,"href":"https:\/\/revidigital.ielusc.br\/index.php\/wp-json\/wp\/v2\/tags?post=16985"}],"curies":[{"name":"wp","href":"https:\/\/api.w.org\/{rel}","templated":true}]}}