{"id":17025,"date":"2025-09-11T16:54:52","date_gmt":"2025-09-11T19:54:52","guid":{"rendered":"https:\/\/revidigital.ielusc.br\/?p=17025"},"modified":"2025-09-29T16:44:13","modified_gmt":"2025-09-29T19:44:13","slug":"do-resgate-de-animais-ao-powerlifting-a-historia-de-marli-piekarski","status":"publish","type":"post","link":"https:\/\/revidigital.ielusc.br\/index.php\/2025\/09\/11\/do-resgate-de-animais-ao-powerlifting-a-historia-de-marli-piekarski\/","title":{"rendered":"Do resgate de animais ao powerlifting, a hist\u00f3ria de Marli Piekarski"},"content":{"rendered":"\n<p>Aos 63 anos, ela \u00e9 uma das protagonistas no resgate de animais em Joinville e recordista em levantamento de peso.<\/p>\n\n\n\n<p><strong><em>Por  Daniela Cunha e Matheus Mafra<\/em><\/strong><\/p>\n\n\n\n<p>No Brasil, <a href=\"https:\/\/valor.globo.com\/conteudo-de-marca\/mars-petcare\/noticia\/2024\/12\/13\/mais-de-30-milhoes-de-animais-vivem-em-situacao-de-abandono-no-brasil-mostra-pesquisa-da-mars-petcare.ghtml#:~:text=Panorama%20do%20abandono%20animal&amp;text=No%20Brasil%2C%2025%25%20dos%20c%C3%A3es,locais%20mantidos%20pelo%20poder%20p%C3%BAblico.\">mais de 20 milh\u00f5es de c\u00e3es est\u00e3o em situa\u00e7\u00e3o de abandono<\/a>. Entretanto, em Joinville, no norte de Santa Catarina, h\u00e1 uma personagem determinada em reverter esse quadro.<\/p>\n\n\n\n<p>Em uma casa alugada, no final de uma rua do bairro Vila Nova, mais de 20 c\u00e3es resgatados se abrigam em pequenos compartimentos, aguardando um lar quentinho e cheio de amor. Apesar das dificuldades, os cachorros brincam entre si e t\u00eam na \u201cDona Marli\u201d, dona do abrigo, uma fada madrinha.<\/p>\n\n\n\n<p>Marli Piekarski, de 63 anos, \u00e9 natural de S\u00e3o Bento do Sul. Seu primeiro contato com o resgate de animais ocorreu em campanhas de doa\u00e7\u00e3o de ra\u00e7\u00e3o. Logo chegou o Jhony, o primeiro c\u00e3ozinho que ajudou. \u201cEle chegou todo quebrado, levei para fazer cirurgia. Foi para a minha casa fazer a recupera\u00e7\u00e3o e nunca mais saiu\u201d, conta.<\/p>\n\n\n\n<p>Hoje, 20 anos depois, ela \u00e9 presidente da Apajoi (Associa\u00e7\u00e3o de Protetores de Animais de Joinville) e propriet\u00e1ria da Casa da Mama, lugar destinado \u00e0 recupera\u00e7\u00e3o para os animais que ela e outros volunt\u00e1rios resgatam.&nbsp;<\/p>\n\n\n\n<p>O come\u00e7o foi conturbado. A sugest\u00e3o de ter uma casa para acolher os animais resgatados foi de uma amiga e, segundo Marli, ela foi \u201cp\u00e9 no ch\u00e3o\u201d e contra a ideia. \u201cFalei que isso afetaria nossa amizade, que \u00e9 um compromisso muito grande e que certamente geraria contradi\u00e7\u00e3o\u2026 \u2018Bingo\u2019, dois anos depois, ela n\u00e3o aguentou\u201d.<\/p>\n\n\n\n<p>Emocionada, Marli sabe das dificuldades e turbul\u00eancias como ningu\u00e9m. \u00c9 um trabalho de domingo a domingo, sem folgas, isso sem contar a parte financeira, alimenta\u00e7\u00e3o e limpeza. A Casa da Mama est\u00e1 com R$ 22.260,90 em d\u00edvidas, ap\u00f3s diversos tratamentos e cirurgias necess\u00e1rias para salvar a vida dos animais. Os volunt\u00e1rios <a href=\"https:\/\/www.vakinha.com.br\/vaquinha\/sos-casa-da-mama?fbclid=PAQ0xDSwMYl7NleHRuA2FlbQIxMQABp9HValaUzQyNv9UsgzOhyk3ZUj9myeQoRHHFPE0wJDOu1DDwCsxtuFj4VorM_aem_-wbzwjdMDIqCesQu1ZmaFA\">precisaram abrir uma vaquinha online<\/a> para arrecadar fundos.<\/p>\n\n\n\n<p>\u201cSer forte nas perdas e continuar dia ap\u00f3s dia me afeta. Eu n\u00e3o posso e nem tenho tempo e direito de cair, faltar para os outros, porque l\u00e1 eles dependem de mim\u201d, explica. \u201c\u00c0s vezes, s\u00f3 quero um buraco para me esconder.\u201d<\/p>\n\n\n\n<p>A sa\u00fade mental das pessoas que resgatam bichinhos ou t\u00eam a causa animal no centro de suas vidas ainda \u00e9 pouco debatida, mas <a href=\"https:\/\/super.abril.com.br\/saude\/pessoas-que-resgatam-animais-abandonados-ou-maltratados-tem-maior-risco-de-problemas-de-saude-mental\/\">estudos<\/a> j\u00e1 mostram que esses indiv\u00edduos t\u00eam mais probabilidade de desenvolver doen\u00e7as como depress\u00e3o e ansiedade. Existe at\u00e9 um termo para esse tipo de <em>burnout<\/em>: <a href=\"https:\/\/www.bbc.com\/portuguese\/geral-49287824\">fadiga por compaix\u00e3o<\/a>.<\/p>\n\n\n\n<p>Felizmente, Marli n\u00e3o caminha por essa estrada sozinha. Jennifer Caroline Ernst \u00e9 volunt\u00e1ria na Casa da Mama h\u00e1 cinco anos e cita Piekarski como sua inspira\u00e7\u00e3o. \u201cA Marli me inspira a ser forte e a lutar por eles todos os dias com unhas e dentes, como tamb\u00e9m a enxergar o antes e depois de cada caso; saber que saiu de uma situa\u00e7\u00e3o de abandono e depois deu tudo certo, com eles saud\u00e1veis, vacinados\u2026 isso n\u00e3o tem pre\u00e7o e valor que se pague\u201d, declarou.<\/p>\n\n\n<div class=\"wp-block-image\">\n<figure class=\"aligncenter size-full is-resized\"><img decoding=\"async\" loading=\"lazy\" src=\"https:\/\/revidigital.ielusc.br\/wp-content\/uploads\/2025\/09\/WhatsApp-Image-2025-09-10-at-16.00.50.jpeg\" alt=\"\" class=\"wp-image-17026\" style=\"width:554px;height:419px\" width=\"554\" height=\"419\"\/><figcaption class=\"wp-element-caption\">Marli com um dos c\u00e3es que resgatou. Cr\u00e9ditos: Acervo pessoal\/Marli Piekarski<br><\/figcaption><\/figure><\/div>\n\n\n<h2 class=\"wp-block-heading\">Uma mulher (literalmente) forte<\/h2>\n\n\n\n<p>Al\u00e9m da causa animal, Marli surpreende ao revelar sua outra paix\u00e3o: o <em>powerlifting<\/em>, esporte de for\u00e7a que envolve o levantamento de peso com agachamento, supino e levantamento terra.&nbsp;<\/p>\n\n\n\n<p>H\u00e1 30 anos, quando a intoler\u00e2ncia ao gl\u00faten n\u00e3o era muito debatida, Piekarski quase perdeu sua vida antes do diagn\u00f3stico. Foram in\u00fameros exames e tratamentos, o que a fez perder uma quantidade enorme de massa muscular. Por recomenda\u00e7\u00e3o m\u00e9dica, passou a frequentar a academia e foi assim que descobriu e se apaixonou pelo esporte.<\/p>\n\n\n\n<p>\u201cSou recordista e atual campe\u00e3 brasileira e mundial da minha categoria [Master 5]. Em outubro, o campeonato ser\u00e1 no Brasil. Vou tentar defender e levantar meus recordes\u201d, conta com a confian\u00e7a digna de uma super-hero\u00edna moderna.<\/p>\n","protected":false},"excerpt":{"rendered":"<p>Aos 63 anos, ela \u00e9 uma das protagonistas no resgate de animais em Joinville e recordista em levantamento de peso. Por Daniela Cunha e Matheus Mafra No Brasil, mais de 20 milh\u00f5es de c\u00e3es est\u00e3o em situa\u00e7\u00e3o de abandono. Entretanto, em Joinville, no norte de Santa Catarina, h\u00e1 uma personagem determinada em reverter esse quadro. [&hellip;]<\/p>\n","protected":false},"author":1,"featured_media":17027,"comment_status":"open","ping_status":"open","sticky":false,"template":"","format":"standard","meta":{"footnotes":""},"categories":[97,20,4,46,2007,2020,17],"tags":[2114,1577,1840,108,184,57,34,771],"_links":{"self":[{"href":"https:\/\/revidigital.ielusc.br\/index.php\/wp-json\/wp\/v2\/posts\/17025"}],"collection":[{"href":"https:\/\/revidigital.ielusc.br\/index.php\/wp-json\/wp\/v2\/posts"}],"about":[{"href":"https:\/\/revidigital.ielusc.br\/index.php\/wp-json\/wp\/v2\/types\/post"}],"author":[{"embeddable":true,"href":"https:\/\/revidigital.ielusc.br\/index.php\/wp-json\/wp\/v2\/users\/1"}],"replies":[{"embeddable":true,"href":"https:\/\/revidigital.ielusc.br\/index.php\/wp-json\/wp\/v2\/comments?post=17025"}],"version-history":[{"count":2,"href":"https:\/\/revidigital.ielusc.br\/index.php\/wp-json\/wp\/v2\/posts\/17025\/revisions"}],"predecessor-version":[{"id":17042,"href":"https:\/\/revidigital.ielusc.br\/index.php\/wp-json\/wp\/v2\/posts\/17025\/revisions\/17042"}],"wp:featuredmedia":[{"embeddable":true,"href":"https:\/\/revidigital.ielusc.br\/index.php\/wp-json\/wp\/v2\/media\/17027"}],"wp:attachment":[{"href":"https:\/\/revidigital.ielusc.br\/index.php\/wp-json\/wp\/v2\/media?parent=17025"}],"wp:term":[{"taxonomy":"category","embeddable":true,"href":"https:\/\/revidigital.ielusc.br\/index.php\/wp-json\/wp\/v2\/categories?post=17025"},{"taxonomy":"post_tag","embeddable":true,"href":"https:\/\/revidigital.ielusc.br\/index.php\/wp-json\/wp\/v2\/tags?post=17025"}],"curies":[{"name":"wp","href":"https:\/\/api.w.org\/{rel}","templated":true}]}}