{"id":17029,"date":"2025-09-11T17:25:09","date_gmt":"2025-09-11T20:25:09","guid":{"rendered":"https:\/\/revidigital.ielusc.br\/?p=17029"},"modified":"2025-09-29T16:46:13","modified_gmt":"2025-09-29T19:46:13","slug":"cursos-de-comunicacao-lancam-premio-de-producao-audiovisual-saiba-como-se-inscrever","status":"publish","type":"post","link":"https:\/\/revidigital.ielusc.br\/index.php\/2025\/09\/11\/cursos-de-comunicacao-lancam-premio-de-producao-audiovisual-saiba-como-se-inscrever\/","title":{"rendered":"Cursos de comunica\u00e7\u00e3o lan\u00e7am pr\u00eamio de produ\u00e7\u00e3o audiovisual; saiba como se inscrever"},"content":{"rendered":"\n<p><strong><em>Por Maiara Maduro<\/em><\/strong><\/p>\n\n\n\n<p>A premia\u00e7\u00e3o que ir\u00e1 compor a programa\u00e7\u00e3o da Semana Integrada de Comunica\u00e7\u00e3o &#8211; SIC 2025, de 28 de setembro a 1\u00ba de outubro, pretende valorizar e incentivar produ\u00e7\u00f5es audiovisuais dos acad\u00eamicos de Jornalismo e Publicidade e Propaganda da Faculdade IELUSC. O&nbsp; 1\u00ba Pr\u00eamio Ca\u00edto de Produ\u00e7\u00e3o Audiovisual ir\u00e1 condecorar as melhores produ\u00e7\u00f5es de cada curso com um trof\u00e9u, al\u00e9m de certificar aquelas que atingirem determinada pontua\u00e7\u00e3o com \u201cHonra ao M\u00e9rito\u201d. As inscri\u00e7\u00f5es j\u00e1 est\u00e3o abertas e seguem at\u00e9 19 de setembro.<\/p>\n\n\n\n<p>Podem se inscrever acad\u00eamicos regularmente matriculados nos cursos de Jornalismo e Publicidade e Propaganda da Faculdade IELUSC e egressos concluintes no ano de 2024 ou 2025.1. Os v\u00eddeos devem ter sido produzidos em uma disciplina ao longo dos anos de 2024 e 2025. Cada aluno pode inscrever at\u00e9 dois trabalhos.<\/p>\n\n\n\n<p><a href=\"https:\/\/drive.google.com\/file\/d\/1puvtr76S-5n5Hs6BSxWzU5rkSAe2IhH6\/view?usp=sharing\">Clique aqui <\/a>e confira todas as normas no regulamento.<\/p>\n\n\n\n<p>Ao todo, s\u00e3o seis categorias, tr\u00eas para cada curso. Em Jornalismo, as produ\u00e7\u00f5es podem ser inscritas em: reportagem, document\u00e1rio e conte\u00fado jornal\u00edstico digital. Em PP, as categorias s\u00e3o: v\u00eddeo comercial (spot), curtas-metragens e produ\u00e7\u00e3o audiovisual para Internet.<\/p>\n\n\n\n<p>As produ\u00e7\u00f5es inscritas e selecionadas ser\u00e3o exibidas ao p\u00fablico durante a SIC, em salas separadas por \u00e1rea (Jornalismo e Publicidade), no dia 1\u00ba de outubro, \u00e0s 19h. A entrega da premia\u00e7\u00e3o est\u00e1 prevista para \u00e0s 21h.<\/p>\n\n\n\n<p><a href=\"https:\/\/forms.gle\/jYKjBeuEwMet2AxC8\">Clique aqui<\/a> para inscrever sua produ\u00e7\u00e3o.<\/p>\n\n\n<div class=\"wp-block-image\">\n<figure class=\"aligncenter size-full is-resized\"><img decoding=\"async\" loading=\"lazy\" src=\"https:\/\/revidigital.ielusc.br\/wp-content\/uploads\/2025\/09\/WhatsApp-Image-2025-09-11-at-16.15.34.jpeg\" alt=\"\" class=\"wp-image-17030\" style=\"width:633px;height:422px\" width=\"633\" height=\"422\"\/><figcaption class=\"wp-element-caption\">Cr\u00e9dito: Jonas Porto<\/figcaption><\/figure><\/div>\n\n\n<p><strong>Homenagem<\/strong><\/p>\n\n\n\n<p>O nome do 1\u00ba Pr\u00eamio Ca\u00edto de Produ\u00e7\u00e3o Audiovisual da Faculdade IELUSC \u00e9 uma homenagem ao cinegrafista conhecido como Caio e que atua h\u00e1 23 anos na institui\u00e7\u00e3o. Carlos Alberto Delagnolli, ga\u00facho, casado e pai de dois filhos, chegou a cursar publicidade e propaganda, em Passo Fundo, RS. Conhecido e muito querido entre os acad\u00eamicos, Caio j\u00e1 foi nove vezes amigo de turma e \u00e9 o quinto funcion\u00e1rio com mais tempo de casa. Aos 66 anos, o cinegrafista coleciona momentos inesquec\u00edveis ao longo dos seus 50 anos de profiss\u00e3o: j\u00e1 gravou com Caco Barcellos, Martinho da Vila, entre outras personalidades.<\/p>\n","protected":false},"excerpt":{"rendered":"<p>Por Maiara Maduro A premia\u00e7\u00e3o que ir\u00e1 compor a programa\u00e7\u00e3o da Semana Integrada de Comunica\u00e7\u00e3o &#8211; SIC 2025, de 28 de setembro a 1\u00ba de outubro, pretende valorizar e incentivar produ\u00e7\u00f5es audiovisuais dos acad\u00eamicos de Jornalismo e Publicidade e Propaganda da Faculdade IELUSC. O&nbsp; 1\u00ba Pr\u00eamio Ca\u00edto de Produ\u00e7\u00e3o Audiovisual ir\u00e1 condecorar as melhores produ\u00e7\u00f5es [&hellip;]<\/p>\n","protected":false},"author":1,"featured_media":17031,"comment_status":"open","ping_status":"open","sticky":false,"template":"","format":"standard","meta":{"footnotes":""},"categories":[97,20,4,127,78,2007],"tags":[1577,1840,108,57,34,2115,614],"_links":{"self":[{"href":"https:\/\/revidigital.ielusc.br\/index.php\/wp-json\/wp\/v2\/posts\/17029"}],"collection":[{"href":"https:\/\/revidigital.ielusc.br\/index.php\/wp-json\/wp\/v2\/posts"}],"about":[{"href":"https:\/\/revidigital.ielusc.br\/index.php\/wp-json\/wp\/v2\/types\/post"}],"author":[{"embeddable":true,"href":"https:\/\/revidigital.ielusc.br\/index.php\/wp-json\/wp\/v2\/users\/1"}],"replies":[{"embeddable":true,"href":"https:\/\/revidigital.ielusc.br\/index.php\/wp-json\/wp\/v2\/comments?post=17029"}],"version-history":[{"count":2,"href":"https:\/\/revidigital.ielusc.br\/index.php\/wp-json\/wp\/v2\/posts\/17029\/revisions"}],"predecessor-version":[{"id":17034,"href":"https:\/\/revidigital.ielusc.br\/index.php\/wp-json\/wp\/v2\/posts\/17029\/revisions\/17034"}],"wp:featuredmedia":[{"embeddable":true,"href":"https:\/\/revidigital.ielusc.br\/index.php\/wp-json\/wp\/v2\/media\/17031"}],"wp:attachment":[{"href":"https:\/\/revidigital.ielusc.br\/index.php\/wp-json\/wp\/v2\/media?parent=17029"}],"wp:term":[{"taxonomy":"category","embeddable":true,"href":"https:\/\/revidigital.ielusc.br\/index.php\/wp-json\/wp\/v2\/categories?post=17029"},{"taxonomy":"post_tag","embeddable":true,"href":"https:\/\/revidigital.ielusc.br\/index.php\/wp-json\/wp\/v2\/tags?post=17029"}],"curies":[{"name":"wp","href":"https:\/\/api.w.org\/{rel}","templated":true}]}}