{"id":17035,"date":"2025-09-11T18:39:23","date_gmt":"2025-09-11T21:39:23","guid":{"rendered":"https:\/\/revidigital.ielusc.br\/?p=17035"},"modified":"2025-09-29T16:48:47","modified_gmt":"2025-09-29T19:48:47","slug":"tarifaco-de-trump-traz-reflexos-para-a-economia-de-joinville","status":"publish","type":"post","link":"https:\/\/revidigital.ielusc.br\/index.php\/2025\/09\/11\/tarifaco-de-trump-traz-reflexos-para-a-economia-de-joinville\/","title":{"rendered":"Tarifa\u00e7o de Trump traz reflexos para a economia de Joinville"},"content":{"rendered":"\n<p><em>Joinville j\u00e1 registra perda de vagas industriais e v\u00ea o polo metal\u00fargico sob risco de cortes. Entenda os motivos<\/em><\/p>\n\n\n\n<p><em><strong>Por Marcelo Ferreira<\/strong><\/em><\/p>\n\n\n<div class=\"wp-block-image\">\n<figure class=\"aligncenter size-full is-resized\"><img decoding=\"async\" loading=\"lazy\" src=\"https:\/\/revidigital.ielusc.br\/wp-content\/uploads\/2025\/09\/Aerea_Perini_2025-1536x864.png.webp\" alt=\"\" class=\"wp-image-17036\" style=\"width:488px;height:274px\" width=\"488\" height=\"274\"\/><figcaption class=\"wp-element-caption\">Vista a\u00e9rea Perini Business Park<\/figcaption><\/figure><\/div>\n\n\n<p>A tarifa de 50% sobre os produtos importados do Brasil, em vigor desde a primeira semana de agosto, j\u00e1 pode ser sentida de maneira negativa no setor produtivo joinvilense. Com o chamado tarifa\u00e7o, o presidente dos Estados Unidos, Donald  Trump, busca uma retalia\u00e7\u00e3o \u00e0 postura do STF no processo contra o ex-presidente Jair Bolsonaro, cujo julgamento iniciou nesta ter\u00e7a-feira, 2.<\/p>\n\n\n\n<p>Um posicionamento um tanto quanto contradit\u00f3rio, pois ao mesmo tempo em que Trump chama o inqu\u00e9rito de \u201cca\u00e7a \u00e0s bruxas\u201d, ele tamb\u00e9m afirma n\u00e3o ser amigo de Bolsonaro.Mas como isso influencia Joinville na pr\u00e1tica? A al\u00edquota de 50% em cima de produtos brasileiros pesa fortemente em Joinville devido a nossa forte ind\u00fastria exportadora, que representa 35% do PIB municipal, cerca de R$ 15 bilh\u00f5es na economia joinvilense. Ag\u00eancias banc\u00e1rias com foco empresarial, como o Sicredi por exemplo, vem sentindo esta movimenta\u00e7\u00e3o por conta das estrat\u00e9gias de cr\u00e9dito adotadas por clientes. <\/p>\n\n\n\n<p>Kethlen Pohl, gerente de investimentos do Sicredi, afirma que ao fim do primeiro m\u00eas ap\u00f3s o an\u00fancio do tarifa\u00e7o, um ar de incerteza permeia o cen\u00e1rio econ\u00f4mico. Todos est\u00e3o um pouco reticentes, tanto aqueles afetados  diretamente pelas tarifas, quanto aqueles que n\u00e3o foram afetados tamb\u00e9m.<\/p>\n\n\n\n<p>A especialista tamb\u00e9m explica que \u00e0 medida que voc\u00ea faz parte de uma cadeia  e esta cadeia \u00e9 afetada, voc\u00ea pode ser impactado, ainda que de maneira indireta, por conta de seus clientes ou fornecedores no final do fluxo de compra e venda.<\/p>\n\n\n\n<p>\u201cAl\u00e9m do impacto direto em alguns setores e produtos, n\u00f3s percebemos que as pessoas est\u00e3o com muito receio com a velocidade com a qual as informa\u00e7\u00f5es vem mudando\u201d, afirma Kethlen.<\/p>\n\n\n\n<p>Algumas empresas j\u00e1 consideram f\u00e9rias coletivas para os funcion\u00e1rios, cortes de or\u00e7amento e redu\u00e7\u00e3o do quadro de funcion\u00e1rios. Medidas radicais e extremas, por\u00e9m necess\u00e1rias  para tentar controlar o preju\u00edzo inesperado.<\/p>\n\n\n\n<p>Em momentos como este, CEOs, gestores e tomadores de decis\u00f5es do setor financeiro precisaram rever sua base de clientes e fornecedores, principalmente para os exportadores ou importadores. <\/p>\n\n\n\n<p>A alternativa para essa situa\u00e7\u00e3o seria buscar novas maneiras de tornar as opera\u00e7\u00f5es rent\u00e1veis, avaliando para quais pa\u00edses \u00e9 poss\u00edvel vender para diminuir o volume de distribui\u00e7\u00e3o e focar na prospec\u00e7\u00e3o ativa de novos mercados.<\/p>\n\n\n\n<figure class=\"wp-block-pullquote\"><blockquote><p><strong><em>O tiro tem tudo para sair pela culatra<\/em><\/strong><br><br>Jo\u00e3o Kamradt, professor e Head de Pesquisa e Investimentos em crypto, afirma que o tarifa\u00e7o afirma que o tarifa\u00e7o de 50% do Trump nos produtos brasileiros mostra claramente o desespero dos norte-americanos com o crescimento do BRICS e a China ganhando espa\u00e7o por aqui. Mas o tiro tem tudo para sair pela culatra, ao misturar economia com pol\u00edtica e usar as tarifas como chantagem no caso de Bolsonaro. Trump est\u00e1 literalmente empurrando o Brasil pro colo da China e acelerando justamente o que ele mais teme, que \u00e9 o fim do dom\u00ednio do d\u00f3lar e o surgimento de alternativas de pagamento internacional que n\u00e3o dependem dos Estados Unidos.<\/p><\/blockquote><\/figure>\n\n\n\n<p><strong><em>RH fazendo hora extra<\/em><\/strong> <\/p>\n\n\n\n<p>Dados oficiais do Minist\u00e9rio do Trabalho revelaram que, em julho de 2025, Joinville perdeu 818 vagas industriais, sendo 2.750 contrata\u00e7\u00f5es contra 3.568 demiss\u00f5es \u2014 um saldo negativo marcante para o per\u00edodo p\u00f3s-pandemia. <\/p>\n\n\n\n<p>O layoff, termo em ingl\u00eas para representar \u201cdemiss\u00e3o em massa\u201d no Linkedin, foi uma realidade do setor de tecnologia nos \u00faltimos tr\u00eas anos, contanto, foram necess\u00e1rios dois anos de satura\u00e7\u00e3o do mercado para chegar a este ponto. <\/p>\n\n\n\n<p>Na pr\u00e1tica, o que vem ocorrendo s\u00e3o empresas demitindo funcion\u00e1rios e dando f\u00e9rias coletivas ap\u00f3s um m\u00eas de  tarifa\u00e7o, levando em conta que entrou em vigor somente ap\u00f3s o dia 1 de agosto. Lembrando que muitas das empresas tomaram decis\u00f5es ainda no m\u00eas de julho, como uma esp\u00e9cie de a\u00e7\u00e3o preventiva, igual quando voc\u00ea mergulha na praia para desviar da onda vindo em sua dire\u00e7\u00e3o. <\/p>\n\n\n\n<p>Esta combina\u00e7\u00e3o de perda de competitividade e retra\u00e7\u00e3o da demanda externa acende alertas sobretudo no segmento metal\u00fargico, fornecedor de insumos para ve\u00edculos pesados e m\u00e1quinas. <\/p>\n\n\n\n<p>Sendo Joinville um polo metal\u00fargico vital para Santa Catarina, os dados do primeiro semestre de 2025 apontados pelo Caged j\u00e1 indicavam uma retra\u00e7\u00e3o e rotatividade no mercado de trabalho em Joinville, por\u00e9m os n\u00fameros tendem a crescer at\u00e9 o final do ano. <\/p>\n","protected":false},"excerpt":{"rendered":"<p>Joinville j\u00e1 registra perda de vagas industriais e v\u00ea o polo metal\u00fargico sob risco de cortes. Entenda os motivos Por Marcelo Ferreira A tarifa de 50% sobre os produtos importados do Brasil, em vigor desde a primeira semana de agosto, j\u00e1 pode ser sentida de maneira negativa no setor produtivo joinvilense. Com o chamado tarifa\u00e7o, [&hellip;]<\/p>\n","protected":false},"author":1,"featured_media":17036,"comment_status":"open","ping_status":"open","sticky":false,"template":"","format":"standard","meta":{"footnotes":""},"categories":[20,617,2007,188,1837],"tags":[1840,618,57,48,34,185,675],"_links":{"self":[{"href":"https:\/\/revidigital.ielusc.br\/index.php\/wp-json\/wp\/v2\/posts\/17035"}],"collection":[{"href":"https:\/\/revidigital.ielusc.br\/index.php\/wp-json\/wp\/v2\/posts"}],"about":[{"href":"https:\/\/revidigital.ielusc.br\/index.php\/wp-json\/wp\/v2\/types\/post"}],"author":[{"embeddable":true,"href":"https:\/\/revidigital.ielusc.br\/index.php\/wp-json\/wp\/v2\/users\/1"}],"replies":[{"embeddable":true,"href":"https:\/\/revidigital.ielusc.br\/index.php\/wp-json\/wp\/v2\/comments?post=17035"}],"version-history":[{"count":5,"href":"https:\/\/revidigital.ielusc.br\/index.php\/wp-json\/wp\/v2\/posts\/17035\/revisions"}],"predecessor-version":[{"id":17041,"href":"https:\/\/revidigital.ielusc.br\/index.php\/wp-json\/wp\/v2\/posts\/17035\/revisions\/17041"}],"wp:featuredmedia":[{"embeddable":true,"href":"https:\/\/revidigital.ielusc.br\/index.php\/wp-json\/wp\/v2\/media\/17036"}],"wp:attachment":[{"href":"https:\/\/revidigital.ielusc.br\/index.php\/wp-json\/wp\/v2\/media?parent=17035"}],"wp:term":[{"taxonomy":"category","embeddable":true,"href":"https:\/\/revidigital.ielusc.br\/index.php\/wp-json\/wp\/v2\/categories?post=17035"},{"taxonomy":"post_tag","embeddable":true,"href":"https:\/\/revidigital.ielusc.br\/index.php\/wp-json\/wp\/v2\/tags?post=17035"}],"curies":[{"name":"wp","href":"https:\/\/api.w.org\/{rel}","templated":true}]}}