{"id":17330,"date":"2025-10-10T19:45:56","date_gmt":"2025-10-10T22:45:56","guid":{"rendered":"https:\/\/revidigital.ielusc.br\/?p=17330"},"modified":"2025-10-10T20:02:45","modified_gmt":"2025-10-10T23:02:45","slug":"diversidade-e-inclusao-conquistam-a-passarela-do-miss-joinville","status":"publish","type":"post","link":"https:\/\/revidigital.ielusc.br\/index.php\/2025\/10\/10\/diversidade-e-inclusao-conquistam-a-passarela-do-miss-joinville\/","title":{"rendered":"Diversidade e inclus\u00e3o conquistam a passarela do Miss Joinville\u00a0"},"content":{"rendered":"\n<p><em>Primeira candidata surda ao concurso Miss Joinville, encara as passarelas e reafirma que acessibilidade \u00e9 direito e n\u00e3o concess\u00e3o.<\/em><\/p>\n\n\n\n<p><em><strong>Por Maria Eduarda Ribeiro<\/strong><\/em><\/p>\n\n\n\n<p>Em um universo historicamente comandado por padr\u00f5es que silenciam a diversidade, Eloiza Ribeiro, aos 27 anos, abriu caminho para outras vozes ao se tornar a primeira mulher surda a concorrer a um concurso de beleza joinvilense.&nbsp;<\/p>\n\n\n\n<p>Quando o assunto \u00e9 padr\u00e3o a ideia \u00e9 clara, mas representatividade e acessibilidade s\u00e3o temas ainda mais importantes. H\u00e1 pouco mais de 70 anos, o concurso proporciona uma competi\u00e7\u00e3o acirrada, coroando centenas de candidatas que desfilaram nas passarelas de Joinville. A competi\u00e7\u00e3o recebe atualmente 28 novas candidatas, que concorrem \u00e0 70\u00aa coroa do concurso, que ser\u00e1 oficialmente nomeada no dia 15 de outubro no Teatro da Liga.<\/p>\n\n\n\n<p>De acordo com a consultora de beleza Emanoelle Cristine Wormsbecker Choi, a beleza \u00e9 de fato um componente essencial nas passarelas, e mostra-se cada dia mais inclusiva. No entanto, uma miss n\u00e3o \u00e9 feita apenas disso. \u201cSem d\u00favidas a beleza \u00e9 importante no concurso. Mas se todas as candidatas forem bonitas, quem vai ganhar?\u201d, questiona a consultora.<\/p>\n\n\n\n<p>Emanoelle cita que o Brasil \u00e9 um lugar muito mais aberto \u00e0 diversidade de corpos e pessoas, e que se sente feliz por ver que Eloiza pode al\u00e9m de inspirar, encorajar diversas outras mulheres a fazerem parte disso. \u201cAcredito que n\u00e3o existe certo ou errado. Inclusive, antigamente n\u00f3s t\u00ednhamos como padr\u00e3o de beleza as mulheres com bastante gordura corporal, embora fosse prejudicial \u00e0 sa\u00fade\u201d, explica.&nbsp;<\/p>\n\n\n\n<p>Ela complementa que a beleza pode variar com a percep\u00e7\u00e3o de cada pessoa, e que \u00e9 algo muito pessoal. \u201cO Miss vai muito al\u00e9m disso. Inclusive, muitas meninas se inscrevem no concurso justamente para trabalhar a auto confian\u00e7a e outras habilidades.\u201d<\/p>\n\n\n\n<p>Ao valorizar diversos aspectos, o concurso se apresenta como uma experi\u00eancia mais completa do que apenas um julgamento est\u00e9tico. \u00c9 inclus\u00e3o e coragem, que transforma uma simples nomea\u00e7\u00e3o, em uma coroa de for\u00e7a e representatividade.<\/p>\n\n\n\n<p>\u201c\u00c9 ineg\u00e1vel como o Miss Joinville tem se tornado cada vez mais assertivo e inclusivo. Acredito que esse movimento \u00e9 fundamental para mostrar que a beleza vai muito al\u00e9m dos padr\u00f5es e que cada mulher pode ter o seu espa\u00e7o\u201d, cita Camilla Souza, Miss Joinville 2024, fot\u00f3grafa profissional e modelo.<\/p>\n\n\n<div class=\"wp-block-image\">\n<figure class=\"aligncenter size-full is-resized\"><img decoding=\"async\" loading=\"lazy\" src=\"https:\/\/revidigital.ielusc.br\/wp-content\/uploads\/2025\/10\/WhatsApp-Image-2025-10-10-at-18.44.13-3.jpeg\" alt=\"\" class=\"wp-image-17335\" style=\"width:330px;height:495px\" width=\"330\" height=\"495\" srcset=\"https:\/\/revidigital.ielusc.br\/wp-content\/uploads\/2025\/10\/WhatsApp-Image-2025-10-10-at-18.44.13-3.jpeg 1066w, https:\/\/revidigital.ielusc.br\/wp-content\/uploads\/2025\/10\/WhatsApp-Image-2025-10-10-at-18.44.13-3-1023x1536.jpeg 1023w\" sizes=\"(max-width: 330px) 100vw, 330px\" \/><figcaption class=\"wp-element-caption\"><strong>Eloiza Ribeiro em uma das etapas do concurso<\/strong> |<strong> Foto: Maria Eduarda Ribeiro<\/strong><\/figcaption><\/figure><\/div>\n\n\n<p><strong>Contra o capacitismo, a voz da inclus\u00e3o<\/strong><\/p>\n\n\n\n<p>Operadora de log\u00edstica, m\u00e3e e surda, Eloiza aceitou os desafios da acessibilidade e transformou obst\u00e1culos em oportunidades. Com um ano de idade, os pais de Eloiza descobriram que a filha era surda, e apenas aos 17 anos ela teve seu primeiro contato com a Libras (L\u00edngua Brasileira de Sinais), ap\u00f3s conhecer uma mo\u00e7a surda que come\u00e7ou a lhe <\/p>\n\n\n\n<p>ensinar. Mas a flu\u00eancia veio apenas quando namorou um rapaz surdo, tendo mais contato com outros surdos da comunidade.<\/p>\n\n\n\n<p>\u201cNo in\u00edcio tive muita dificuldade por conta das limita\u00e7\u00f5es, dessa falta de comunica\u00e7\u00e3o, mas fui me virando porque eu era oralizada e conseguia ler l\u00e1bios. A minha fam\u00edlia me ajudou muito nesse sentido. Ent\u00e3o agora eu consigo gra\u00e7as a eles me comunicar sozinha e me desenvolver sozinha\u201d, conta.<\/p>\n\n\n\n<p>Para realizar a inscri\u00e7\u00e3o no concurso \u00e9 necess\u00e1rio que a candidata passe por algumas etapas. Eloiza cita que teve alguns desafios para se comunicar, mas que se esfor\u00e7ou, optando at\u00e9 por vezes escrever em um papel. Mas mesmo com todas as dificuldades, ela afirma ter ficado muito feliz com a organiza\u00e7\u00e3o do concurso, que providenciou um int\u00e9rprete desde o in\u00edcio.<\/p>\n\n\n\n<p>De acordo com Eloiza, a representatividade foi um dos pontos mais importantes para que ela se inscrevesse no concurso. \u201cEu fiquei pensando, nunca vi uma mulher surda que participasse aqui em Joinville. Ai eu falei pra mim mesma, eu decidi, eu quero participar, eu tenho essa coragem. Quero mostrar que as pessoas surdas e as mulheres surdas tamb\u00e9m s\u00e3o capazes.\u201d<\/p>\n\n\n\n<p>E quando o assunto \u00e9 capacidade, o preconceito assume o nome de capacitismo, uma forma de preconceito comumente vinda de pessoas sem defici\u00eancia, que pr\u00e9-julgam a capacidade de pessoas com defici\u00eancia com base no que acreditam sobre aquela condi\u00e7\u00e3o. Como a maioria dos preconceitos, o capacitismo pode agir de forma camuflada, sendo at\u00e9 por vezes cultural, sem a verdadeira inten\u00e7\u00e3o de discriminar a pessoa deficiente.<\/p>\n\n\n\n<p>\u201cA sociedade olha para uma pessoa com defici\u00eancia como um corpo deficiente, um corpo que falta algo e eles acabam aceitando\u201d, explica K\u00e1tia Louren\u00e7o, int\u00e9rprete, professora e pesquisadora.<\/p>\n\n\n\n<p>De acordo com o site Hands Talk, uma das principais consequ\u00eancias do capacitismo \u00e9 a exclus\u00e3o das pessoas com defici\u00eancia, deixando-as vulner\u00e1veis por n\u00e3o receberem as mesmas oportunidades de educa\u00e7\u00e3o e\/ou trabalho. Al\u00e9m dos danos psicol\u00f3gicos e emocionais que podem causar o sentimento de n\u00e3o-pertencimento dessas pessoas \u00e0 sociedade.<\/p>\n\n\n\n<p>\u201cEu ainda escuto, por exemplo, no caso de um surdo que estiver estudando pedagogia, as pessoas perguntando, como que um surdo vai ser professor?\u201d, conta K\u00e1tia. \u201cAs pessoas em volta n\u00e3o acreditam, ent\u00e3o automaticamente o surdo tamb\u00e9m n\u00e3o vai acreditar que ele possa.\u201d<\/p>\n\n\n\n<p>Mesmo com todas as dificuldades, Eloiza afirma estar muito feliz em ser a primeira candidata surda ao concurso joinvilense, e deseja inspirar outras mulheres que sonham em fazer parte disso. \u201cA minha mensagem \u00e9 que a cidade inclua qualquer pessoa com defici\u00eancia e n\u00e3o fique com d\u00favidas sobre a capacidade delas. Mas sim, pergunte: qual \u00e9 o limite de cada um?\u201d, argumenta. \u201cTamb\u00e9m queria que as pessoas com defici\u00eancia mostrassem que s\u00e3o capazes, que t\u00eam essa coragem de n\u00e3o ficarem acanhadas, com <\/p>\n\n\n\n<p>vergonha, com medo do que v\u00e3o pensar da gente. Vai tentando, vai lutando, \u00e9 essa luta que vai perseverar\u201d.<\/p>\n\n\n\n<p><strong>Quando a beleza fala Libras<\/strong><\/p>\n\n\n<div class=\"wp-block-image\">\n<figure class=\"aligncenter size-full is-resized\"><img decoding=\"async\" loading=\"lazy\" src=\"https:\/\/revidigital.ielusc.br\/wp-content\/uploads\/2025\/10\/WhatsApp-Image-2025-10-10-at-18.44.13-2-1.jpeg\" alt=\"\" class=\"wp-image-17336\" style=\"width:392px;height:282px\" width=\"392\" height=\"282\"\/><figcaption class=\"wp-element-caption\"><strong>S\u00edmbolo da Libras | Foto da Internet<\/strong><\/figcaption><\/figure><\/div>\n\n\n<p>No dia 25 de julho deste ano, a Want, ag\u00eancia de int\u00e9rpretes de Libras de Joinville, anunciou o in\u00edcio de sua colabora\u00e7\u00e3o com o Miss Joinville, tornando-se apoiadora oficial do concurso.&nbsp;<\/p>\n\n\n\n<p>Segundo K\u00e1tia Louren\u00e7o, respons\u00e1vel pela ag\u00eancia, a iniciativa veio devido ao surgimento da necessidade de um int\u00e9rprete para uma das candidatas. Ela afirma que n\u00e3o acompanhava muito o concurso, e a colabora\u00e7\u00e3o iniciou um pouco depois da chegada da Eloiza, que j\u00e1 estava inserida nas etapas. \u201cO Ricardo, respons\u00e1vel pelo concurso, entrou em contato comigo. N\u00f3s conversamos, vimos o que seria o ideal para a Eloiza e prosseguimos juntos.\u201d<\/p>\n\n\n\n<p>K\u00e1tia conta que a Want surgiu a partir de uma jun\u00e7\u00e3o de acontecimentos, e define sua trajet\u00f3ria com o projeto em apenas uma palavra: prop\u00f3sito. \u201cSobretudo, o meu lugar em nome da want, \u00e9 apoiar. N\u00e3o importa muito onde o surdo est\u00e1, se um surdo quiser estar ali ele tem o direito de estar.\u201d<\/p>\n\n\n\n<p>Ela afirma ter muitos planos para dar seguimento aos seus projetos e, principalmente, sua parceria com o concurso. Ela espera que a colabora\u00e7\u00e3o cause um impacto significativo e positivo nas pessoas, sendo elas deficientes ou n\u00e3o. \u201cA minha expectativa com o Miss Joinville \u00e9 que a nossa parceria s\u00f3 se fortale\u00e7a para que muitas pessoas possam se inspirar com isso\u201d, finaliza Katia.<\/p>\n\n\n\n<p><strong>Uma bandeira, uma comunidade, infinitas vozes<\/strong><\/p>\n\n\n<div class=\"wp-block-image\">\n<figure class=\"aligncenter size-full is-resized\"><img decoding=\"async\" loading=\"lazy\" src=\"https:\/\/revidigital.ielusc.br\/wp-content\/uploads\/2025\/10\/WhatsApp-Image-2025-10-10-at-18.44.13-1.jpeg\" alt=\"\" class=\"wp-image-17332\" style=\"width:392px;height:260px\" width=\"392\" height=\"260\"\/><figcaption class=\"wp-element-caption\"><strong>Bandeira da Comunidade Surda Internacional<\/strong><\/figcaption><\/figure><\/div>\n\n\n<p>Em julho de 2023 a XXI Assembleia Geral da Federa\u00e7\u00e3o Mundial de Surdos (WFD) aprovou a nova bandeira da Comunidade Surda, criada pelo artista surdocego franc\u00eas Arnaud Balard.<\/p>\n\n\n\n<p>O s\u00edmbolo traz o contorno de uma m\u00e3o, representando a L\u00edngua de Sinais e a uni\u00e3o de surdos, surdocegos, CODAs (filhos de pais surdos) e int\u00e9rpretes.<\/p>\n\n\n\n<p>De acordo com a Universidade Federal do Cear\u00e1 Clube de Libras UFC, a bandeira \u00e9 uma representa\u00e7\u00e3o material que possui o objetivo de trazer mais visibilidade, pertencimento e conscientiza\u00e7\u00e3o para a comunidade. Por um futuro com menos barreiras e mais acessibilidade. \u201cAcessibilidade \u00e9 voc\u00ea convidar pra festa, mas inclus\u00e3o de verdade, \u00e9 voc\u00ea chamar pra dan\u00e7ar\u201d, define K\u00e1tia Louren\u00e7o, int\u00e9rprete, professora e pesquisadora.<\/p>\n\n\n\n<blockquote class=\"wp-block-quote\">\n<p>\u201cMas se todas as candidatas forem bonitas, quem vai ganhar?\u201d \u2010 Emanoelle Choi, Consultora de beleza<\/p>\n<\/blockquote>\n\n\n<div class=\"wp-block-image\">\n<figure class=\"aligncenter size-full is-resized\"><img decoding=\"async\" loading=\"lazy\" src=\"https:\/\/revidigital.ielusc.br\/wp-content\/uploads\/2025\/10\/WhatsApp-Image-2025-10-10-at-18.44.14.jpeg\" alt=\"\" class=\"wp-image-17333\" style=\"width:328px;height:492px\" width=\"328\" height=\"492\" srcset=\"https:\/\/revidigital.ielusc.br\/wp-content\/uploads\/2025\/10\/WhatsApp-Image-2025-10-10-at-18.44.14.jpeg 1066w, https:\/\/revidigital.ielusc.br\/wp-content\/uploads\/2025\/10\/WhatsApp-Image-2025-10-10-at-18.44.14-1023x1536.jpeg 1023w\" sizes=\"(max-width: 328px) 100vw, 328px\" \/><figcaption class=\"wp-element-caption\"><strong>Eloiza Ribeiro defende a inclus\u00e3o no palco do Miss Joinville<\/strong> | <strong>Foto: Maria Eduarda Ribeiro<\/strong><\/figcaption><\/figure><\/div>","protected":false},"excerpt":{"rendered":"<p>Primeira candidata surda ao concurso Miss Joinville, encara as passarelas e reafirma que acessibilidade \u00e9 direito e n\u00e3o concess\u00e3o. Por Maria Eduarda Ribeiro Em um universo historicamente comandado por padr\u00f5es que silenciam a diversidade, Eloiza Ribeiro, aos 27 anos, abriu caminho para outras vozes ao se tornar a primeira mulher surda a concorrer a um [&hellip;]<\/p>\n","protected":false},"author":1,"featured_media":17331,"comment_status":"open","ping_status":"open","sticky":false,"template":"","format":"standard","meta":{"footnotes":""},"categories":[20,2007,1837,26],"tags":[57,48,34,2133,675],"_links":{"self":[{"href":"https:\/\/revidigital.ielusc.br\/index.php\/wp-json\/wp\/v2\/posts\/17330"}],"collection":[{"href":"https:\/\/revidigital.ielusc.br\/index.php\/wp-json\/wp\/v2\/posts"}],"about":[{"href":"https:\/\/revidigital.ielusc.br\/index.php\/wp-json\/wp\/v2\/types\/post"}],"author":[{"embeddable":true,"href":"https:\/\/revidigital.ielusc.br\/index.php\/wp-json\/wp\/v2\/users\/1"}],"replies":[{"embeddable":true,"href":"https:\/\/revidigital.ielusc.br\/index.php\/wp-json\/wp\/v2\/comments?post=17330"}],"version-history":[{"count":2,"href":"https:\/\/revidigital.ielusc.br\/index.php\/wp-json\/wp\/v2\/posts\/17330\/revisions"}],"predecessor-version":[{"id":17338,"href":"https:\/\/revidigital.ielusc.br\/index.php\/wp-json\/wp\/v2\/posts\/17330\/revisions\/17338"}],"wp:featuredmedia":[{"embeddable":true,"href":"https:\/\/revidigital.ielusc.br\/index.php\/wp-json\/wp\/v2\/media\/17331"}],"wp:attachment":[{"href":"https:\/\/revidigital.ielusc.br\/index.php\/wp-json\/wp\/v2\/media?parent=17330"}],"wp:term":[{"taxonomy":"category","embeddable":true,"href":"https:\/\/revidigital.ielusc.br\/index.php\/wp-json\/wp\/v2\/categories?post=17330"},{"taxonomy":"post_tag","embeddable":true,"href":"https:\/\/revidigital.ielusc.br\/index.php\/wp-json\/wp\/v2\/tags?post=17330"}],"curies":[{"name":"wp","href":"https:\/\/api.w.org\/{rel}","templated":true}]}}