{"id":17372,"date":"2025-10-17T18:46:46","date_gmt":"2025-10-17T21:46:46","guid":{"rendered":"https:\/\/revidigital.ielusc.br\/?p=17372"},"modified":"2025-10-17T18:46:48","modified_gmt":"2025-10-17T21:46:48","slug":"role-da-revi-9","status":"publish","type":"post","link":"https:\/\/revidigital.ielusc.br\/index.php\/2025\/10\/17\/role-da-revi-9\/","title":{"rendered":"Rol\u00ea da Revi"},"content":{"rendered":"\n<h2 class=\"wp-block-heading\"><strong>Cultura \/ Arte \/ M\u00fasica \/ Shows<\/strong><\/h2>\n\n\n\n<p><strong><em>Eventos 17 de outubro (sexta-feira)<\/em><\/strong><\/p>\n\n\n\n<p><strong>Especial O Rappa (Tributo)<\/strong><\/p>\n\n\n\n<p>Show com os maiores sucessos da banda O Rappa, em formato tributo.<\/p>\n\n\n\n<p>\ud83d\udd52 Hor\u00e1rio: abertura \u00e0s 18h00 \/ show \u00e0s 21h00<\/p>\n\n\n\n<p>\ud83d\udccd Local: Una Pub<\/p>\n\n\n\n<p><a href=\"https:\/\/www.pensanoevento.com.br\/shows\/88718\/especial-o-rappa\">Saiba mais aqui<\/a><\/p>\n\n\n\n<p><strong>Feira Home &amp; Decor (3\u00aa edi\u00e7\u00e3o)<\/strong><\/p>\n\n\n\n<p>Evento de decora\u00e7\u00e3o, design e artesanato que come\u00e7a na sexta e segue at\u00e9 domingo.<\/p>\n\n\n\n<p>\ud83d\udd52 Hor\u00e1rio: das 13h00 \u00e0s 21h00 (confirme na programa\u00e7\u00e3o)<\/p>\n\n\n\n<p>\ud83d\udccd Local: Centreventos Cau Hansen \u2013 Pavilh\u00e3o Edmundo<\/p>\n\n\n\n<p><a href=\"https:\/\/www.instagram.com\/eventosfeinsul?igsh=MTRhN2Y3d3BlbmF4Zw==\">Saiba mais aqui<\/a><\/p>\n\n\n\n<p><strong><em>Eventos 18 de outubro (s\u00e1bado)<\/em><\/strong><\/p>\n\n\n\n<p><strong>3\u00ba Festival de Cultura Ambiental \u2013 abertura da 12\u00aa Semana Lixo Zero<\/strong><\/p>\n\n\n\n<p>Evento gratuito com oficinas, m\u00fasica, feirinha e palestras sobre sustentabilidade.<\/p>\n\n\n\n<p>\ud83d\udd52 Hor\u00e1rio: 08h00 \u00e0s 20h00<\/p>\n\n\n\n<p>\ud83d\udccd Local: AAPLAJ + AJOTE (Rua XV de Novembro, 1383)<\/p>\n\n\n\n<p><a href=\"https:\/\/www.semanalixozero.eco.br\/joinville\">Saiba mais aqui<\/a><\/p>\n\n\n\n<p><strong>Stammtisch Joinville<\/strong><\/p>\n\n\n\n<p>Tradicional encontro com comida t\u00edpica, chope artesanal e bandas locais.<\/p>\n\n\n\n<p>\ud83d\udd52 Hor\u00e1rio: 10h00 \u00e0s 17h00<\/p>\n\n\n\n<p>\ud83d\udccd Local: Rua Visconde de Taunay (Centro)<\/p>\n\n\n\n<p><a href=\"https:\/\/chuville.com\/stammtisch-acontece-neste-sabado-no-centro-de-joinville-com-novidades-na-programacao\/\">Saiba mais aqui<\/a><\/p>\n\n\n\n<p><strong>Convescote \u2013 evento cultural no Museu Nacional de Imigra\u00e7\u00e3o e Coloniza\u00e7\u00e3o<\/strong><\/p>\n\n\n\n<p>Piquenique cultural com apresenta\u00e7\u00f5es art\u00edsticas, teatro, m\u00fasica e food trucks.<\/p>\n\n\n\n<p>\ud83d\udd52 Hor\u00e1rio: das 10h00 \u00e0s 16h00<\/p>\n\n\n\n<p>\ud83d\udccd Local: Museu Nacional de Imigra\u00e7\u00e3o e Coloniza\u00e7\u00e3o<\/p>\n\n\n\n<p><a href=\"https:\/\/www.joinville.sc.gov.br\/noticias\/museu-nacional-de-imigracao-e-colonizacao-recebe-convescote-com-atracoes-culturais-para-todos-os-publicos\/\">Saiba mais aqui<\/a><\/p>\n","protected":false},"excerpt":{"rendered":"<p>Cultura \/ Arte \/ M\u00fasica \/ Shows Eventos 17 de outubro (sexta-feira) Especial O Rappa (Tributo) Show com os maiores sucessos da banda O Rappa, em formato tributo. \ud83d\udd52 Hor\u00e1rio: abertura \u00e0s 18h00 \/ show \u00e0s 21h00 \ud83d\udccd Local: Una Pub Saiba mais aqui Feira Home &amp; Decor (3\u00aa edi\u00e7\u00e3o) Evento de decora\u00e7\u00e3o, design e [&hellip;]<\/p>\n","protected":false},"author":1,"featured_media":17235,"comment_status":"open","ping_status":"open","sticky":false,"template":"","format":"standard","meta":{"footnotes":""},"categories":[20,2106],"tags":[89,57,48,34,2093],"_links":{"self":[{"href":"https:\/\/revidigital.ielusc.br\/index.php\/wp-json\/wp\/v2\/posts\/17372"}],"collection":[{"href":"https:\/\/revidigital.ielusc.br\/index.php\/wp-json\/wp\/v2\/posts"}],"about":[{"href":"https:\/\/revidigital.ielusc.br\/index.php\/wp-json\/wp\/v2\/types\/post"}],"author":[{"embeddable":true,"href":"https:\/\/revidigital.ielusc.br\/index.php\/wp-json\/wp\/v2\/users\/1"}],"replies":[{"embeddable":true,"href":"https:\/\/revidigital.ielusc.br\/index.php\/wp-json\/wp\/v2\/comments?post=17372"}],"version-history":[{"count":1,"href":"https:\/\/revidigital.ielusc.br\/index.php\/wp-json\/wp\/v2\/posts\/17372\/revisions"}],"predecessor-version":[{"id":17373,"href":"https:\/\/revidigital.ielusc.br\/index.php\/wp-json\/wp\/v2\/posts\/17372\/revisions\/17373"}],"wp:featuredmedia":[{"embeddable":true,"href":"https:\/\/revidigital.ielusc.br\/index.php\/wp-json\/wp\/v2\/media\/17235"}],"wp:attachment":[{"href":"https:\/\/revidigital.ielusc.br\/index.php\/wp-json\/wp\/v2\/media?parent=17372"}],"wp:term":[{"taxonomy":"category","embeddable":true,"href":"https:\/\/revidigital.ielusc.br\/index.php\/wp-json\/wp\/v2\/categories?post=17372"},{"taxonomy":"post_tag","embeddable":true,"href":"https:\/\/revidigital.ielusc.br\/index.php\/wp-json\/wp\/v2\/tags?post=17372"}],"curies":[{"name":"wp","href":"https:\/\/api.w.org\/{rel}","templated":true}]}}