{"id":17375,"date":"2025-10-20T14:49:19","date_gmt":"2025-10-20T17:49:19","guid":{"rendered":"https:\/\/revidigital.ielusc.br\/?p=17375"},"modified":"2025-10-20T14:50:10","modified_gmt":"2025-10-20T17:50:10","slug":"o-que-voce-precisa-saber-para-mudar-o-mundo-e-tema-da-5edicao-do-conipe","status":"publish","type":"post","link":"https:\/\/revidigital.ielusc.br\/index.php\/2025\/10\/20\/o-que-voce-precisa-saber-para-mudar-o-mundo-e-tema-da-5edicao-do-conipe\/","title":{"rendered":"\u201cO que voc\u00ea precisa saber para mudar o mundo\u201d \u00e9 tema da 5\u00b0edi\u00e7\u00e3o do CONIPE"},"content":{"rendered":"\n<p><em>Evento re\u00fane acad\u00eamicos, comunidade e professores para falar sobre sustentabilidade e inova\u00e7\u00e3o alinhados&nbsp; \u00e0 Agenda COP30 e aos Objetivos de Desenvolvimento Sustent\u00e1vel (ODS)<\/em><\/p>\n\n\n\n<p><strong><em>Por Suyane Urbainski<\/em><\/strong><\/p>\n\n\n\n<p>O Congresso Integrado de Pesquisa e Extens\u00e3o (CONIPE) chega a sua 5\u00b0 edi\u00e7\u00e3o, que acontece de 22 a 24 de outubro, na Faculdade IELUSC \u2014 Unidade Sagua\u00e7u, sempre a partir das 19h. O evento conta com acad\u00eamicos, docentes, pesquisadores e comunidade com uma ampla programa\u00e7\u00e3o de palestras, oficinas, apresenta\u00e7\u00f5es culturais e trabalhos cient\u00edficos.<\/p>\n\n\n\n<p>O tema \u201cO que voc\u00ea precisa saber para mudar o mundo\u201d, \u00e9 uma iniciativa inspirada na Agenda COP30, um plano de a\u00e7\u00e3o para acelerar a\u00e7\u00f5es volunt\u00e1rias contra as mudan\u00e7as clim\u00e1ticas e nos Objetivos de Desenvolvimento Sustent\u00e1vel (ODS), um plano de a\u00e7\u00e3o global adotado pela ONU, para um futuro mais justo, combinando desenvolvimento socioecon\u00f4mico com preserva\u00e7\u00e3o ambiental e inclus\u00e3o social.&nbsp;<\/p>\n\n\n\n<p>&nbsp;O evento tem como objetivo promover discuss\u00f5es sobre como as institui\u00e7\u00f5es e estudantes podem auxiliar na constru\u00e7\u00e3o de um futuro mais sustent\u00e1vel, tornando o IELUSC parte dessa for\u00e7a-tarefa e transformando seus estudantes em atores desses objetivos. A Agenda COP30 e os ODS t\u00eam incentivado diversas iniciativas para que as institui\u00e7\u00f5es de ensino se tornem&nbsp; pavilh\u00f5es de participa\u00e7\u00e3o, por meio de eventos cient\u00edficos e educativos.<\/p>\n\n\n\n<p>&nbsp;Segundo a presidente do CONIPE, professora Marilyn Gon\u00e7alves Ferreira, o evento tem crescido a cada edi\u00e7\u00e3o:<\/p>\n\n\n\n<p>\u201cOs primeiros CONIPEs contavam com cerca de 50 projetos, chegando a 150 trabalhos aprovados esse ano, entre oficinas, artigos e resumos\u201d.<\/p>\n\n\n\n<p>&nbsp;Al\u00e9m do n\u00famero recorde de participa\u00e7\u00f5es, o CONIPE 2025 tamb\u00e9m marca um novo momento institucional:<\/p>\n\n\n\n<p>\u201cO congresso ter\u00e1 abertura no gin\u00e1sio, reunindo toda a comunidade acad\u00eamica. Teremos um n\u00famero in\u00e9dito de inscritos e de apresenta\u00e7\u00f5es de trabalhos de institui\u00e7\u00f5es externas, de Joinville e regi\u00e3o, complementa a professora.<\/p>\n\n\n\n<p>A programa\u00e7\u00e3o conta com participantes reconhecidos por sua atua\u00e7\u00e3o em temas ligados \u00e0 sustentabilidade como a professora e pesquisadora Rosamaria Cox Moura Leite Padgett que far\u00e1 a confer\u00eancia de abertura no dia 22 de outubro com o tema \u201cFuturo Sustent\u00e1vel: Caminhos para voc\u00ea liderar a mudan\u00e7a\u201d. E&nbsp; o jornalista Fernando Assanti que ser\u00e1 respons\u00e1vel pela confer\u00eancia de encerramento do dia 24 de outubro com o tema: \u201cAgenda 2030: o que eu tenho a ver com isso?\u201d.&nbsp;<\/p>\n\n\n\n<p>Confira informa\u00e7\u00f5es sobre os convidados:<\/p>\n\n\n\n<p><strong><em>Rosamaria Cox Moura Leite Padgett<\/em><\/strong><\/p>\n\n\n\n<p>Doutora em Econom\u00eda de la Empresa pela Universidad de Salamanca (Espanha) e mestre em Desarrollo Local Sostenible y Econom\u00eda Social pela Universidad de Huelva (Espanha), Rosamaria \u00e9 professora da Universidade Federal de Mato Grosso do Sul (UFMS), onde coordena o curso de Tecnologia em Processos Gerenciais e integra o Programa de P\u00f3s-Gradua\u00e7\u00e3o em Administra\u00e7\u00e3o. Reconhecida por sua atua\u00e7\u00e3o em pol\u00edticas de sustentabilidade no ensino superior, \u00e9 fundadora e coordenadora da Rede Brasileira de Institui\u00e7\u00f5es de Ensino Superior para o Desenvolvimento Sustent\u00e1vel (UniSustent\u00e1vel) e pesquisadora do Observatorio de la Sustentabilidad en la Educaci\u00f3n Superior de Am\u00e9rica Latina y el Caribe (OSES-ALC). Em 2024, recebeu a Medalha Darcy Ribeiro, concedida pela Assembleia Legislativa de Mato Grosso do Sul, em reconhecimento \u00e0 sua contribui\u00e7\u00e3o para a educa\u00e7\u00e3o e o desenvolvimento sustent\u00e1vel.<\/p>\n\n\n<div class=\"wp-block-image\">\n<figure class=\"aligncenter size-full is-resized\"><img decoding=\"async\" loading=\"lazy\" src=\"https:\/\/revidigital.ielusc.br\/wp-content\/uploads\/2025\/10\/Foto-de-Thiago-Santos-3.jpg\" alt=\"\" class=\"wp-image-17376\" style=\"width:471px;height:314px\" width=\"471\" height=\"314\" srcset=\"https:\/\/revidigital.ielusc.br\/wp-content\/uploads\/2025\/10\/Foto-de-Thiago-Santos-3.jpg 1600w, https:\/\/revidigital.ielusc.br\/wp-content\/uploads\/2025\/10\/Foto-de-Thiago-Santos-3-1536x1023.jpg 1536w\" sizes=\"(max-width: 471px) 100vw, 471px\" \/><figcaption class=\"wp-element-caption\">Pesquisadora Rosamaria Cox Moura Leite Padgett | Cr\u00e9ditos: Divulga\u00e7\u00e3o<\/figcaption><\/figure><\/div>\n\n\n<p>Jornalista, especialista em Economia e Meio Ambiente, com MBA em Gest\u00e3o de Neg\u00f3cios de Impacto Social e Mestrado em Administra\u00e7\u00e3o, Fernando Assanti, preside o Instituto Selo Social, uma organiza\u00e7\u00e3o da sociedade civil com sede em Santa Catarina e atua\u00e7\u00e3o em todo o territ\u00f3rio nacional. O Instituto tem como miss\u00e3o promover a territorializa\u00e7\u00e3o e o avan\u00e7o da Agenda 2030 no Brasil, fomentando pr\u00e1ticas sustent\u00e1veis e de impacto social que contribuam para o desenvolvimento sustent\u00e1vel do pa\u00eds. Com uma trajet\u00f3ria dedicada \u00e0 intersec\u00e7\u00e3o entre economia, meio ambiente e impacto social, \u00e9 um l\u00edder inspirador, comprometido com a constru\u00e7\u00e3o de um futuro mais justo, sustent\u00e1vel e inclusivo.<\/p>\n\n\n<div class=\"wp-block-image\">\n<figure class=\"aligncenter size-large is-resized\"><img decoding=\"async\" loading=\"lazy\" src=\"https:\/\/revidigital.ielusc.br\/wp-content\/uploads\/2025\/10\/Foto-de-Thiago-Santos-2-e1760981753536-980x1024.jpg\" alt=\"\" class=\"wp-image-17377\" style=\"width:370px;height:387px\" width=\"370\" height=\"387\" srcset=\"https:\/\/revidigital.ielusc.br\/wp-content\/uploads\/2025\/10\/Foto-de-Thiago-Santos-2-e1760981753536-980x1024.jpg 980w, https:\/\/revidigital.ielusc.br\/wp-content\/uploads\/2025\/10\/Foto-de-Thiago-Santos-2-e1760981753536-287x300.jpg 287w, https:\/\/revidigital.ielusc.br\/wp-content\/uploads\/2025\/10\/Foto-de-Thiago-Santos-2-e1760981753536-768x802.jpg 768w, https:\/\/revidigital.ielusc.br\/wp-content\/uploads\/2025\/10\/Foto-de-Thiago-Santos-2-e1760981753536.jpg 1189w\" sizes=\"(max-width: 370px) 100vw, 370px\" \/><figcaption class=\"wp-element-caption\">Jornalista Fernando Assanti | Cr\u00e9ditos: Divulga\u00e7\u00e3o<\/figcaption><\/figure><\/div>\n\n\n<p>O evento \u00e9 aberto a docentes, acad\u00eamicos e demais interessados. Os participantes do evento recebem certificado de horas complementares.<\/p>\n\n\n\n<p>Fa\u00e7a sua inscri\u00e7\u00e3o e acompanhe a programa\u00e7\u00e3o no site: <a href=\"https:\/\/conipe.ielusc.br\/programacao\">https:\/\/conipe.ielusc.br\/programacao<\/a><\/p>\n","protected":false},"excerpt":{"rendered":"<p>Evento re\u00fane acad\u00eamicos, comunidade e professores para falar sobre sustentabilidade e inova\u00e7\u00e3o alinhados&nbsp; \u00e0 Agenda COP30 e aos Objetivos de Desenvolvimento Sustent\u00e1vel (ODS) Por Suyane Urbainski O Congresso Integrado de Pesquisa e Extens\u00e3o (CONIPE) chega a sua 5\u00b0 edi\u00e7\u00e3o, que acontece de 22 a 24 de outubro, na Faculdade IELUSC \u2014 Unidade Sagua\u00e7u, sempre a [&hellip;]<\/p>\n","protected":false},"author":1,"featured_media":17378,"comment_status":"open","ping_status":"open","sticky":false,"template":"","format":"standard","meta":{"footnotes":""},"categories":[14,20,617,4,2007,852,11],"tags":[117,847,53,57,48,34,942,2135,1006],"_links":{"self":[{"href":"https:\/\/revidigital.ielusc.br\/index.php\/wp-json\/wp\/v2\/posts\/17375"}],"collection":[{"href":"https:\/\/revidigital.ielusc.br\/index.php\/wp-json\/wp\/v2\/posts"}],"about":[{"href":"https:\/\/revidigital.ielusc.br\/index.php\/wp-json\/wp\/v2\/types\/post"}],"author":[{"embeddable":true,"href":"https:\/\/revidigital.ielusc.br\/index.php\/wp-json\/wp\/v2\/users\/1"}],"replies":[{"embeddable":true,"href":"https:\/\/revidigital.ielusc.br\/index.php\/wp-json\/wp\/v2\/comments?post=17375"}],"version-history":[{"count":3,"href":"https:\/\/revidigital.ielusc.br\/index.php\/wp-json\/wp\/v2\/posts\/17375\/revisions"}],"predecessor-version":[{"id":17382,"href":"https:\/\/revidigital.ielusc.br\/index.php\/wp-json\/wp\/v2\/posts\/17375\/revisions\/17382"}],"wp:featuredmedia":[{"embeddable":true,"href":"https:\/\/revidigital.ielusc.br\/index.php\/wp-json\/wp\/v2\/media\/17378"}],"wp:attachment":[{"href":"https:\/\/revidigital.ielusc.br\/index.php\/wp-json\/wp\/v2\/media?parent=17375"}],"wp:term":[{"taxonomy":"category","embeddable":true,"href":"https:\/\/revidigital.ielusc.br\/index.php\/wp-json\/wp\/v2\/categories?post=17375"},{"taxonomy":"post_tag","embeddable":true,"href":"https:\/\/revidigital.ielusc.br\/index.php\/wp-json\/wp\/v2\/tags?post=17375"}],"curies":[{"name":"wp","href":"https:\/\/api.w.org\/{rel}","templated":true}]}}