{"id":17394,"date":"2025-10-21T19:01:39","date_gmt":"2025-10-21T22:01:39","guid":{"rendered":"https:\/\/revidigital.ielusc.br\/?p=17394"},"modified":"2025-10-21T19:01:41","modified_gmt":"2025-10-21T22:01:41","slug":"a-vida-em-segundos","status":"publish","type":"post","link":"https:\/\/revidigital.ielusc.br\/index.php\/2025\/10\/21\/a-vida-em-segundos\/","title":{"rendered":"A vida em segundos"},"content":{"rendered":"\n<p><strong><em>Por Priscila Pereira<\/em><\/strong><\/p>\n\n\n\n<p><em>Entre coragem e hesita\u00e7\u00e3o, cada decis\u00e3o pode mudar o rumo da exist\u00eancia.<\/em><\/p>\n\n\n\n<p>\u00c0s vezes a vida se resume a segundos. Aquele instante em que o cora\u00e7\u00e3o dispara e a cabe\u00e7a tenta frear. O corpo pede um passo \u00e0 frente, mas a mente lembra das quedas passadas. Ent\u00e3o, hesitamos. E \u00e9 nessa brecha m\u00ednima e invis\u00edvel, que se perde uma chance que talvez nunca volte.<\/p>\n\n\n\n<p>N\u00e3o \u00e9 falta de querer. \u00c9 excesso de c\u00e1lculo. A gente pesa riscos como se a balan\u00e7a pudesse medir o imponder\u00e1vel. O problema \u00e9 que a vida n\u00e3o espera a equa\u00e7\u00e3o fechar: ela simplesmente passa. E quando percebemos, o instante j\u00e1 se dissolveu na linha do tempo, como gota no mar.<\/p>\n\n\n\n<p>O arrependimento nasce justamente a\u00ed, no reflexo tardio. No <em>\u201cpodia ter sido\u201d<\/em>, no <em>\u201cse eu tivesse tentado\u201d<\/em>. E ele pesa mais que o erro, porque o erro ao menos nos d\u00e1 hist\u00f3ria, cicatriz, aprendizado. O n\u00e3o vivido n\u00e3o deixa nada, apenas um vazio que ecoa.<\/p>\n\n\n\n<p>\u00c9 curioso como s\u00f3 enxergamos a grandeza das oportunidades quando j\u00e1 n\u00e3o cabem mais em nossas m\u00e3os. Na hora, parecem pequenas, banais, at\u00e9 perigosas demais. Depois, descobrimos que eram a pr\u00f3pria plenitude escondida, o brilho do sol refletido na \u00e1gua, que a pressa nos cegou.<\/p>\n\n\n\n<p>No fundo, talvez a exist\u00eancia seja isso: navegar entre coragem e medo, sabendo que cada decis\u00e3o pode ser a \u00faltima chance de tocar o que chamamos de sonho. E \u00e9 nesse mergulho profundo, onde a nostalgia e o risco se encontram que <em>descobrimos a face mais verdadeira de n\u00f3s mesmos.<\/em><\/p>\n","protected":false},"excerpt":{"rendered":"<p>Por Priscila Pereira Entre coragem e hesita\u00e7\u00e3o, cada decis\u00e3o pode mudar o rumo da exist\u00eancia. \u00c0s vezes a vida se resume a segundos. Aquele instante em que o cora\u00e7\u00e3o dispara e a cabe\u00e7a tenta frear. O corpo pede um passo \u00e0 frente, mas a mente lembra das quedas passadas. Ent\u00e3o, hesitamos. E \u00e9 nessa brecha [&hellip;]<\/p>\n","protected":false},"author":1,"featured_media":17395,"comment_status":"open","ping_status":"open","sticky":false,"template":"","format":"standard","meta":{"footnotes":""},"categories":[42,20],"tags":[2137,1387,57,48,34,2139,2138],"_links":{"self":[{"href":"https:\/\/revidigital.ielusc.br\/index.php\/wp-json\/wp\/v2\/posts\/17394"}],"collection":[{"href":"https:\/\/revidigital.ielusc.br\/index.php\/wp-json\/wp\/v2\/posts"}],"about":[{"href":"https:\/\/revidigital.ielusc.br\/index.php\/wp-json\/wp\/v2\/types\/post"}],"author":[{"embeddable":true,"href":"https:\/\/revidigital.ielusc.br\/index.php\/wp-json\/wp\/v2\/users\/1"}],"replies":[{"embeddable":true,"href":"https:\/\/revidigital.ielusc.br\/index.php\/wp-json\/wp\/v2\/comments?post=17394"}],"version-history":[{"count":1,"href":"https:\/\/revidigital.ielusc.br\/index.php\/wp-json\/wp\/v2\/posts\/17394\/revisions"}],"predecessor-version":[{"id":17396,"href":"https:\/\/revidigital.ielusc.br\/index.php\/wp-json\/wp\/v2\/posts\/17394\/revisions\/17396"}],"wp:featuredmedia":[{"embeddable":true,"href":"https:\/\/revidigital.ielusc.br\/index.php\/wp-json\/wp\/v2\/media\/17395"}],"wp:attachment":[{"href":"https:\/\/revidigital.ielusc.br\/index.php\/wp-json\/wp\/v2\/media?parent=17394"}],"wp:term":[{"taxonomy":"category","embeddable":true,"href":"https:\/\/revidigital.ielusc.br\/index.php\/wp-json\/wp\/v2\/categories?post=17394"},{"taxonomy":"post_tag","embeddable":true,"href":"https:\/\/revidigital.ielusc.br\/index.php\/wp-json\/wp\/v2\/tags?post=17394"}],"curies":[{"name":"wp","href":"https:\/\/api.w.org\/{rel}","templated":true}]}}