{"id":17402,"date":"2025-10-22T17:35:47","date_gmt":"2025-10-22T20:35:47","guid":{"rendered":"https:\/\/revidigital.ielusc.br\/?p=17402"},"modified":"2025-10-22T17:38:31","modified_gmt":"2025-10-22T20:38:31","slug":"ubsf-nova-brasilia-recebe-tarde-cultural-gratuita-nesta-sexta","status":"publish","type":"post","link":"https:\/\/revidigital.ielusc.br\/index.php\/2025\/10\/22\/ubsf-nova-brasilia-recebe-tarde-cultural-gratuita-nesta-sexta\/","title":{"rendered":"UBSF Nova Bras\u00edlia recebe Tarde Cultural gratuita nesta sexta"},"content":{"rendered":"\n<p><em>Projeto do Instituto IMPAR transforma unidades de sa\u00fade em espa\u00e7os de cultura por um dia como forma de conscientizar sobre a import\u00e2ncia da arte na promo\u00e7\u00e3o da sa\u00fade<\/em><\/p>\n\n\n\n<p>Nesta sexta-feira, <strong>24 de outubro<\/strong>, a UBSF Nova Bras\u00edlia ter\u00e1 uma rotina de trabalho um pouco diferente. Al\u00e9m dos atendimentos m\u00e9dicos normais, a unidade ser\u00e1 palco para os artistas que v\u00e3o se apresentar na Tarde Cultural, das <strong>14h \u00e0s 17h<\/strong>. Gratuita e aberta \u00e0 toda comunidade, o evento \u00e9 uma iniciativa do Instituto IMPAR, com o apoio da Secretaria de Sa\u00fade de Joinville.\u00a0<br>O objetivo \u00e9 conscientizar as pessoas sobre o potencial da arte no cuidado com a sa\u00fade mental e o bem-estar. A iniciativa vai ao encontro do que prop\u00f5e a <strong>Pol\u00edtica Nacional de Pr\u00e1ticas Integrativas e Complementaresdo SUS<\/strong>, que desde 2017 reconhece manifesta\u00e7\u00f5es art\u00edsticas como pr\u00e1ticas de preven\u00e7\u00e3o e promo\u00e7\u00e3o de sa\u00fade, a serem ofertadas especialmente na aten\u00e7\u00e3o b\u00e1sica \u00e0 sa\u00fade.<\/p>\n\n\n\n<p>Na UBSF Nova Bras\u00edlia, a comunidade vai poder desfrutar de uma programa\u00e7\u00e3o diversa, que inicia com a apresenta\u00e7\u00e3o do <strong>Grupo de Teatro Louco \u00e9 Pouco<\/strong>, associado ao IMPAR. Em seguida, o professor Robson Benta, que dirige o grupo, realiza uma viv\u00eancia art\u00edstica.\u00a0<\/p>\n\n\n\n<p>Tamb\u00e9m sobem ao palco, que ser\u00e1 montado nos fundos da unidade, os m\u00fasicos Tiago Catafesta e Gabriel Marcondes, para um duo de piano e violino tocando cl\u00e1ssicos da Disney; e na sequ\u00eancia o m\u00fasico Victor Sarmanho e banda. As apresenta\u00e7\u00f5es de dan\u00e7a ficam por conta do Grupo A-nimal e do Studio de Dan\u00e7a Juliane Bonato.<\/p>\n\n\n<div class=\"wp-block-image\">\n<figure class=\"aligncenter size-full is-resized\"><img decoding=\"async\" loading=\"lazy\" src=\"https:\/\/revidigital.ielusc.br\/wp-content\/uploads\/2025\/10\/Tarde-Cultural-IMPAR.-Foto-Gabriel-Bazt-10.jpg\" alt=\"\" class=\"wp-image-17403\" style=\"width:519px;height:346px\" width=\"519\" height=\"346\" srcset=\"https:\/\/revidigital.ielusc.br\/wp-content\/uploads\/2025\/10\/Tarde-Cultural-IMPAR.-Foto-Gabriel-Bazt-10.jpg 1650w, https:\/\/revidigital.ielusc.br\/wp-content\/uploads\/2025\/10\/Tarde-Cultural-IMPAR.-Foto-Gabriel-Bazt-10-1536x1024.jpg 1536w\" sizes=\"(max-width: 519px) 100vw, 519px\" \/><figcaption class=\"wp-element-caption\">Cr\u00e9dito: Gabriel Bazt <\/figcaption><\/figure><\/div>\n\n\n<p>Durante o evento o p\u00fablico tamb\u00e9m poder\u00e1 participar de oficinas art\u00edsticas de capoeira, com a mestra Karlinha Reis; de artes visuais, com Jos\u00e9 Mauro Silva; e de literatura, com o escritor Jura Arruda. A programa\u00e7\u00e3o&nbsp; conta ainda com brech\u00f3 e venda de artesanato da Repart, lanche da tarde e uma roda de conversa sobre sa\u00fade mental.&nbsp;&nbsp;<\/p>\n\n\n\n<p>&#8220;Nosso objetivo \u00e9 mostrar para as pessoas que todo mundo pode fazer arte e t\u00ea-la como uma aliada para lidar com quest\u00f5es especialmente de sa\u00fade mental. O teatro, a dan\u00e7a, a m\u00fasica, o desenho, entre outras manifesta\u00e7\u00f5es t\u00eam a capacidade de nos ajudar a elaborar e expressar sentimentos, sem que a gente precise de t\u00e9cnicas elaboradas para isso\u201d, aponta Manoella Carolina Rego, presidente do IMPAR e produtora do projeto.<\/p>\n\n\n\n<p>\u201cEssa iniciativa \u00e9 fundamental porque reconhece que a sa\u00fade n\u00e3o se resume \u00e0 aus\u00eancia de doen\u00e7as. Ela abra\u00e7a o conceito ampliado de sa\u00fade, que envolve qualidade de vida, bem-estar emocional e rela\u00e7\u00f5es sociais. Promover atividades culturais \u00e9 mais do que entreter, \u00e9 criar espa\u00e7os de socializa\u00e7\u00e3o e fortalecimento de v\u00ednculos entre as pessoas. Crian\u00e7as, jovens, adultos e idosos encontram na comunidade de sa\u00fade um ambiente acolhedor onde podem aprender uns com os outros, compartilhar experi\u00eancias e construir redes de apoio\u201d, afirma Deise Tatiane Corr\u00eaa Pereira, coordenadora da UBSF Nova Bras\u00edlia.&nbsp;<\/p>\n\n\n\n<p>Toda a programa\u00e7\u00e3o da Tarde Cultural conta com acessibilidade f\u00edsica, int\u00e9rprete de Libras e audiodescri\u00e7\u00e3o.&nbsp;&nbsp;<\/p>\n\n\n\n<p>As Tardes Culturais fazem parte do projeto \u201cArte e Sa\u00fade Mental para Todos\u201d, do Instituto IMPAR. A iniciativa foi contemplada no Edital de Pontos de Cultura promovido pela Prefeitura de Joinville, com recursos da Pol\u00edtica Nacional Aldir Blanc. A realiza\u00e7\u00e3o \u00e9 do Minist\u00e9rio da Cultura e Pol\u00edtica Nacional de Cultura Viva. O projeto tamb\u00e9m conta com o apoio da Secretaria de Sa\u00fade de Joinville.<\/p>\n\n\n<div class=\"wp-block-image\">\n<figure class=\"aligncenter size-full is-resized\"><img decoding=\"async\" loading=\"lazy\" src=\"https:\/\/revidigital.ielusc.br\/wp-content\/uploads\/2025\/10\/Tarde-Cultural-IMPAR.-Foto-Gabriel-Bazt-7.jpg\" alt=\"\" class=\"wp-image-17405\" style=\"width:621px;height:414px\" width=\"621\" height=\"414\" srcset=\"https:\/\/revidigital.ielusc.br\/wp-content\/uploads\/2025\/10\/Tarde-Cultural-IMPAR.-Foto-Gabriel-Bazt-7.jpg 1650w, https:\/\/revidigital.ielusc.br\/wp-content\/uploads\/2025\/10\/Tarde-Cultural-IMPAR.-Foto-Gabriel-Bazt-7-1536x1024.jpg 1536w\" sizes=\"(max-width: 621px) 100vw, 621px\" \/><figcaption class=\"wp-element-caption\">Cr\u00e9dito: Gabriel Bazt <\/figcaption><\/figure><\/div>\n\n\n<p><strong><em>Louco \u00e9 Pouco participa do 1\u00aa Congresso Brasileiro de Arte, Cultura e Sa\u00fade Mental\u00a0<\/em><\/strong><\/p>\n\n\n\n<p>Nos dias 29 e 30 de outubro, o Grupo de Teatro Louco \u00e9 Pouco e o professor e diretor Robson Benta participam da programa\u00e7\u00e3o do 1\u00ba Congresso Congresso Brasileiro de Arte, Cultura e Sa\u00fade Mental, e do XV Encontro Catarinense de Sa\u00fade Mental.&nbsp;<\/p>\n\n\n\n<p>O evento cient\u00edfico ser\u00e1 na Universidade Federal de Santa Catarina (UFSC), em Florian\u00f3polis, e vai reunir profissionais da sa\u00fade, das artes, pesquisadores e acad\u00eamicos para discutir a rela\u00e7\u00e3o entre arte, cultura e a sa\u00fade mental coletiva.&nbsp;<\/p>\n\n\n\n<p>Na quarta-feira, 29, 14h, no Teatro Carmen Fossari, o Louco \u00e9 Pouco apresenta a pe\u00e7a \u201cO que voc\u00ea sabe sobre mim?\u201d, estreada no final de 2024 e que reflete sobre como a sociedade rotula as pessoas com base em suas caracter\u00edsticas e diagn\u00f3sticos. J\u00e1 na quinta, dia 30, Robson realizada\u00a0 uma oficina de viv\u00eancia em teatro, com base nos princ\u00edpios metodol\u00f3gicos do Programa Arte para Todos, desenvolvido pelo Instituto IMPAR h\u00e1 13 anos.<\/p>\n\n\n<div class=\"wp-block-image\">\n<figure class=\"aligncenter size-full is-resized\"><img decoding=\"async\" loading=\"lazy\" src=\"https:\/\/revidigital.ielusc.br\/wp-content\/uploads\/2025\/10\/Tarde-Cultural-IMPAR.-Foto-Gabriel-Bazt-5.jpg\" alt=\"\" class=\"wp-image-17408\" style=\"width:585px;height:390px\" width=\"585\" height=\"390\" srcset=\"https:\/\/revidigital.ielusc.br\/wp-content\/uploads\/2025\/10\/Tarde-Cultural-IMPAR.-Foto-Gabriel-Bazt-5.jpg 1650w, https:\/\/revidigital.ielusc.br\/wp-content\/uploads\/2025\/10\/Tarde-Cultural-IMPAR.-Foto-Gabriel-Bazt-5-1536x1024.jpg 1536w\" sizes=\"(max-width: 585px) 100vw, 585px\" \/><figcaption class=\"wp-element-caption\">Cr\u00e9ditos: Gabriel Bazt <\/figcaption><\/figure><\/div>\n\n\n<p>O Grupo Louco \u00e9 Pouco \u00e9 um coletivo de experimenta\u00e7\u00e3o em teatro, performance e conta\u00e7\u00f5es de hist\u00f3rias, formado por artistas com m\u00faltiplos perfis, pessoas com transtorno mental, neurodiversas e com outras caracter\u00edsticas. A pe\u00e7a que ser\u00e1 apresentada no congresso brasileiro \u00e9 tamb\u00e9m t\u00edtulo de um document\u00e1rio longa-metragem que est\u00e1 sendo produzido sobre o grupo pela Futuro Coletivo Filmes, com estreia prevista para 2026.\u00a0<\/p>\n","protected":false},"excerpt":{"rendered":"<p>Projeto do Instituto IMPAR transforma unidades de sa\u00fade em espa\u00e7os de cultura por um dia como forma de conscientizar sobre a import\u00e2ncia da arte na promo\u00e7\u00e3o da sa\u00fade Nesta sexta-feira, 24 de outubro, a UBSF Nova Bras\u00edlia ter\u00e1 uma rotina de trabalho um pouco diferente. Al\u00e9m dos atendimentos m\u00e9dicos normais, a unidade ser\u00e1 palco para [&hellip;]<\/p>\n","protected":false},"author":1,"featured_media":17404,"comment_status":"open","ping_status":"open","sticky":false,"template":"","format":"standard","meta":{"footnotes":""},"categories":[14,8,88,20,4,78,17,11],"tags":[1577,90,1840,108,48,18,1736,2141],"_links":{"self":[{"href":"https:\/\/revidigital.ielusc.br\/index.php\/wp-json\/wp\/v2\/posts\/17402"}],"collection":[{"href":"https:\/\/revidigital.ielusc.br\/index.php\/wp-json\/wp\/v2\/posts"}],"about":[{"href":"https:\/\/revidigital.ielusc.br\/index.php\/wp-json\/wp\/v2\/types\/post"}],"author":[{"embeddable":true,"href":"https:\/\/revidigital.ielusc.br\/index.php\/wp-json\/wp\/v2\/users\/1"}],"replies":[{"embeddable":true,"href":"https:\/\/revidigital.ielusc.br\/index.php\/wp-json\/wp\/v2\/comments?post=17402"}],"version-history":[{"count":2,"href":"https:\/\/revidigital.ielusc.br\/index.php\/wp-json\/wp\/v2\/posts\/17402\/revisions"}],"predecessor-version":[{"id":17410,"href":"https:\/\/revidigital.ielusc.br\/index.php\/wp-json\/wp\/v2\/posts\/17402\/revisions\/17410"}],"wp:featuredmedia":[{"embeddable":true,"href":"https:\/\/revidigital.ielusc.br\/index.php\/wp-json\/wp\/v2\/media\/17404"}],"wp:attachment":[{"href":"https:\/\/revidigital.ielusc.br\/index.php\/wp-json\/wp\/v2\/media?parent=17402"}],"wp:term":[{"taxonomy":"category","embeddable":true,"href":"https:\/\/revidigital.ielusc.br\/index.php\/wp-json\/wp\/v2\/categories?post=17402"},{"taxonomy":"post_tag","embeddable":true,"href":"https:\/\/revidigital.ielusc.br\/index.php\/wp-json\/wp\/v2\/tags?post=17402"}],"curies":[{"name":"wp","href":"https:\/\/api.w.org\/{rel}","templated":true}]}}