{"id":17411,"date":"2025-10-23T18:12:10","date_gmt":"2025-10-23T21:12:10","guid":{"rendered":"https:\/\/revidigital.ielusc.br\/?p=17411"},"modified":"2025-10-23T18:12:12","modified_gmt":"2025-10-23T21:12:12","slug":"peca-teatral-encenada-por-atriz-surda-de-joinville-tem-apresentacao-gratuita-neste-sabado","status":"publish","type":"post","link":"https:\/\/revidigital.ielusc.br\/index.php\/2025\/10\/23\/peca-teatral-encenada-por-atriz-surda-de-joinville-tem-apresentacao-gratuita-neste-sabado\/","title":{"rendered":"Pe\u00e7a teatral encenada por atriz surda de Joinville tem apresenta\u00e7\u00e3o gratuita neste s\u00e1bado"},"content":{"rendered":"\n<p><em>Espet\u00e1culo \u201cEu n\u00e3o falo sua l\u00edngua\u201d, do Grupo de Teatro Libra\u00e7\u00e3o, \u00e9 interpretado em Libras e exp\u00f5e desafios e experi\u00eancias comuns \u00e0s pessoas surdas. Apresenta\u00e7\u00e3o ocorre no Galp\u00e3o de Teatro da Ajote<\/em><\/p>\n\n\n\n<p>Como seria viver no pr\u00f3prio pa\u00eds e ningu\u00e9m entender o que voc\u00ea diz? A experi\u00eancia, vivida cotidianamente por centenas de milhares de brasileiros surdos, \u00e9 a inspira\u00e7\u00e3o para &#8220;Eu n\u00e3o falo a sua l\u00edngua&#8221;, pe\u00e7a do Grupo de Teatro Libra\u00e7\u00e3o, que volta ao palco do Galp\u00e3o de Teatro da Ajote em uma apresenta\u00e7\u00e3o \u00fanica no <strong>pr\u00f3ximo s\u00e1bado (25\/10)<\/strong>, \u00e0s <strong>19 horas<\/strong>, com entrada gratuita.&nbsp;<\/p>\n\n\n\n<p>No palco, a atriz surda joinvilense Dayane Cristina Gomes contracena com personagens que surgem projetados no cen\u00e1rio e representam situa\u00e7\u00f5es da vida real. A falta de letramento dos brasileiros ouvintes em L\u00edngua Brasileira de Sinais &#8211; Libras se traduz, na pr\u00e1tica, nas dificuldades encontradas pela popula\u00e7\u00e3o surda em acessar a educa\u00e7\u00e3o, o trabalho e em conviver socialmente.\u00a0<\/p>\n\n\n<div class=\"wp-block-image\">\n<figure class=\"aligncenter size-full is-resized\"><img decoding=\"async\" loading=\"lazy\" src=\"https:\/\/revidigital.ielusc.br\/wp-content\/uploads\/2025\/10\/Eu-nao-falo-sua-lingua.-Foto-Gabriel-Bazt-7.jpg\" alt=\"\" class=\"wp-image-17413\" style=\"width:465px;height:310px\" width=\"465\" height=\"310\" srcset=\"https:\/\/revidigital.ielusc.br\/wp-content\/uploads\/2025\/10\/Eu-nao-falo-sua-lingua.-Foto-Gabriel-Bazt-7.jpg 1650w, https:\/\/revidigital.ielusc.br\/wp-content\/uploads\/2025\/10\/Eu-nao-falo-sua-lingua.-Foto-Gabriel-Bazt-7-1536x1024.jpg 1536w\" sizes=\"(max-width: 465px) 100vw, 465px\" \/><figcaption class=\"wp-element-caption\"><strong>Eu n\u00e3o falo sua l\u00edngua. Foto Gabriel Bazt<\/strong><\/figcaption><\/figure><\/div>\n\n\n<p>O espet\u00e1culo teatral busca dar visibilidade a essas quest\u00f5es e promover a reflex\u00e3o do p\u00fablico sobre <strong>acessibilidade das pessoas com defici\u00eancia<\/strong> e outras caracter\u00edsticas que integram o amplo espectro da diversidade humana e dos direitos constitucionais.<\/p>\n\n\n\n<blockquote class=\"wp-block-quote\">\n<p>\u201cA pe\u00e7a percorre os desafios de viver em uma sociedade que n\u00e3o fala a minha l\u00edngua, mas tamb\u00e9m como o encontro com tantas diferentes pessoas surdas contribui para constru\u00e7\u00e3o da nossa identidade como pessoa surda e de nossas potencialidades\u201d, afirma Dayane.&nbsp;<\/p>\n<\/blockquote>\n\n\n\n<p>O florescer da identidade surda tamb\u00e9m \u00e9 representada na pe\u00e7a pelo ator surdo Darley Goulart, que aparece nas proje\u00e7\u00f5es. Linguista, Darley escreve e interpreta poesias em Libras que transmitem os desafios, mas tamb\u00e9m a for\u00e7a da comunidade surda, reafirmando suas possibilidades e potencialidades.&nbsp;<\/p>\n\n\n\n<p>O espet\u00e1culo foi contemplado no Edital de Chamamento P\u00fablico 01\/2024 de a\u00e7\u00f5es culturais, da Prefeitura de Joinville, realizado com recursos do Governo Federal repassados ao munic\u00edpio pelo Minist\u00e9rio da Cultura por meio da Pol\u00edtica Nacional Aldir Blanc (PNAB). O Grupo de\u00a0 Teatro Libra\u00e7\u00e3o \u00e9 associado ao Instituto IMPAR e esta apresenta\u00e7\u00e3o tem o apoio da Associa\u00e7\u00e3o de Moradores e Amigos do Bairro Itinga (Amorabi).\u00a0<\/p>\n\n\n<div class=\"wp-block-image\">\n<figure class=\"aligncenter size-full is-resized\"><img decoding=\"async\" loading=\"lazy\" src=\"https:\/\/revidigital.ielusc.br\/wp-content\/uploads\/2025\/10\/Eu-nao-falo-sua-lingua.-Foto-Gabriel-Bazt-2.jpg\" alt=\"\" class=\"wp-image-17414\" style=\"width:472px;height:314px\" width=\"472\" height=\"314\" srcset=\"https:\/\/revidigital.ielusc.br\/wp-content\/uploads\/2025\/10\/Eu-nao-falo-sua-lingua.-Foto-Gabriel-Bazt-2.jpg 1650w, https:\/\/revidigital.ielusc.br\/wp-content\/uploads\/2025\/10\/Eu-nao-falo-sua-lingua.-Foto-Gabriel-Bazt-2-1536x1024.jpg 1536w\" sizes=\"(max-width: 472px) 100vw, 472px\" \/><figcaption class=\"wp-element-caption\"><strong>Eu n\u00e3o falo sua l\u00edngua. Foto Gabriel Bazt<\/strong><\/figcaption><\/figure><\/div>\n\n\n<p><strong>Acessibilidade<\/strong><\/p>\n\n\n\n<p>O espet\u00e1culo tamb\u00e9m \u00e9 uma experi\u00eancia de acessibilidade. A pe\u00e7a \u00e9 apresentada em Libras, com locu\u00e7\u00e3o em Portugu\u00eas e&nbsp; audiodescri\u00e7\u00e3o. A apresenta\u00e7\u00e3o tamb\u00e9m tem int\u00e9rprete de Libras para a acessibilidade comunicacional das pessoas surdas no teatro e da atriz com o p\u00fablico ouvinte.&nbsp;<\/p>\n\n\n\n<p><strong>Circuito por escolas de Joinville&nbsp;<\/strong><\/p>\n\n\n\n<p>Al\u00e9m da apresenta\u00e7\u00e3o no Galp\u00e3o de Teatro da Ajote, aberta ao p\u00fablico, o projeto contempla apresenta\u00e7\u00f5es em quatro escolas municipais de Joinville, com o objetivo de promover a arte DEF (feita por pessoas com defici\u00eancia) e incentivar reflex\u00f5es e pr\u00e1ticas sobre acessibilidade em todas as esferas da sociedade.&nbsp;<\/p>\n\n\n\n<p><strong>Sobre o Grupo Libra\u00e7\u00e3o\u00a0<\/strong><\/p>\n\n\n<div class=\"wp-block-image\">\n<figure class=\"aligncenter size-full is-resized\"><img decoding=\"async\" loading=\"lazy\" src=\"https:\/\/revidigital.ielusc.br\/wp-content\/uploads\/2025\/10\/Eu-nao-falo-sua-lingua.-Foto-Gabriel-Bazt-5.jpg\" alt=\"\" class=\"wp-image-17412\" style=\"width:473px;height:315px\" width=\"473\" height=\"315\" srcset=\"https:\/\/revidigital.ielusc.br\/wp-content\/uploads\/2025\/10\/Eu-nao-falo-sua-lingua.-Foto-Gabriel-Bazt-5.jpg 1650w, https:\/\/revidigital.ielusc.br\/wp-content\/uploads\/2025\/10\/Eu-nao-falo-sua-lingua.-Foto-Gabriel-Bazt-5-1536x1024.jpg 1536w\" sizes=\"(max-width: 473px) 100vw, 473px\" \/><figcaption class=\"wp-element-caption\"><strong>Foto Gabriel Bazt<\/strong><\/figcaption><\/figure><\/div>\n\n\n<p>Formado por atores surdos e ouvintes que se comunicam em Libras, o Grupo de Teatro Libra\u00e7\u00e3o foi criado em 2011 pelas atrizes Dayane Cristina Gomes e Manoella Carolina Rego, com o objetivo de ser um espa\u00e7o de produ\u00e7\u00e3o art\u00edstica para pessoas\u00a0 surdas de Joinville.\u00a0<\/p>\n\n\n\n<p><br>Desde 2018, o grupo integra a estrutura do Instituto IMPAR e do Programa de Forma\u00e7\u00e3o Cultural Arte para Todos, auxiliando no fomento da arte em Joinville e prestando consultoria em acessibilidade para outros grupos e artistas da cidade.<\/p>\n","protected":false},"excerpt":{"rendered":"<p>Espet\u00e1culo \u201cEu n\u00e3o falo sua l\u00edngua\u201d, do Grupo de Teatro Libra\u00e7\u00e3o, \u00e9 interpretado em Libras e exp\u00f5e desafios e experi\u00eancias comuns \u00e0s pessoas surdas. Apresenta\u00e7\u00e3o ocorre no Galp\u00e3o de Teatro da Ajote Como seria viver no pr\u00f3prio pa\u00eds e ningu\u00e9m entender o que voc\u00ea diz? A experi\u00eancia, vivida cotidianamente por centenas de milhares de brasileiros [&hellip;]<\/p>\n","protected":false},"author":1,"featured_media":17415,"comment_status":"open","ping_status":"open","sticky":false,"template":"","format":"standard","meta":{"footnotes":""},"categories":[88,20,11],"tags":[90,2142,57,1970,48,34,1774,2143,233,2144],"_links":{"self":[{"href":"https:\/\/revidigital.ielusc.br\/index.php\/wp-json\/wp\/v2\/posts\/17411"}],"collection":[{"href":"https:\/\/revidigital.ielusc.br\/index.php\/wp-json\/wp\/v2\/posts"}],"about":[{"href":"https:\/\/revidigital.ielusc.br\/index.php\/wp-json\/wp\/v2\/types\/post"}],"author":[{"embeddable":true,"href":"https:\/\/revidigital.ielusc.br\/index.php\/wp-json\/wp\/v2\/users\/1"}],"replies":[{"embeddable":true,"href":"https:\/\/revidigital.ielusc.br\/index.php\/wp-json\/wp\/v2\/comments?post=17411"}],"version-history":[{"count":1,"href":"https:\/\/revidigital.ielusc.br\/index.php\/wp-json\/wp\/v2\/posts\/17411\/revisions"}],"predecessor-version":[{"id":17416,"href":"https:\/\/revidigital.ielusc.br\/index.php\/wp-json\/wp\/v2\/posts\/17411\/revisions\/17416"}],"wp:featuredmedia":[{"embeddable":true,"href":"https:\/\/revidigital.ielusc.br\/index.php\/wp-json\/wp\/v2\/media\/17415"}],"wp:attachment":[{"href":"https:\/\/revidigital.ielusc.br\/index.php\/wp-json\/wp\/v2\/media?parent=17411"}],"wp:term":[{"taxonomy":"category","embeddable":true,"href":"https:\/\/revidigital.ielusc.br\/index.php\/wp-json\/wp\/v2\/categories?post=17411"},{"taxonomy":"post_tag","embeddable":true,"href":"https:\/\/revidigital.ielusc.br\/index.php\/wp-json\/wp\/v2\/tags?post=17411"}],"curies":[{"name":"wp","href":"https:\/\/api.w.org\/{rel}","templated":true}]}}