{"id":17467,"date":"2025-10-29T16:34:43","date_gmt":"2025-10-29T19:34:43","guid":{"rendered":"https:\/\/revidigital.ielusc.br\/?p=17467"},"modified":"2025-10-29T16:40:35","modified_gmt":"2025-10-29T19:40:35","slug":"casa-tombada-carrega-legado-da-imigracao-alema-em-sc","status":"publish","type":"post","link":"https:\/\/revidigital.ielusc.br\/index.php\/2025\/10\/29\/casa-tombada-carrega-legado-da-imigracao-alema-em-sc\/","title":{"rendered":"Casa tombada carrega legado da imigra\u00e7\u00e3o alem\u00e3 em SC"},"content":{"rendered":"\n<p>Erguida em 1924 no bairro Amizade, em Jaragu\u00e1 do Sul, a Casa Lili Zickuhr Friedel \u00e9 considerada uma das \u00faltimas casas em enxaimel ainda preservadas dentro do per\u00edmetro urbano. Constru\u00edda por Albert Friedel, descendente de imigrantes pomeranos, a resid\u00eancia tornou-se refer\u00eancia da presen\u00e7a alem\u00e3 na regi\u00e3o e, desde 2010, \u00e9 tombada como patrim\u00f4nio hist\u00f3rico e cultural do munic\u00edpio.<\/p>\n\n\n\n<p>A casa enxaimel \u00e9 uma constru\u00e7\u00e3o tradicional alem\u00e3 que chegou ao Brasil com os imigrantes no s\u00e9culo XIX. Consiste em pe\u00e7as de madeira unidas por encaixes, sem pregos ou parafusos, formando uma estrutura em treli\u00e7a. Os v\u00e3os entre as madeiras s\u00e3o preenchidos por tijolos, e outros materiais. Como as pe\u00e7as s\u00e3o unidas umas \u00e0s outras, \u00e9 poss\u00edvel montar e desmontar uma casa enxaimel com mais facilidade do que uma casa de alvenaria.<\/p>\n\n\n\n<p>&#8220;Localizada na Rua Roberto Ziemann, 1749, a resid\u00eancia mant\u00e9m suas linhas originais em enxaimel. O nome da casa homenageia Lili Zickuhr Friedel, integrante da fam\u00edlia que marcou a hist\u00f3ria do im\u00f3vel. Segundo o Patrim\u00f4nio Hist\u00f3rico, a Casa Friedel \u201csimboliza a identidade cultural do bairro, al\u00e9m de ser refer\u00eancia no desenvolvimento hist\u00f3rico da cidade\u201d.<\/p>\n\n\n<div class=\"wp-block-image\">\n<figure class=\"aligncenter size-large is-resized\"><img decoding=\"async\" loading=\"lazy\" src=\"https:\/\/revidigital.ielusc.br\/wp-content\/uploads\/2025\/10\/IMG-20251015-WA0024-e1761766659247-1024x960.jpg\" alt=\"\" class=\"wp-image-17472\" style=\"width:479px;height:619px\" width=\"479\" height=\"619\"\/><figcaption class=\"wp-element-caption\">Cr\u00e9ditos: Thaiana Spezia<\/figcaption><\/figure><\/div>\n\n\n<p><strong><em>Preserva\u00e7\u00e3o cultural<\/em><\/strong><\/p>\n\n\n\n<p>O processo de restaura\u00e7\u00e3o da casa come\u00e7ou em 2011 e foi conclu\u00eddo em 2016. Os trabalhos receberam recursos do Fundo Municipal de Cultura (FMC), al\u00e9m do investimento da pr\u00f3pria fam\u00edlia Friedel, herdeira da constru\u00e7\u00e3o. Na \u00e9poca, a prefeitura destacou que \u201ctrata-se de uma forma de preservar n\u00e3o somente caracter\u00edsticas arquitet\u00f4nicas e modelos construtivos, mas seus h\u00e1bitos e hist\u00f3rias.\u201d<\/p>\n\n\n\n<p>Ap\u00f3s a revitaliza\u00e7\u00e3o, o espa\u00e7o foi adaptado para receber uma cafeteria em 2024, mas sem grandes altera\u00e7\u00f5es em sua estrutura. De acordo com a atual ocupante, a confeiteira Thaiana Spezia, as mudan\u00e7as foram m\u00ednimas. \u201cAs \u00fanicas adapta\u00e7\u00f5es foram na parte el\u00e9trica e hidr\u00e1ulica, porque os equipamentos s\u00e3o mais pesados. Ent\u00e3o limpamos, fizemos os m\u00f3veis um pouco mais modernos e coloridos para contrapor com a casa \u201d, relatou.<\/p>\n\n\n<div class=\"wp-block-image\">\n<figure class=\"aligncenter size-large is-resized\"><img decoding=\"async\" loading=\"lazy\" src=\"https:\/\/revidigital.ielusc.br\/wp-content\/uploads\/2025\/10\/IMG-20251015-WA0026-e1761696059806-792x1024.jpg\" alt=\"\" class=\"wp-image-17469\" style=\"width:425px;height:550px\" width=\"425\" height=\"550\" srcset=\"https:\/\/revidigital.ielusc.br\/wp-content\/uploads\/2025\/10\/IMG-20251015-WA0026-e1761696059806-792x1024.jpg 792w, https:\/\/revidigital.ielusc.br\/wp-content\/uploads\/2025\/10\/IMG-20251015-WA0026-e1761696059806-232x300.jpg 232w, https:\/\/revidigital.ielusc.br\/wp-content\/uploads\/2025\/10\/IMG-20251015-WA0026-e1761696059806-768x993.jpg 768w, https:\/\/revidigital.ielusc.br\/wp-content\/uploads\/2025\/10\/IMG-20251015-WA0026-e1761696059806.jpg 901w\" sizes=\"(max-width: 425px) 100vw, 425px\" \/><figcaption class=\"wp-element-caption\">Speziale funciona no local desde abril deste ano | Cr\u00e9ditos: Thaiana Spezia<\/figcaption><\/figure><\/div>\n\n\n<p>Thaiana lembra ainda do impacto da primeira visita ao espa\u00e7o. \u201cQuando eu vim conhecer a casa, fiquei apaixonada. Eu sempre gostei de constru\u00e7\u00f5es antigas, e ela tem um charme que \u00e9 dela mesma.\u201d Mais do que uma cafeteria, a Casa Friedel tornou-se um elo entre passado e presente, resgatando a hist\u00f3ria da imigra\u00e7\u00e3o alem\u00e3 em Jaragu\u00e1 do Sul e oferecendo \u00e0 comunidade um espa\u00e7o que mant\u00e9m vivas as tradi\u00e7\u00f5es arquitet\u00f4nicas e culturais.<\/p>\n\n\n\n<p>Com sua restaura\u00e7\u00e3o e tombamento, a resid\u00eancia permanece como testemunho de uma \u00e9poca em que fam\u00edlias de imigrantes ajudaram a construir a identidade local, e que carrega consigo a mem\u00f3ria de gera\u00e7\u00f5es.<\/p>\n","protected":false},"excerpt":{"rendered":"<p>Erguida em 1924 no bairro Amizade, em Jaragu\u00e1 do Sul, a Casa Lili Zickuhr Friedel \u00e9 considerada uma das \u00faltimas casas em enxaimel ainda preservadas dentro do per\u00edmetro urbano. Constru\u00edda por Albert Friedel, descendente de imigrantes pomeranos, a resid\u00eancia tornou-se refer\u00eancia da presen\u00e7a alem\u00e3 na regi\u00e3o e, desde 2010, \u00e9 tombada como patrim\u00f4nio hist\u00f3rico e [&hellip;]<\/p>\n","protected":false},"author":32,"featured_media":17468,"comment_status":"open","ping_status":"open","sticky":false,"template":"","format":"standard","meta":{"footnotes":""},"categories":[88,20,127,2007,1837,2151],"tags":[1840,57,48,34,675,627],"_links":{"self":[{"href":"https:\/\/revidigital.ielusc.br\/index.php\/wp-json\/wp\/v2\/posts\/17467"}],"collection":[{"href":"https:\/\/revidigital.ielusc.br\/index.php\/wp-json\/wp\/v2\/posts"}],"about":[{"href":"https:\/\/revidigital.ielusc.br\/index.php\/wp-json\/wp\/v2\/types\/post"}],"author":[{"embeddable":true,"href":"https:\/\/revidigital.ielusc.br\/index.php\/wp-json\/wp\/v2\/users\/32"}],"replies":[{"embeddable":true,"href":"https:\/\/revidigital.ielusc.br\/index.php\/wp-json\/wp\/v2\/comments?post=17467"}],"version-history":[{"count":3,"href":"https:\/\/revidigital.ielusc.br\/index.php\/wp-json\/wp\/v2\/posts\/17467\/revisions"}],"predecessor-version":[{"id":17479,"href":"https:\/\/revidigital.ielusc.br\/index.php\/wp-json\/wp\/v2\/posts\/17467\/revisions\/17479"}],"wp:featuredmedia":[{"embeddable":true,"href":"https:\/\/revidigital.ielusc.br\/index.php\/wp-json\/wp\/v2\/media\/17468"}],"wp:attachment":[{"href":"https:\/\/revidigital.ielusc.br\/index.php\/wp-json\/wp\/v2\/media?parent=17467"}],"wp:term":[{"taxonomy":"category","embeddable":true,"href":"https:\/\/revidigital.ielusc.br\/index.php\/wp-json\/wp\/v2\/categories?post=17467"},{"taxonomy":"post_tag","embeddable":true,"href":"https:\/\/revidigital.ielusc.br\/index.php\/wp-json\/wp\/v2\/tags?post=17467"}],"curies":[{"name":"wp","href":"https:\/\/api.w.org\/{rel}","templated":true}]}}