{"id":17728,"date":"2025-12-03T11:54:47","date_gmt":"2025-12-03T14:54:47","guid":{"rendered":"https:\/\/revidigital.ielusc.br\/?p=17728"},"modified":"2025-12-03T11:54:48","modified_gmt":"2025-12-03T14:54:48","slug":"falta-de-iluminacao-nas-ruas-afeta-moradores-e-comerciantes","status":"publish","type":"post","link":"https:\/\/revidigital.ielusc.br\/index.php\/2025\/12\/03\/falta-de-iluminacao-nas-ruas-afeta-moradores-e-comerciantes\/","title":{"rendered":"Falta de ilumina\u00e7\u00e3o nas ruas afeta moradores e comerciantes"},"content":{"rendered":"\n<p>Ap\u00f3s anos de espera, Joinville inicia a moderniza\u00e7\u00e3o da ilumina\u00e7\u00e3o p\u00fablica com nova Parceria P\u00fablico-Privada<\/p>\n\n\n\n<p>Por <em>David Martins<\/em><\/p>\n\n\n\n<p>Ap\u00f3s duas d\u00e9cadas de tentativas para viabilizar uma Parceria P\u00fablico-Privada (PPP), Joinville vive hoje um contraste evidente na gest\u00e3o da ilumina\u00e7\u00e3o p\u00fablica. De um lado, a Prefeitura comemora a formaliza\u00e7\u00e3o do contrato que promete modernizar a rede e trazer tecnologia para o sistema. De outro, moradores de diferentes bairros seguem enfrentando a demora na reposi\u00e7\u00e3o, e a inseguran\u00e7a que acaba sendo provocada pela falta de luz nas ruas.<\/p>\n\n\n\n<p>Andrey Cortina morador da rua M\u00e1rcio Luckow, no bairro Vila Nova, conta que uma l\u00e2mpada est\u00e1 queimada h\u00e1 mais de cinco meses. Mesmo ap\u00f3s registrar reclama\u00e7\u00e3o junto aos canais oficiais, ele afirma que o problema persiste. Para ele, a quest\u00e3o vai al\u00e9m da falta de visibilidade. \u201cJ\u00e1 houve momentos em que recebi visitas que n\u00e3o se sentiram seguras de deixar o carro estacionado ou de permanecer na cal\u00e7ada, por conta da escurid\u00e3o\u201d, relata o morador.<\/p>\n\n\n\n<p>Em outro ponto da cidade, o comerciante Fernando Daniel Eggert Werner, morador da rua Jo\u00e3o Severino Mateus, bairro Jo\u00e3o Costa, enfrenta uma situa\u00e7\u00e3o parecida h\u00e1 dois anos. De acordo com o morador, a falta de luz provoca inseguran\u00e7a para todos e impactando diretamente os comerciantes locais. Mesmo diante das dificuldades, a recente assinatura da PPP reacendeu expectativas positivas entre os moradores. \u201cUm sentimento de esperan\u00e7a e uma espera de promessas cumpridas\u201d, explica Andrey.<\/p>\n\n\n\n<p>A Prefeitura de Joinville reconhece as falhas na ilumina\u00e7\u00e3o p\u00fablica, mas garante que o trabalho de manuten\u00e7\u00e3o \u00e9 cont\u00ednuo e que fatores externos acabam atrasando a manuten\u00e7\u00e3o da ilumina\u00e7\u00e3o da cidade. O munic\u00edpio informa que Joinville conta com cerca de 63 mil lumin\u00e1rias instaladas e que, entre agosto e setembro, foram atendidas 6.067 solicita\u00e7\u00f5es de manuten\u00e7\u00e3o. Segundo a Prefeitura, o \u00edndice de falhas na rede foi reduzido de 4,49%, em mar\u00e7o, para 3,61% atualmente, resultado de a\u00e7\u00f5es de vistoria, reposi\u00e7\u00e3o de l\u00e2mpadas e amplia\u00e7\u00e3o das equipes de campo.<\/p>\n\n\n\n<p><strong>Problema antigo<\/strong><\/p>\n\n\n\n<p>Segundo o colunista Jefferson Saavedra (NSC Total), o ac\u00famulo de postes sem luzes teve in\u00edcio em outubro de 2020, quando terminou o contrato de moderniza\u00e7\u00e3o e manuten\u00e7\u00e3o, sem prorroga\u00e7\u00e3o no governo Udo D\u00f6hler. A nova gest\u00e3o fez um contrato emergencial s\u00f3 de manuten\u00e7\u00e3o, insuficiente. \u201cFicaram postes e l\u00e2mpadas queimados, gerando um passivo. Nos \u00faltimos dois anos, \u00e9 uma das principais queixas na Ouvidoria\u201d, explicou Saavedra.<\/p>\n\n\n\n<p><strong>Mudan\u00e7as oficiais<\/strong><\/p>\n\n\n\n<p>A gest\u00e3o municipal aposta que o novo sistema de telemetria, previsto na Parceria P\u00fablico-Privada (PPP), trar\u00e1 mais efici\u00eancia e agilidade no atendimento. \u201cCom a PPP, a ilumina\u00e7\u00e3o p\u00fablica deve ter ainda mais evolu\u00e7\u00e3o tecnol\u00f3gica. Com a moderniza\u00e7\u00e3o do sistema, a rede poder\u00e1 ser monitorada automaticamente, o que permitir\u00e1 detectar falhas em tempo real. Hoje, al\u00e9m das notifica\u00e7\u00f5es dos moradores, os t\u00e9cnicos tamb\u00e9m fazem inspe\u00e7\u00f5es manuais para identificar problemas\u201d, respondeu a Prefeitura por meio da assessoria.<\/p>\n\n\n\n<p>A parceria, com dura\u00e7\u00e3o de mais de 20 anos, foi firmada com o Cons\u00f3rcio QLUX em leil\u00e3o que teve des\u00e1gio de 30% sobre o valor inicial, totalizando R$350 milh\u00f5es. O contrato prev\u00ea a instala\u00e7\u00e3o de ao menos 10 mil novos pontos de ilumina\u00e7\u00e3o e a substitui\u00e7\u00e3o gradual das l\u00e2mpadas atuais por tecnologia LED, o que deve reduzir custos de manuten\u00e7\u00e3o e ampliar a luminosidade nas vias p\u00fablicas. O sistema ser\u00e1 custeado integralmente pela arrecada\u00e7\u00e3o da COSIP, sem cobran\u00e7a adicional aos contribuintes.<\/p>\n\n\n\n<p>A Secretaria de Infraestrutura Urbana estima que a opera\u00e7\u00e3o plena da concess\u00e3o ocorra apenas em 2026, ap\u00f3s a elabora\u00e7\u00e3o de planos t\u00e9cnicos, a forma\u00e7\u00e3o de estoques e o treinamento das equipes.<\/p>\n","protected":false},"excerpt":{"rendered":"<p>Ap\u00f3s anos de espera, Joinville inicia a moderniza\u00e7\u00e3o da ilumina\u00e7\u00e3o p\u00fablica com nova Parceria P\u00fablico-Privada Por David Martins Ap\u00f3s duas d\u00e9cadas de tentativas para viabilizar uma Parceria P\u00fablico-Privada (PPP), Joinville vive hoje um contraste evidente na gest\u00e3o da ilumina\u00e7\u00e3o p\u00fablica. De um lado, a Prefeitura comemora a formaliza\u00e7\u00e3o do contrato que promete modernizar a rede [&hellip;]<\/p>\n","protected":false},"author":1,"featured_media":17729,"comment_status":"open","ping_status":"open","sticky":false,"template":"","format":"standard","meta":{"footnotes":""},"categories":[97,20,2168,2007,2176],"tags":[1577,1840,57,2177,48,34,1907],"_links":{"self":[{"href":"https:\/\/revidigital.ielusc.br\/index.php\/wp-json\/wp\/v2\/posts\/17728"}],"collection":[{"href":"https:\/\/revidigital.ielusc.br\/index.php\/wp-json\/wp\/v2\/posts"}],"about":[{"href":"https:\/\/revidigital.ielusc.br\/index.php\/wp-json\/wp\/v2\/types\/post"}],"author":[{"embeddable":true,"href":"https:\/\/revidigital.ielusc.br\/index.php\/wp-json\/wp\/v2\/users\/1"}],"replies":[{"embeddable":true,"href":"https:\/\/revidigital.ielusc.br\/index.php\/wp-json\/wp\/v2\/comments?post=17728"}],"version-history":[{"count":1,"href":"https:\/\/revidigital.ielusc.br\/index.php\/wp-json\/wp\/v2\/posts\/17728\/revisions"}],"predecessor-version":[{"id":17730,"href":"https:\/\/revidigital.ielusc.br\/index.php\/wp-json\/wp\/v2\/posts\/17728\/revisions\/17730"}],"wp:featuredmedia":[{"embeddable":true,"href":"https:\/\/revidigital.ielusc.br\/index.php\/wp-json\/wp\/v2\/media\/17729"}],"wp:attachment":[{"href":"https:\/\/revidigital.ielusc.br\/index.php\/wp-json\/wp\/v2\/media?parent=17728"}],"wp:term":[{"taxonomy":"category","embeddable":true,"href":"https:\/\/revidigital.ielusc.br\/index.php\/wp-json\/wp\/v2\/categories?post=17728"},{"taxonomy":"post_tag","embeddable":true,"href":"https:\/\/revidigital.ielusc.br\/index.php\/wp-json\/wp\/v2\/tags?post=17728"}],"curies":[{"name":"wp","href":"https:\/\/api.w.org\/{rel}","templated":true}]}}