{"id":17737,"date":"2025-12-05T15:05:31","date_gmt":"2025-12-05T18:05:31","guid":{"rendered":"https:\/\/revidigital.ielusc.br\/?p=17737"},"modified":"2025-12-05T15:05:33","modified_gmt":"2025-12-05T18:05:33","slug":"curso-de-jornalismo-abre-semana-de-bancas-de-tcc","status":"publish","type":"post","link":"https:\/\/revidigital.ielusc.br\/index.php\/2025\/12\/05\/curso-de-jornalismo-abre-semana-de-bancas-de-tcc\/","title":{"rendered":"Curso de Jornalismo abre semana de bancas de TCC"},"content":{"rendered":"\n<p><em>Os temas da primeira noite discorreram entre cultura de consumo Imediato, jornada do her\u00f3i e cobertura de casos de feminic\u00eddio na imprensa catarinense<\/em><\/p>\n\n\n\n<p>Por Thiago Santos e Edilson Alves<\/p>\n\n\n\n<p>Na noite de ontem (4), foi dada a largada para mais uma semana de bancas de TCC no curso de jornalismo da Faculdade Ielusc. Esse semestre, ser\u00e3o cinco noites de apresenta\u00e7\u00f5es, at\u00e9 a pr\u00f3xima quarta-feira (10), com 16 acad\u00eamicos defendendo seus trabalhos. A primeira noite foi marcada por tr\u00eas defesas.<\/p>\n\n\n\n<p>Quem realizou a abertura das bancas de TCCs neste semestre foi a acad\u00eamica Nicole Silva de Medeiros. Sua monografia foi: \u201cDo hype ao descarte: uma an\u00e1lise do steal the look na cultura do consumo imediato\u201d, orientada pelo professor Hendryo Andr\u00e9. Na banca, estavam as professoras Marilia Crispi de Moraes e Maiara Maduro.<\/p>\n\n\n\n<p>Sua defesa foi baseada na cr\u00edtica \u00e0 sustentabilidade, as contradi\u00e7\u00f5es do consumo imediato ao consumo consciente da moda, segundo an\u00e1lise ao site Streal the look. A conclus\u00e3o trouxe o equil\u00edbrio que o site apresenta do pensamento cr\u00edtico ao pensamento consumista. Nicole tamb\u00e9m citou em sua conclus\u00e3o que escolheu o tema ap\u00f3s duas consultorias com seu orientador, mas que sempre quis fazer sobre moda, mas n\u00e3o encontrava o caminho a seguir dentro da editoria. Durante os coment\u00e1rios, a professora Marilia elogiou a acad\u00eamica: \u201cSeu trabalho me trouxe algumas reflex\u00f5es que extrapolam o mundo da moda. Um ponto interessant\u00edssimo do teu trabalho, \u00e9 que ele leva a gente a pensar num jornalismo al\u00e9m da moda\u201d.&nbsp;<\/p>\n\n\n\n<p>Ap\u00f3s an\u00e1lise da banca, seu orientador Hendryo anunciou a sala sua aprova\u00e7\u00e3o, com a nota 9.5.\u00a0<\/p>\n\n\n<div class=\"wp-block-image\">\n<figure class=\"aligncenter size-full is-resized\"><img decoding=\"async\" loading=\"lazy\" src=\"https:\/\/revidigital.ielusc.br\/wp-content\/uploads\/2025\/12\/WhatsApp-Image-2025-12-04-at-23.01.02.jpeg\" alt=\"\" class=\"wp-image-17738\" style=\"width:623px;height:557px\" width=\"623\" height=\"557\"\/><figcaption class=\"wp-element-caption\">Cr\u00e9ditos: Thiago Santos<\/figcaption><\/figure><\/div>\n\n\n<p>A segunda banca da noite foi apresentada pela acad\u00eamica Camila Bosco. Em sua monografia ela discorreu sobre o tema: Ayrton Senna: A aplica\u00e7\u00e3o da Jornada do Her\u00f3i na constru\u00e7\u00e3o do document\u00e1rio Senna por Ayrton. Seu orientador foi o Professor Hendryo Andr\u00e9, que contou com a avalia\u00e7\u00e3o da participa\u00e7\u00e3o da Professora Ge\u00f3rgia Santos e do professor Jo\u00e3o Francisco Kamradt.<\/p>\n\n\n\n<p>A motiva\u00e7\u00e3o de seu tema vem da admira\u00e7\u00e3o pelo jornalismo esportivo e por seu desejo de desenvolver um trabalho voltado para a F\u00f3rmula 1. Camila iniciou citando o jornalista Nelson Traquina, que ensinava a respeito do jornalismo de excel\u00eancia e das rela\u00e7\u00f5es humanas.&nbsp; Depois Camila apresentou sua defesa baseando seu tema com a jornada do her\u00f3i de Joseph Campbell, mostrando como a hist\u00f3ria de Ayrton se encaixa nas doze etapas da jornada.&nbsp;<\/p>\n\n\n\n<p>Ap\u00f3s a apresenta\u00e7\u00e3o, os professores fizeram suas considera\u00e7\u00f5es. A professora Ge\u00f3rgia ficou muito satisfeita com o trabalho: \u201c\u00c9 muito bom ver esse seu ciclo se fechar de uma forma t\u00e3o bonita, foi muito bom ver sua dedica\u00e7\u00e3o ao longo do semestre, todos os dias eu chegava na sala e voc\u00ea estava l\u00e1; empenhada escrevendo e \u00e9 muito legal ver o resultado de um trabalho bem feito.\u201d&nbsp;&nbsp;<\/p>\n\n\n\n<p>Ap\u00f3s an\u00e1lise da banca, seu orientador Hendryo anunciou a sala sua aprova\u00e7\u00e3o, com a nota m\u00e1xima.&nbsp;&nbsp;<\/p>\n\n\n<div class=\"wp-block-image\">\n<figure class=\"aligncenter size-full is-resized\"><img decoding=\"async\" loading=\"lazy\" src=\"https:\/\/revidigital.ielusc.br\/wp-content\/uploads\/2025\/12\/WhatsApp-Image-2025-12-05-at-14.50.36.jpeg\" alt=\"\" class=\"wp-image-17739\" style=\"width:623px;height:415px\" width=\"623\" height=\"415\" srcset=\"https:\/\/revidigital.ielusc.br\/wp-content\/uploads\/2025\/12\/WhatsApp-Image-2025-12-05-at-14.50.36.jpeg 1599w, https:\/\/revidigital.ielusc.br\/wp-content\/uploads\/2025\/12\/WhatsApp-Image-2025-12-05-at-14.50.36-1536x1024.jpeg 1536w\" sizes=\"(max-width: 623px) 100vw, 623px\" \/><figcaption class=\"wp-element-caption\">Cr\u00e9ditos: Edilson Alves<\/figcaption><\/figure><\/div>\n\n\n<p>No fechamento da noite, a acad\u00eamica Camila Vieira de Jesus trouxe a monografia: \u201cCobertura de casos de feminic\u00eddio na imprensa catarinense: uma an\u00e1lise dos portais NSC Total e ND Mais\u201d. Sua orientadora foi a professora Marilia Crispi de Moraes. Na banca, estavam presentes as professoras Maiara Maduro e Valdete Daufemback.&nbsp;<\/p>\n\n\n\n<p>Sua defesa foi uma escolha pessoal. Segundo a acad\u00eamica, alguns casos marcantes como da menina Elo\u00e1 e Mariana Ferrer a levaram ao tema. A certeza veio ap\u00f3s contato com dois agressores, devido ao seu trabalho. Os portais em que analisou foram NSC Total e ND Mais, sendo 49 mat\u00e9rias factuais e 14 especiais sobre. Sua conclus\u00e3o foi de que factuais apresentam mais falhas e especiais s\u00e3o mais elaboradas. Camila tamb\u00e9m citou acreditar que o jornalismo precisa qualificar essas not\u00edcias para melhorar a sociedade. Durante os coment\u00e1rios, ela falou ter se comovido e emocionado ao ler diversos casos durante seu processo de estudo. A professora Valdete elogiou o TCC: \u201cSempre bom ler bons trabalhos. Que bom que o jornalismo ainda est\u00e1 dando aten\u00e7\u00e3o para esses tema\u201d.&nbsp;<\/p>\n\n\n\n<p>Ap\u00f3s discuss\u00e3o entre a banca, a orientadora Mar\u00edlia anunciou sua aprova\u00e7\u00e3o, com nota m\u00e1xima.<\/p>\n\n\n<div class=\"wp-block-image\">\n<figure class=\"aligncenter size-full is-resized\"><img decoding=\"async\" loading=\"lazy\" src=\"https:\/\/revidigital.ielusc.br\/wp-content\/uploads\/2025\/12\/WhatsApp-Image-2025-12-04-at-23.01.02-1.jpeg\" alt=\"\" class=\"wp-image-17740\" style=\"width:622px;height:415px\" width=\"622\" height=\"415\" srcset=\"https:\/\/revidigital.ielusc.br\/wp-content\/uploads\/2025\/12\/WhatsApp-Image-2025-12-04-at-23.01.02-1.jpeg 1599w, https:\/\/revidigital.ielusc.br\/wp-content\/uploads\/2025\/12\/WhatsApp-Image-2025-12-04-at-23.01.02-1-1536x1024.jpeg 1536w\" sizes=\"(max-width: 622px) 100vw, 622px\" \/><figcaption class=\"wp-element-caption\">Cr\u00e9ditos: Edilson Alves<\/figcaption><\/figure><\/div>\n\n\n<p><\/p>\n","protected":false},"excerpt":{"rendered":"<p>Os temas da primeira noite discorreram entre cultura de consumo Imediato, jornada do her\u00f3i e cobertura de casos de feminic\u00eddio na imprensa catarinense Por Thiago Santos e Edilson Alves Na noite de ontem (4), foi dada a largada para mais uma semana de bancas de TCC no curso de jornalismo da Faculdade Ielusc. Esse semestre, [&hellip;]<\/p>\n","protected":false},"author":1,"featured_media":17741,"comment_status":"open","ping_status":"open","sticky":false,"template":"","format":"standard","meta":{"footnotes":""},"categories":[97,20,4,2007,24,2082],"tags":[1840,108,57,48,34,130,2178],"_links":{"self":[{"href":"https:\/\/revidigital.ielusc.br\/index.php\/wp-json\/wp\/v2\/posts\/17737"}],"collection":[{"href":"https:\/\/revidigital.ielusc.br\/index.php\/wp-json\/wp\/v2\/posts"}],"about":[{"href":"https:\/\/revidigital.ielusc.br\/index.php\/wp-json\/wp\/v2\/types\/post"}],"author":[{"embeddable":true,"href":"https:\/\/revidigital.ielusc.br\/index.php\/wp-json\/wp\/v2\/users\/1"}],"replies":[{"embeddable":true,"href":"https:\/\/revidigital.ielusc.br\/index.php\/wp-json\/wp\/v2\/comments?post=17737"}],"version-history":[{"count":1,"href":"https:\/\/revidigital.ielusc.br\/index.php\/wp-json\/wp\/v2\/posts\/17737\/revisions"}],"predecessor-version":[{"id":17742,"href":"https:\/\/revidigital.ielusc.br\/index.php\/wp-json\/wp\/v2\/posts\/17737\/revisions\/17742"}],"wp:featuredmedia":[{"embeddable":true,"href":"https:\/\/revidigital.ielusc.br\/index.php\/wp-json\/wp\/v2\/media\/17741"}],"wp:attachment":[{"href":"https:\/\/revidigital.ielusc.br\/index.php\/wp-json\/wp\/v2\/media?parent=17737"}],"wp:term":[{"taxonomy":"category","embeddable":true,"href":"https:\/\/revidigital.ielusc.br\/index.php\/wp-json\/wp\/v2\/categories?post=17737"},{"taxonomy":"post_tag","embeddable":true,"href":"https:\/\/revidigital.ielusc.br\/index.php\/wp-json\/wp\/v2\/tags?post=17737"}],"curies":[{"name":"wp","href":"https:\/\/api.w.org\/{rel}","templated":true}]}}