{"id":17743,"date":"2025-12-05T17:26:53","date_gmt":"2025-12-05T20:26:53","guid":{"rendered":"https:\/\/revidigital.ielusc.br\/?p=17743"},"modified":"2025-12-05T17:26:54","modified_gmt":"2025-12-05T20:26:54","slug":"projetos-incentivam-leitura-na-cidade","status":"publish","type":"post","link":"https:\/\/revidigital.ielusc.br\/index.php\/2025\/12\/05\/projetos-incentivam-leitura-na-cidade\/","title":{"rendered":"Projetos incentivam leitura na cidade"},"content":{"rendered":"\n<p>Parceria com universidades em Joinville fortalecem bibliotecas e ampliam o acesso aos livros aos moradores da regi\u00e3o<\/p>\n\n\n\n<p><strong><em>Isabelly Andrade<\/em><\/strong><\/p>\n\n\n\n<p>Joinville, a maior cidade de Santa Catarina, amplia a\u00e7\u00f5es para estimular a leitura e refor\u00e7ar a import\u00e2ncia das bibliotecas como espa\u00e7os culturais e educacionais. O objetivo \u00e9 tornar o livro acess\u00edvel a toda a popula\u00e7\u00e3o, independentemente da idade, renda ou bairro que vivem. Desde 2013, o Plano Municipal do Livro, Leitura e Literatura orienta a integra\u00e7\u00e3o de a\u00e7\u00f5es do governo, institui\u00e7\u00f5es educacionais e sociedade civil, criando um ecossistema voltado \u00e0 leitura. O programa prev\u00ea a moderniza\u00e7\u00e3o dos acervos, eventos culturais e forma\u00e7\u00e3o de mediadores, com aten\u00e7\u00e3o especial a crian\u00e7as e jovens. As bibliotecas p\u00fablicas de Joinville t\u00eam sido protagonistas nesse processo.&nbsp;<\/p>\n\n\n\n<p>Atualmente, o munic\u00edpio conta com tr\u00eas unidades: Rolf Colin, no Centro, Papa Jo\u00e3o Paulo II, no bairro Aventureiro, e a Biblioteca de Pirabeiraba. Todas v\u00eam registrando aumento significativo no n\u00famero de visitantes e empr\u00e9stimos. Segundo Celestre Natalia Luz Silva, coordenadora das tr\u00eas unidades, o crescimento superou as expectativas. \u201cDe 2022 at\u00e9 agora, o aumento do movimento foi surpreendente. Quando olhei os gr\u00e1ficos, fiquei muito feliz. \u00c9 isso que a gente espera, ver as pessoas voltando a frequentar as bibliotecas\u2019\u2019, afirma.&nbsp;<\/p>\n\n\n\n<p>Entre as a\u00e7\u00f5es em andamento est\u00e3o a cria\u00e7\u00e3o de clubes de leitura, incluindo um voltado \u00e0 terceira idade, e o fortalecimento de projetos itinerantes que levam ao p\u00fablico livros, m\u00fasica e conta\u00e7\u00e3o de hist\u00f3rias a locais onde o acesso \u00e9 limitado. \u201cTemos o projeto Soltos na Cidade, que leva livros e poesia para as ruas e pra\u00e7as, e tamb\u00e9m o Literomusical dos Acionados, que une literatura e m\u00fasica em apresenta\u00e7\u00f5es para o p\u00fablico idoso\u201d, conta Celestre. Outro destaque relevante foi o Festival de Bibliotecas Liter\u00e1rias, idealizado pela pr\u00f3pria coordenadora. \u201cEsse foi o primeiro festival das bibliotecas p\u00fablicas de Joinville, e eu j\u00e1 estou trabalhando para torn\u00e1-lo um projeto institucional. Nosso objetivo \u00e9 mostrar que a biblioteca \u00e9 um equipamento cultural, n\u00e3o apenas de leitura\u201d, explica.&nbsp;<\/p>\n\n\n\n<p>Entre os participantes das atividades est\u00e1 Daniele Santana de Andrade, 24 anos, estudante de Terapia Ocupacional, que participa de oficinas e clubes de livros em Joinville. \u201cConheci os projetos atrav\u00e9s de uma amiga, e logo me encantei com a troca de ideias nos encontros. Antes, eu lia mais por obriga\u00e7\u00e3o; agora, leio por prazer e curiosidade. As oficinas me ajudaram a entender a leitura como uma forma de express\u00e3o e reflex\u00e3o sobre o mundo\u201d, conta.&nbsp;<\/p>\n\n\n\n<p><strong>Universidades ampliam o alcance da leitura<\/strong><\/p>\n\n\n<div class=\"wp-block-image\">\n<figure class=\"aligncenter size-full is-resized\"><img decoding=\"async\" loading=\"lazy\" src=\"https:\/\/revidigital.ielusc.br\/wp-content\/uploads\/2025\/12\/Biblioteca.jpg\" alt=\"\" class=\"wp-image-17744\" style=\"width:443px;height:717px\" width=\"443\" height=\"717\" srcset=\"https:\/\/revidigital.ielusc.br\/wp-content\/uploads\/2025\/12\/Biblioteca.jpg 988w, https:\/\/revidigital.ielusc.br\/wp-content\/uploads\/2025\/12\/Biblioteca-948x1536.jpg 948w\" sizes=\"(max-width: 443px) 100vw, 443px\" \/><figcaption class=\"wp-element-caption\"><strong>Parte do acervo da biblioteca municipal de Joinville<\/strong><\/figcaption><\/figure><\/div>\n\n\n<p>A Universidade da Regi\u00e3o de Joinville (Univille) mant\u00e9m a\u00e7\u00f5es cont\u00ednuas voltadas ao incentivo \u00e0 leitura tanto dentro quanto fora do ambiente acad\u00eamico. Segundo Tatiane Gheno, bibliotec\u00e1ria no campus da unidade de Joinville, a institui\u00e7\u00e3o busca constantemente criar espa\u00e7os de acolhimento e pertencimento, que convidam \u00e0 perman\u00eancia e ao contato com os livros. \u201cPromovemos o incentivo \u00e0 leitura por meio da cria\u00e7\u00e3o de estantes tem\u00e1ticas, renovadas mensalmente com sugest\u00f5es de obras de diferentes \u00e1reas e assuntos, voltadas \u00e0 nossa comunidade acad\u00eamica\u201d, explica.\u00a0<\/p>\n\n\n\n<blockquote class=\"wp-block-quote\">\n<p>\u201cDe 2022 at\u00e9 agora, o aumento do movimento foi surpreendente. \u00c9 isso que a gente espera, ver as pessoas voltando a frequentar as bibliotecas.\u201d Celestre Natalia Luz Silva<\/p>\n<\/blockquote>\n\n\n\n<p>Al\u00e9m de atender os estudantes da institui\u00e7\u00e3o, a universidade tamb\u00e9m mant\u00e9m suas portas abertas \u00e0 comunidade externa, oferecendo empr\u00e9stimos de livros de literatura e permitindo o uso dos espa\u00e7os da biblioteca para estudo e pesquisa, fortalecendo o v\u00ednculo entre universidade e sociedade. Tatiane ressalta a import\u00e2ncia de aproximar a literatura da identidade dos cidad\u00e3os, desenvolver o senso cr\u00edtico e valorizar a cultura local. Localmente falando, os estudantes t\u00eam a possibilidade de se reconhecer nas hist\u00f3rias, locais, g\u00edrias, paisagens e costumes, e, o mais importante, preservar os saberes daquela regi\u00e3o\u201d, afirma.&nbsp;<\/p>\n\n\n\n<p>Embora a biblioteca da Univille n\u00e3o tenha realizado atividades espec\u00edficas na Semana do Livro e da Biblioteca deste ano, devido a reformas no espa\u00e7o, a institui\u00e7\u00e3o segue com a\u00e7\u00f5es de forma\u00e7\u00e3o e capacita\u00e7\u00e3o, como treinamentos sobre o uso de bases de dados e gerenciadores bibliogr\u00e1ficos. \u201cEssas a\u00e7\u00f5es t\u00eam gerado resultados positivos e reconhecimento por parte dos participantes\u201d, completa Gheno. \u201cDe 2022 at\u00e9 agora, o aumento do movimento foi surpreendente. Quando olhei os gr\u00e1ficos, fiquei muito feliz. \u00c9 isso que a gente espera, ver as pessoas voltando a frequentar as bibliotecas\u201d, afirma Celestre Natalia Luz Silva, coordenadora das bibliotecas municipais de Joinville. A bibliotec\u00e1ria ressalta que essas a\u00e7\u00f5es ampliam o acesso \u00e0 informa\u00e7\u00e3o e \u00e0 cultura, fortalecendo iniciativas voltadas \u00e0 leitura e \u00e0 pesquisa.<\/p>\n","protected":false},"excerpt":{"rendered":"<p>Parceria com universidades em Joinville fortalecem bibliotecas e ampliam o acesso aos livros aos moradores da regi\u00e3o Isabelly Andrade Joinville, a maior cidade de Santa Catarina, amplia a\u00e7\u00f5es para estimular a leitura e refor\u00e7ar a import\u00e2ncia das bibliotecas como espa\u00e7os culturais e educacionais. O objetivo \u00e9 tornar o livro acess\u00edvel a toda a popula\u00e7\u00e3o, independentemente [&hellip;]<\/p>\n","protected":false},"author":1,"featured_media":17744,"comment_status":"open","ping_status":"open","sticky":false,"template":"","format":"standard","meta":{"footnotes":""},"categories":[20,4,2007,24,1837,26,11],"tags":[2179,108,57,48,34,908,1576,2166],"_links":{"self":[{"href":"https:\/\/revidigital.ielusc.br\/index.php\/wp-json\/wp\/v2\/posts\/17743"}],"collection":[{"href":"https:\/\/revidigital.ielusc.br\/index.php\/wp-json\/wp\/v2\/posts"}],"about":[{"href":"https:\/\/revidigital.ielusc.br\/index.php\/wp-json\/wp\/v2\/types\/post"}],"author":[{"embeddable":true,"href":"https:\/\/revidigital.ielusc.br\/index.php\/wp-json\/wp\/v2\/users\/1"}],"replies":[{"embeddable":true,"href":"https:\/\/revidigital.ielusc.br\/index.php\/wp-json\/wp\/v2\/comments?post=17743"}],"version-history":[{"count":1,"href":"https:\/\/revidigital.ielusc.br\/index.php\/wp-json\/wp\/v2\/posts\/17743\/revisions"}],"predecessor-version":[{"id":17745,"href":"https:\/\/revidigital.ielusc.br\/index.php\/wp-json\/wp\/v2\/posts\/17743\/revisions\/17745"}],"wp:featuredmedia":[{"embeddable":true,"href":"https:\/\/revidigital.ielusc.br\/index.php\/wp-json\/wp\/v2\/media\/17744"}],"wp:attachment":[{"href":"https:\/\/revidigital.ielusc.br\/index.php\/wp-json\/wp\/v2\/media?parent=17743"}],"wp:term":[{"taxonomy":"category","embeddable":true,"href":"https:\/\/revidigital.ielusc.br\/index.php\/wp-json\/wp\/v2\/categories?post=17743"},{"taxonomy":"post_tag","embeddable":true,"href":"https:\/\/revidigital.ielusc.br\/index.php\/wp-json\/wp\/v2\/tags?post=17743"}],"curies":[{"name":"wp","href":"https:\/\/api.w.org\/{rel}","templated":true}]}}