{"id":17746,"date":"2025-12-05T17:34:40","date_gmt":"2025-12-05T20:34:40","guid":{"rendered":"https:\/\/revidigital.ielusc.br\/?p=17746"},"modified":"2025-12-05T17:34:41","modified_gmt":"2025-12-05T20:34:41","slug":"juventude-catolica-retoma-protagonismo-nas-paroquias","status":"publish","type":"post","link":"https:\/\/revidigital.ielusc.br\/index.php\/2025\/12\/05\/juventude-catolica-retoma-protagonismo-nas-paroquias\/","title":{"rendered":"Juventude cat\u00f3lica retoma protagonismo nas par\u00f3quias\u00a0"},"content":{"rendered":"\n<p>Presen\u00e7a juvenil ganha novo f\u00f4lego. Engajamento vem acompanhado de uma consci\u00eancia mais profunda sobre f\u00e9<\/p>\n\n\n\n<p><strong><em>Por Adryan Dal Negro\u00a0<\/em><\/strong><\/p>\n\n\n\n<p>Em Joinville, a f\u00e9 e o entusiasmo da juventude cat\u00f3lica voltam a pulsar com for\u00e7a. Depois do sil\u00eancio das igrejas durante a pandemia, a presen\u00e7a juvenil ganha novo f\u00f4lego nas par\u00f3quias. O engajamento vem acompanhado de uma consci\u00eancia mais profunda sobre f\u00e9, identidade e pertencimento. Os anos de isolamento provocaram o fechamento de muitos grupos e o enfraquecimento das atividades paroquiais.&nbsp;<\/p>\n\n\n\n<p>Hoje, o cen\u00e1rio \u00e9 outro. As comunidades voltam a se reorganizar, e as missas voltadas \u00e0 juventude re\u00fanem multid\u00f5es. No Santu\u00e1rio Sagrado Cora\u00e7\u00e3o de Jesus, as celebra\u00e7\u00f5es mensais chegam a atrair mais de 1.500 pessoas em uma \u00fanica noite. Para o di\u00e1cono Sandro Quintino, o impacto da pandemia foi superado por um despertar espiritual. \u201cA era digital trouxe mais informa\u00e7\u00e3o e tamb\u00e9m uma busca mais consciente pela f\u00e9. O jovem de hoje n\u00e3o vai \u00e0 missa por obriga\u00e7\u00e3o, mas porque deseja um encontro pessoal com Deus\u201d.&nbsp;<\/p>\n\n\n\n<p>Essa autonomia se reflete no engajamento crescente nas pastorais e grupos de ora\u00e7\u00e3o. A Igreja deixa de ser apenas um espa\u00e7o de frequ\u00eancia e passa a ser um ambiente de conviv\u00eancia, acolhimento e escuta. Para muitos jovens, o envolvimento vai al\u00e9m da liturgia: \u00e9 uma escolha de vida que se expressa em gestos de solidariedade, iniciativas culturais e miss\u00f5es sociais.&nbsp;<\/p>\n\n\n\n<p>Entre esses jovens est\u00e1 Thales Torres, de 18 anos, participante do grupo de jovens JEPS, que vive essa grande transforma\u00e7\u00e3o de perto. \u201cO JEPS \u00e9 uma fam\u00edlia. \u00c9 o lugar onde realmente encontro paz, for\u00e7a e pessoas que caminham comigo em todos os momentos\u201d, conta. O jovem participa ativamente dos encontros, a\u00e7\u00f5es solid\u00e1rias e celebra\u00e7\u00f5es organizadas pelo grupo, e diz que a conviv\u00eancia o ajudou a amadurecer na f\u00e9 e na vida. \u201cAli, a gente entende que viver a f\u00e9 n\u00e3o \u00e9 algo distante, mas algo que se constr\u00f3i junto, no dia a dia, com gestos simples e sinceros. O JEPS \u00e9, sem d\u00favida, um dos maiores presentes que recebi\u201d.&nbsp;<\/p>\n\n\n\n<p>Essa viv\u00eancia mais livre e conectada com o mundo contempor\u00e2neo tamb\u00e9m se manifesta fora dos muros da igreja. Nas redes sociais, essa presen\u00e7a se faz notar de forma vibrante. As p\u00e1ginas e perfis cat\u00f3licos se multiplicam, divulgando mensagens, eventos e testemunhos. A f\u00e9, antes restrita ao ambiente da par\u00f3quia, ganha visibilidade digital, aproximando ainda mais os jovens entre si. \u201cHoje h\u00e1 uma gera\u00e7\u00e3o que quer viver a f\u00e9 com autenticidade, sem medo de mostrar quem \u00e9 e no que acredita\u201d, resume.<\/p>\n\n\n\n<p><strong>Jovens vivem a f\u00e9 com autenticidade<\/strong><\/p>\n\n\n\n<p>Ser jovem e cat\u00f3lico em 2025 significa viver a f\u00e9 com coragem e presen\u00e7a. A nova gera\u00e7\u00e3o assume sua cren\u00e7a sem receio de expor s\u00edmbolos ou palavras de f\u00e9. Camisetas com frases crist\u00e3s, ter\u00e7os no pulso e publica\u00e7\u00f5es nas redes sociais fazem parte de uma identidade que mistura convic\u00e7\u00e3o e estilo. Essa atitude se fortalece em grupos e movimentos que unem espiritualidade e conviv\u00eancia. Na Par\u00f3quia Nossa Senhora do Perp\u00e9tuo Socorro, o grupo de jovens JEPS re\u00fane participantes todos os s\u00e1bados.&nbsp;<\/p>\n\n\n\n<p>As reuni\u00f5es combinam ora\u00e7\u00e3o, m\u00fasica, partilha e reflex\u00e3o sobre temas do cotidiano.\u201cA gente procura ser real. O jovem pode ser quem ele \u00e9, sem fingir nada. Falamos sobre futuro, desafios, relacionamentos e sempre trazemos a f\u00e9 para dentro dessas conversas\u201d, explica o coordenador do grupo de jovens Airton Magalh\u00e3es Junior (21). Para ele, o que atrai tantos jovens \u00e9 a autenticidade das experi\u00eancias. \u201cVivemos em um tempo em que tudo muda muito r\u00e1pido, e muitos se sentem perdidos. Quando encontram na Igreja um espa\u00e7o de acolhimento e prop\u00f3sito, querem ficar\u201d.\u00a0<\/p>\n\n\n<div class=\"wp-block-image\">\n<figure class=\"aligncenter size-full is-resized\"><img decoding=\"async\" loading=\"lazy\" src=\"https:\/\/revidigital.ielusc.br\/wp-content\/uploads\/2025\/12\/Fe-catolica-retoma.jpeg\" alt=\"\" class=\"wp-image-17747\" style=\"width:406px;height:609px\" width=\"406\" height=\"609\" srcset=\"https:\/\/revidigital.ielusc.br\/wp-content\/uploads\/2025\/12\/Fe-catolica-retoma.jpeg 1066w, https:\/\/revidigital.ielusc.br\/wp-content\/uploads\/2025\/12\/Fe-catolica-retoma-1023x1536.jpeg 1023w\" sizes=\"(max-width: 406px) 100vw, 406px\" \/><figcaption class=\"wp-element-caption\"><strong>Nova gera\u00e7\u00e3o faz a f\u00e9 pulsar nas par\u00f3quias de Joinville | Cr\u00e9ditos: AIRTON MAGALH\u00c3ES JUNIOR<\/strong><\/figcaption><\/figure><\/div>\n\n\n<p>O padre Rodrigo Bento define o momento como um verdadeiro avivamento espiritual. Missas que atravessam a madrugada, encontros lotados e uma linguagem pr\u00f3xima revelam que \u00e9 poss\u00edvel ser alegre, moderno e, ao mesmo tempo, profundamente cat\u00f3lico. \u201cO conte\u00fado de f\u00e9 tem respondido a um vazio que o materialismo n\u00e3o preenche\u201d, diz. Um movimento que reacende o cora\u00e7\u00e3o da juventude e reafirma a vitalidade da Igreja. Uma gera\u00e7\u00e3o que vive a f\u00e9 com coragem: reza, canta, partilha e atua. Na comunidade encontram amizade, sentido e esperan\u00e7a para transformar o mundo.<\/p>\n","protected":false},"excerpt":{"rendered":"<p>Presen\u00e7a juvenil ganha novo f\u00f4lego. Engajamento vem acompanhado de uma consci\u00eancia mais profunda sobre f\u00e9 Por Adryan Dal Negro\u00a0 Em Joinville, a f\u00e9 e o entusiasmo da juventude cat\u00f3lica voltam a pulsar com for\u00e7a. Depois do sil\u00eancio das igrejas durante a pandemia, a presen\u00e7a juvenil ganha novo f\u00f4lego nas par\u00f3quias. O engajamento vem acompanhado de [&hellip;]<\/p>\n","protected":false},"author":1,"featured_media":17747,"comment_status":"open","ping_status":"open","sticky":false,"template":"","format":"standard","meta":{"footnotes":""},"categories":[20,2007,24,1837,26],"tags":[1360,57,2180,48,34,2181,2182],"_links":{"self":[{"href":"https:\/\/revidigital.ielusc.br\/index.php\/wp-json\/wp\/v2\/posts\/17746"}],"collection":[{"href":"https:\/\/revidigital.ielusc.br\/index.php\/wp-json\/wp\/v2\/posts"}],"about":[{"href":"https:\/\/revidigital.ielusc.br\/index.php\/wp-json\/wp\/v2\/types\/post"}],"author":[{"embeddable":true,"href":"https:\/\/revidigital.ielusc.br\/index.php\/wp-json\/wp\/v2\/users\/1"}],"replies":[{"embeddable":true,"href":"https:\/\/revidigital.ielusc.br\/index.php\/wp-json\/wp\/v2\/comments?post=17746"}],"version-history":[{"count":1,"href":"https:\/\/revidigital.ielusc.br\/index.php\/wp-json\/wp\/v2\/posts\/17746\/revisions"}],"predecessor-version":[{"id":17748,"href":"https:\/\/revidigital.ielusc.br\/index.php\/wp-json\/wp\/v2\/posts\/17746\/revisions\/17748"}],"wp:featuredmedia":[{"embeddable":true,"href":"https:\/\/revidigital.ielusc.br\/index.php\/wp-json\/wp\/v2\/media\/17747"}],"wp:attachment":[{"href":"https:\/\/revidigital.ielusc.br\/index.php\/wp-json\/wp\/v2\/media?parent=17746"}],"wp:term":[{"taxonomy":"category","embeddable":true,"href":"https:\/\/revidigital.ielusc.br\/index.php\/wp-json\/wp\/v2\/categories?post=17746"},{"taxonomy":"post_tag","embeddable":true,"href":"https:\/\/revidigital.ielusc.br\/index.php\/wp-json\/wp\/v2\/tags?post=17746"}],"curies":[{"name":"wp","href":"https:\/\/api.w.org\/{rel}","templated":true}]}}