{"id":17756,"date":"2025-12-08T14:55:52","date_gmt":"2025-12-08T17:55:52","guid":{"rendered":"https:\/\/revidigital.ielusc.br\/?p=17756"},"modified":"2025-12-08T14:55:53","modified_gmt":"2025-12-08T17:55:53","slug":"segundo-dia-de-bancas-aborda-o-jornalismo-com-foco-na-divulgacao-de-informacoes-turisticas","status":"publish","type":"post","link":"https:\/\/revidigital.ielusc.br\/index.php\/2025\/12\/08\/segundo-dia-de-bancas-aborda-o-jornalismo-com-foco-na-divulgacao-de-informacoes-turisticas\/","title":{"rendered":"Segundo dia de bancas aborda o Jornalismo com foco na divulga\u00e7\u00e3o de informa\u00e7\u00f5es tur\u00edsticas"},"content":{"rendered":"\n<p>A aluna Taynara Back Proc\u00f3pio apresentou o projeto que deu origem \u00e0 cria\u00e7\u00e3o de um perfil para divulgar informa\u00e7\u00f5es tur\u00edsticas de S\u00e3o Francisco do Sul, SC.\u00a0<\/p>\n\n\n\n<p><em><strong>Por Isabele Meurer <\/strong><\/em><\/p>\n\n\n\n<p>O jornalismo como ferramenta para fomentar o turismo foi a tem\u00e1tica do segundo dia de bancas do curso de Jornalismo, na sexta-feira, 5 de dezembro. A aluna Taynara Back Proc\u00f3pio apresentou o trabalho \u201cS\u00e3o Chico em posts: um olhar jornal\u00edstico sobre o turismo local\u201d, que teve como orientador o professor Hendryo Andr\u00e9. Fizeram parte da banca avaliadora os professores Jonas Porto e Maiara Maduro. Ap\u00f3s a banca se reunir para as considera\u00e7\u00f5es finais, o professor Hendryo divulgou a todos os presentes que a aluna Taynara foi aprovada, alcan\u00e7ando a nota 9.\u00a0<\/p>\n\n\n<div class=\"wp-block-image\">\n<figure class=\"aligncenter size-full is-resized\"><img decoding=\"async\" loading=\"lazy\" src=\"https:\/\/revidigital.ielusc.br\/wp-content\/uploads\/2025\/12\/Foto-de-Thiago-Santos-4-scaled.jpg\" alt=\"\" class=\"wp-image-17757\" style=\"width:598px;height:411px\" width=\"598\" height=\"411\" srcset=\"https:\/\/revidigital.ielusc.br\/wp-content\/uploads\/2025\/12\/Foto-de-Thiago-Santos-4-scaled.jpg 2560w, https:\/\/revidigital.ielusc.br\/wp-content\/uploads\/2025\/12\/Foto-de-Thiago-Santos-4-1536x1055.jpg 1536w, https:\/\/revidigital.ielusc.br\/wp-content\/uploads\/2025\/12\/Foto-de-Thiago-Santos-4-2048x1407.jpg 2048w\" sizes=\"(max-width: 598px) 100vw, 598px\" \/><figcaption class=\"wp-element-caption\">Cr\u00e9ditos: Isabele Meurer<\/figcaption><\/figure><\/div>\n\n\n<p>Como resultado do trabalho de conclus\u00e3o do curso de Jornalismo, Taynara criou um produto, uma p\u00e1gina na rede social Instagram, com o objetivo de informar e trazer curiosidades a respeito da cidade de S\u00e3o Francisco do Sul, em Santa Catarina. O projeto consiste em, a partir de postagens de conte\u00fados, v\u00eddeos, fotos e textos, apurados de forma jornal\u00edstica, orientar e informar aqueles que querem conhecer a cidade, ou mesmo, divulgar para que mais pessoas viajem para S\u00e3o Francisco, para assim fortalecer o turismo, e, consequentemente, a economia da cidade.&nbsp;<\/p>\n\n\n\n<p>Taynara enfatizou a diferen\u00e7a de uma p\u00e1gina comum sobre a cidade para um perfil jornal\u00edstico focado em turismo. Segundo ela, o jornalista consegue, de maneira imparcial, informar e trazer conte\u00fados mais abrangentes a respeito dos pontos tur\u00edsticos, clima, tr\u00e2nsito e at\u00e9 mesmo a cultura local.&nbsp;<\/p>\n\n\n\n<p>A banca avaliadora, representada pelos professores Jonas e Maiara, fez as pondera\u00e7\u00f5es e destacou&nbsp; o fator inovador e autoral do projeto, bem como a organiza\u00e7\u00e3o e cuidado com os conte\u00fados divulgados na p\u00e1gina. Al\u00e9m disso,&nbsp; os professores deram sugest\u00f5es para aprimorar o produto, pensando na continuidade do perfil.&nbsp;<\/p>\n","protected":false},"excerpt":{"rendered":"<p>A aluna Taynara Back Proc\u00f3pio apresentou o projeto que deu origem \u00e0 cria\u00e7\u00e3o de um perfil para divulgar informa\u00e7\u00f5es tur\u00edsticas de S\u00e3o Francisco do Sul, SC.\u00a0 Por Isabele Meurer O jornalismo como ferramenta para fomentar o turismo foi a tem\u00e1tica do segundo dia de bancas do curso de Jornalismo, na sexta-feira, 5 de dezembro. A [&hellip;]<\/p>\n","protected":false},"author":1,"featured_media":17758,"comment_status":"open","ping_status":"open","sticky":false,"template":"","format":"standard","meta":{"footnotes":""},"categories":[20,4,2007,2184,2151],"tags":[1840,1812,57,48,34,130],"_links":{"self":[{"href":"https:\/\/revidigital.ielusc.br\/index.php\/wp-json\/wp\/v2\/posts\/17756"}],"collection":[{"href":"https:\/\/revidigital.ielusc.br\/index.php\/wp-json\/wp\/v2\/posts"}],"about":[{"href":"https:\/\/revidigital.ielusc.br\/index.php\/wp-json\/wp\/v2\/types\/post"}],"author":[{"embeddable":true,"href":"https:\/\/revidigital.ielusc.br\/index.php\/wp-json\/wp\/v2\/users\/1"}],"replies":[{"embeddable":true,"href":"https:\/\/revidigital.ielusc.br\/index.php\/wp-json\/wp\/v2\/comments?post=17756"}],"version-history":[{"count":2,"href":"https:\/\/revidigital.ielusc.br\/index.php\/wp-json\/wp\/v2\/posts\/17756\/revisions"}],"predecessor-version":[{"id":17760,"href":"https:\/\/revidigital.ielusc.br\/index.php\/wp-json\/wp\/v2\/posts\/17756\/revisions\/17760"}],"wp:featuredmedia":[{"embeddable":true,"href":"https:\/\/revidigital.ielusc.br\/index.php\/wp-json\/wp\/v2\/media\/17758"}],"wp:attachment":[{"href":"https:\/\/revidigital.ielusc.br\/index.php\/wp-json\/wp\/v2\/media?parent=17756"}],"wp:term":[{"taxonomy":"category","embeddable":true,"href":"https:\/\/revidigital.ielusc.br\/index.php\/wp-json\/wp\/v2\/categories?post=17756"},{"taxonomy":"post_tag","embeddable":true,"href":"https:\/\/revidigital.ielusc.br\/index.php\/wp-json\/wp\/v2\/tags?post=17756"}],"curies":[{"name":"wp","href":"https:\/\/api.w.org\/{rel}","templated":true}]}}