{"id":17800,"date":"2025-12-10T16:36:24","date_gmt":"2025-12-10T19:36:24","guid":{"rendered":"https:\/\/revidigital.ielusc.br\/?p=17800"},"modified":"2025-12-10T16:36:26","modified_gmt":"2025-12-10T19:36:26","slug":"analise-politica-marketing-jornalismo-local-e-comunicacao-em-oscs-confira-como-foi-a-quarta-noite-de-bancas-de-jornalismo","status":"publish","type":"post","link":"https:\/\/revidigital.ielusc.br\/index.php\/2025\/12\/10\/analise-politica-marketing-jornalismo-local-e-comunicacao-em-oscs-confira-como-foi-a-quarta-noite-de-bancas-de-jornalismo\/","title":{"rendered":"An\u00e1lise pol\u00edtica, marketing, jornalismo local e comunica\u00e7\u00e3o em OSCs: confira como foi a quarta noite de bancas de\u00a0 Jornalismo"},"content":{"rendered":"\n<p><em>Os acad\u00eamicos Lu\u00eds Felipe Marques, Caroline de Apolin\u00e1rio, Ketlin Mylena e Larissa Mayara Hirt da Maia abordaram temas diversos, que despertaram reflex\u00f5es importantes para os profissionais do Jornalismo<\/em><\/p>\n\n\n\n<p><strong><em>Por Isabele Meurer e Thiago Santos\u00a0<\/em><\/strong><\/p>\n\n\n\n<p>O acad\u00eamico Lu\u00eds Felipe Marques abriu a quarta noite de apresenta\u00e7\u00f5es de bancas com o tema \u201cAn\u00e1lise comparativa das representa\u00e7\u00f5es de Nikolas Ferreira e \u00c9rika Hilton no Instagram Poder360\u201d, orientado pelo professor Mauricio Melim. Fizeram parte da banca os professores Charles Voos e Hendryo Andr\u00e9 de forma online. Os avaliadores reuniram-se e, na sequ\u00eancia, o professor Mauricio declarou a aprova\u00e7\u00e3o do trabalho, que alcan\u00e7ou nota 8.\u00a0<\/p>\n\n\n<div class=\"wp-block-image\">\n<figure class=\"aligncenter size-full is-resized\"><img decoding=\"async\" loading=\"lazy\" src=\"https:\/\/revidigital.ielusc.br\/wp-content\/uploads\/2025\/12\/Foto-de-Thiago-Santos-1-1-scaled.jpg\" alt=\"\" class=\"wp-image-17801\" style=\"width:662px;height:497px\" width=\"662\" height=\"497\" srcset=\"https:\/\/revidigital.ielusc.br\/wp-content\/uploads\/2025\/12\/Foto-de-Thiago-Santos-1-1-scaled.jpg 2560w, https:\/\/revidigital.ielusc.br\/wp-content\/uploads\/2025\/12\/Foto-de-Thiago-Santos-1-1-1536x1152.jpg 1536w, https:\/\/revidigital.ielusc.br\/wp-content\/uploads\/2025\/12\/Foto-de-Thiago-Santos-1-1-2048x1536.jpg 2048w\" sizes=\"(max-width: 662px) 100vw, 662px\" \/><figcaption class=\"wp-element-caption\">Cr\u00e9ditos: Thiago Santos<\/figcaption><\/figure><\/div>\n\n\n<p>O acad\u00eamico analisou de forma comparativa, levando em conta aspectos lingu\u00edsticos e narrativos,&nbsp; as representa\u00e7\u00f5es dos deputados a partir de conte\u00fados postados na p\u00e1gina do Poder360, no Instagram. Entre os exemplos citados, est\u00e3o as postagens sobre a escala 6&#215;1, da deputada \u00c9rika e sobre o PIX, do deputado Nikolas, que tiveram um grande n\u00famero de visualiza\u00e7\u00f5es e compartilhamentos em todo o pa\u00eds. Os resultados obtidos demonstram que, dentro do recorte escolhido, a p\u00e1gina n\u00e3o consegue ser totalmente imparcial, ou seja, h\u00e1 diferen\u00e7as importantes na forma como os deputados s\u00e3o retratados.&nbsp;<\/p>\n\n\n\n<p>A banca elogiou a escolha da tem\u00e1tica pol\u00edtica, por considerar ser um assunto cada vez&nbsp; menos abordado em trabalhos de conclus\u00e3o de curso.&nbsp;<\/p>\n\n\n\n<p>A aluna Caroline de Apolin\u00e1rio apresentou o trabalho \u201cJornalistas no marketing: pr\u00e1ticas profissionais e identidade no contexto do jornalismo de marca\u201d, com a orienta\u00e7\u00e3o da professora Maiara Maduro. Ap\u00f3s aprecia\u00e7\u00e3o da banca, composta pelas professoras Gislayne Aguiar e Marina Andrade, a professora Maiara anunciou a aprova\u00e7\u00e3o com nota m\u00e1xima.\u00a0\u00a0<\/p>\n\n\n<div class=\"wp-block-image\">\n<figure class=\"aligncenter size-full is-resized\"><img decoding=\"async\" loading=\"lazy\" src=\"https:\/\/revidigital.ielusc.br\/wp-content\/uploads\/2025\/12\/Foto-de-Thiago-Santos-3-scaled.jpg\" alt=\"\" class=\"wp-image-17803\" style=\"width:600px;height:612px\" width=\"600\" height=\"612\" srcset=\"https:\/\/revidigital.ielusc.br\/wp-content\/uploads\/2025\/12\/Foto-de-Thiago-Santos-3-scaled.jpg 2509w, https:\/\/revidigital.ielusc.br\/wp-content\/uploads\/2025\/12\/Foto-de-Thiago-Santos-3-1506x1536.jpg 1506w, https:\/\/revidigital.ielusc.br\/wp-content\/uploads\/2025\/12\/Foto-de-Thiago-Santos-3-2007x2048.jpg 2007w\" sizes=\"(max-width: 600px) 100vw, 600px\" \/><figcaption class=\"wp-element-caption\">Cr\u00e9ditos: Isabele Meurer<\/figcaption><\/figure><\/div>\n\n\n<p>O trabalho \u00e9 resultado de uma pesquisa com egressos do curso de jornalismo da Faculdade Ielusc sobre a atua\u00e7\u00e3o desses profissionais na \u00e1rea de marketing, quais fun\u00e7\u00f5es ocupam e como veem o trabalho do jornalista no campo do jornalismo de marca.&nbsp;<\/p>\n\n\n\n<p>As professoras avaliadoras destacaram a relev\u00e2ncia do tema para os profissionais da \u00e1rea de jornalismo, uma vez que, segundo elas,&nbsp; h\u00e1 ainda um tabu em rela\u00e7\u00e3o \u00e0 atua\u00e7\u00e3o do jornalista em setores al\u00e9m das reda\u00e7\u00f5es tradicionais, como no marketing.&nbsp; Al\u00e9m disso, elogiaram a fluidez e clareza do texto, bem como a profundidade da fundamenta\u00e7\u00e3o te\u00f3rica.&nbsp;<\/p>\n\n\n\n<p>Jornalismo local foi o tema da apresenta\u00e7\u00e3o da aluna Larissa Mayara Hirt da Maia. \u201cJornalismo local e a representa\u00e7\u00e3o da popula\u00e7\u00e3o de S\u00e3o Bento do Sul nas p\u00e1ginas do jornal A Gazeta\u201d foi orientado pela professora Maiara Maduro e avaliado pelos professores Mauricio Melim e Mar\u00edlia Crispi de Moraes. Depois da banca tecer as considera\u00e7\u00f5es, a professora Maiara comunicou a todos os presentes a aprova\u00e7\u00e3o com nota m\u00e1xima.\u00a0<\/p>\n\n\n<div class=\"wp-block-image\">\n<figure class=\"aligncenter size-full is-resized\"><img decoding=\"async\" loading=\"lazy\" src=\"https:\/\/revidigital.ielusc.br\/wp-content\/uploads\/2025\/12\/Foto-de-Thiago-Santos-2-1-scaled.jpg\" alt=\"\" class=\"wp-image-17804\" style=\"width:590px;height:611px\" width=\"590\" height=\"611\" srcset=\"https:\/\/revidigital.ielusc.br\/wp-content\/uploads\/2025\/12\/Foto-de-Thiago-Santos-2-1-scaled.jpg 2471w, https:\/\/revidigital.ielusc.br\/wp-content\/uploads\/2025\/12\/Foto-de-Thiago-Santos-2-1-1483x1536.jpg 1483w, https:\/\/revidigital.ielusc.br\/wp-content\/uploads\/2025\/12\/Foto-de-Thiago-Santos-2-1-1977x2048.jpg 1977w\" sizes=\"(max-width: 590px) 100vw, 590px\" \/><figcaption class=\"wp-element-caption\">Cr\u00e9ditos: Isabele Meurer<\/figcaption><\/figure><\/div>\n\n\n<p>A partir de uma pesquisa qualitativa, a respeito da representa\u00e7\u00e3o da popula\u00e7\u00e3o de S\u00e3o Bento do Sul no caderno especial de comemora\u00e7\u00e3o aos 150 anos da cidade, a acad\u00eamica Larissa investigou se a popula\u00e7\u00e3o sentia-se representada pelo jornal A Gazeta. Al\u00e9m dos leitores, a equipe do jornal tamb\u00e9m participou da pesquisa, de modo a explicar as escolhas editoriais.&nbsp;<\/p>\n\n\n\n<p>A banca evidenciou a import\u00e2ncia de trabalhos como esses, que busquem compreender o local onde se vive, de forma a valorizar a comunidade, a cultura e a hist\u00f3ria da cidade. Outro ponto destacado foi a abrang\u00eancia do estudo, a organiza\u00e7\u00e3o do texto e o impacto do trabalho para a popula\u00e7\u00e3o, al\u00e9m do empenho da acad\u00eamica, que resultou em um material bastante rico em conte\u00fado.&nbsp;<\/p>\n\n\n\n<p>A acad\u00eamica Ketlin Mylena Ribeiro apresentou a monografia \u201cMapeamento da Comunica\u00e7\u00e3o em OSCs de Joinville: an\u00e1lise das pr\u00e1ticas comunicacionais em organiza\u00e7\u00f5es que atuam com direitos da inf\u00e2ncia e da adolesc\u00eancia\u201d, orientada pelo professor Hendryo Andr\u00e9. Na banca, estavam as professoras Marina Andrade e Gislayne Aguiar. Ap\u00f3s conversa entre os professores, o professor Hendryo anunciou a aprova\u00e7\u00e3o de Ketlin, com a nota 9,5.<\/p>\n\n\n<div class=\"wp-block-image\">\n<figure class=\"aligncenter size-full is-resized\"><img decoding=\"async\" loading=\"lazy\" src=\"https:\/\/revidigital.ielusc.br\/wp-content\/uploads\/2025\/12\/Foto-de-Thiago-Santos-4-1-scaled.jpg\" alt=\"\" class=\"wp-image-17805\" style=\"width:688px;height:516px\" width=\"688\" height=\"516\" srcset=\"https:\/\/revidigital.ielusc.br\/wp-content\/uploads\/2025\/12\/Foto-de-Thiago-Santos-4-1-scaled.jpg 2560w, https:\/\/revidigital.ielusc.br\/wp-content\/uploads\/2025\/12\/Foto-de-Thiago-Santos-4-1-1536x1152.jpg 1536w, https:\/\/revidigital.ielusc.br\/wp-content\/uploads\/2025\/12\/Foto-de-Thiago-Santos-4-1-2048x1536.jpg 2048w\" sizes=\"(max-width: 688px) 100vw, 688px\" \/><figcaption class=\"wp-element-caption\">Cr\u00e9ditos: Thiago Santos<\/figcaption><\/figure><\/div>\n\n\n<p>O trabalho consiste em uma an\u00e1lise das OSCs (Organiza\u00e7\u00f5es da Sociedade Civil) que atuam com direitos da inf\u00e2ncia e adolesc\u00eancia&nbsp; de Joinville com rela\u00e7\u00e3o \u00e0 comunica\u00e7\u00e3o, sendo ela por telefone, redes sociais, sites, entre outros. O trabalho constatou falhas comunicacionais na maior parte delas, sendo considerado um ponto cr\u00edtico. Segundo o estudo, a maioria das institui\u00e7\u00f5es deixam a comunica\u00e7\u00e3o em segundo plano. Uma das sugest\u00f5es apresentadas pela acad\u00eamica foi a realiza\u00e7\u00e3o de&nbsp; parcerias com universidades para aux\u00edlio nesta \u00e1rea.&nbsp;<\/p>\n\n\n\n<p>A professora Marina ressaltou que esta defici\u00eancia na comunica\u00e7\u00e3o \u00e9 bastante prejudicial, j\u00e1 que pode atrapalhar o contato de poss\u00edveis patrocinadores e parceiros de trabalho. A banca elogiou a apresenta\u00e7\u00e3o da acad\u00eamica e sugeriu o prosseguimento do trabalho, por meio conversas com secretarias da prefeitura, voltadas para as OSCs.<\/p>\n","protected":false},"excerpt":{"rendered":"<p>Os acad\u00eamicos Lu\u00eds Felipe Marques, Caroline de Apolin\u00e1rio, Ketlin Mylena e Larissa Mayara Hirt da Maia abordaram temas diversos, que despertaram reflex\u00f5es importantes para os profissionais do Jornalismo Por Isabele Meurer e Thiago Santos\u00a0 O acad\u00eamico Lu\u00eds Felipe Marques abriu a quarta noite de apresenta\u00e7\u00f5es de bancas com o tema \u201cAn\u00e1lise comparativa das representa\u00e7\u00f5es de [&hellip;]<\/p>\n","protected":false},"author":1,"featured_media":17741,"comment_status":"open","ping_status":"open","sticky":false,"template":"","format":"standard","meta":{"footnotes":""},"categories":[20,4,2007,188,11,2184],"tags":[315,1840,57,48,34,590,2186,185,130],"_links":{"self":[{"href":"https:\/\/revidigital.ielusc.br\/index.php\/wp-json\/wp\/v2\/posts\/17800"}],"collection":[{"href":"https:\/\/revidigital.ielusc.br\/index.php\/wp-json\/wp\/v2\/posts"}],"about":[{"href":"https:\/\/revidigital.ielusc.br\/index.php\/wp-json\/wp\/v2\/types\/post"}],"author":[{"embeddable":true,"href":"https:\/\/revidigital.ielusc.br\/index.php\/wp-json\/wp\/v2\/users\/1"}],"replies":[{"embeddable":true,"href":"https:\/\/revidigital.ielusc.br\/index.php\/wp-json\/wp\/v2\/comments?post=17800"}],"version-history":[{"count":2,"href":"https:\/\/revidigital.ielusc.br\/index.php\/wp-json\/wp\/v2\/posts\/17800\/revisions"}],"predecessor-version":[{"id":17807,"href":"https:\/\/revidigital.ielusc.br\/index.php\/wp-json\/wp\/v2\/posts\/17800\/revisions\/17807"}],"wp:featuredmedia":[{"embeddable":true,"href":"https:\/\/revidigital.ielusc.br\/index.php\/wp-json\/wp\/v2\/media\/17741"}],"wp:attachment":[{"href":"https:\/\/revidigital.ielusc.br\/index.php\/wp-json\/wp\/v2\/media?parent=17800"}],"wp:term":[{"taxonomy":"category","embeddable":true,"href":"https:\/\/revidigital.ielusc.br\/index.php\/wp-json\/wp\/v2\/categories?post=17800"},{"taxonomy":"post_tag","embeddable":true,"href":"https:\/\/revidigital.ielusc.br\/index.php\/wp-json\/wp\/v2\/tags?post=17800"}],"curies":[{"name":"wp","href":"https:\/\/api.w.org\/{rel}","templated":true}]}}