{"id":17812,"date":"2025-12-11T17:44:21","date_gmt":"2025-12-11T20:44:21","guid":{"rendered":"https:\/\/revidigital.ielusc.br\/?p=17812"},"modified":"2025-12-11T17:44:23","modified_gmt":"2025-12-11T20:44:23","slug":"producoes-nota-maxima-destacam-a-ultima-noite-de-bancas-do-jornalismo-ielusc","status":"publish","type":"post","link":"https:\/\/revidigital.ielusc.br\/index.php\/2025\/12\/11\/producoes-nota-maxima-destacam-a-ultima-noite-de-bancas-do-jornalismo-ielusc\/","title":{"rendered":"Produ\u00e7\u00f5es nota m\u00e1xima destacam a \u00faltima noite de bancas do Jornalismo Ielusc"},"content":{"rendered":"\n<p>Projetos abordaram educa\u00e7\u00e3o, envelhecimento, f\u00e9 e sa\u00fade na etapa final das bancas de 2025.<\/p>\n\n\n\n<p><strong><em>Por Camila Schatzmann Gomes<\/em><\/strong><\/p>\n\n\n\n<p>A etapa final das bancas de TCC de 2025 concluiu a forma\u00e7\u00e3o dos novos jornalistas da Faculdade Ielusc. Em uma noite diversa e sens\u00edvel, os trabalhos apresentados mostraram maturidade, impacto social e compromisso com pautas que dialogam diretamente com a realidade contempor\u00e2nea. Temas como ataques \u00e0 educa\u00e7\u00e3o, etarismo, pluralidade religiosa e jornalismo de sa\u00fade marcaram as apresenta\u00e7\u00f5es finais.&nbsp;<\/p>\n\n\n\n<p><strong>No limite da C\u00e1tedra: O p\u00e2nico moral<\/strong><\/p>\n\n\n\n<p><em>Nota: 10<br>Orientadora: Dra. Anna de Carvalho<\/em><\/p>\n\n\n<div class=\"wp-block-image\">\n<figure class=\"aligncenter size-full is-resized\"><img decoding=\"async\" loading=\"lazy\" src=\"https:\/\/revidigital.ielusc.br\/wp-content\/uploads\/2025\/12\/WhatsApp-Image-2025-12-11-at-17.28.45-scaled.jpeg\" alt=\"\" class=\"wp-image-17813\" style=\"width:474px;height:356px\" width=\"474\" height=\"356\" srcset=\"https:\/\/revidigital.ielusc.br\/wp-content\/uploads\/2025\/12\/WhatsApp-Image-2025-12-11-at-17.28.45-scaled.jpeg 2560w, https:\/\/revidigital.ielusc.br\/wp-content\/uploads\/2025\/12\/WhatsApp-Image-2025-12-11-at-17.28.45-1536x1152.jpeg 1536w, https:\/\/revidigital.ielusc.br\/wp-content\/uploads\/2025\/12\/WhatsApp-Image-2025-12-11-at-17.28.45-2048x1536.jpeg 2048w\" sizes=\"(max-width: 474px) 100vw, 474px\" \/><figcaption class=\"wp-element-caption\"><strong>Professor Hendryo Andr\u00e9, acad\u00eamica Dyeimine Senn, professora Anna Carvalho e professora Mar\u00edlia Crispi<\/strong><\/figcaption><\/figure><\/div>\n\n\n<p>A primeira banca da noite avaliou o document\u00e1rio jornal\u00edstico de Dyeimine Senn, que investiga persegui\u00e7\u00f5es pol\u00edticas e ideol\u00f3gicas contra professores da educa\u00e7\u00e3o b\u00e1sica e superior em Santa Catarina. A partir da pergunta norteadora: <em>quais s\u00e3o os motivos que causam viol\u00eancia contra professores?<\/em> O curta-metragem re\u00fane depoimentos, registros e an\u00e1lises de contexto. Embora quatro entrevistas componham o produto final, a pesquisa envolveu a escuta de dez fontes, entre docentes, parlamentares, lideran\u00e7a sindical, um advogado e um pesquisador, com protagonismo dado ao professor de Artes e Teatro Andrei Pereira Dorneles.<\/p>\n\n\n\n<p>O curta integra uma investiga\u00e7\u00e3o em andamento e prev\u00ea continuidade de produ\u00e7\u00e3o e estrat\u00e9gias de divulga\u00e7\u00e3o ap\u00f3s sua finaliza\u00e7\u00e3o. A banca, composta pela Dra. Anna Carvalho, pela coordenadora do curso Dra. Mar\u00edlia Crispi e pelo professor e Dr. Hendryo Andr\u00e9, destacou a maturidade narrativa e a consist\u00eancia do recorte. Para Mar\u00edlia, a decis\u00e3o de centralizar a hist\u00f3ria no professor garantiu \u201cum fio condutor da narrativa que \u00e9 muito legal e muito dif\u00edcil de conseguir\u201d, refor\u00e7ando ainda que Dyeimine mant\u00e9m \u201cesse olhar cr\u00edtico e essa garra de mostrar as injusti\u00e7as, desde o in\u00edcio da faculdade\u201d.<\/p>\n\n\n\n<p><strong>Retratos do tempo: a beleza pelo olhar de quem j\u00e1 viu muito<\/strong><\/p>\n\n\n\n<p><em>Nota: 10<\/em><\/p>\n\n\n\n<p><em>Orientadora: Dra. Anna de Carvalho<\/em><\/p>\n\n\n<div class=\"wp-block-image\">\n<figure class=\"aligncenter size-full is-resized\"><img decoding=\"async\" loading=\"lazy\" src=\"https:\/\/revidigital.ielusc.br\/wp-content\/uploads\/2025\/12\/WhatsApp-Image-2025-12-11-at-17.35.45.jpeg\" alt=\"\" class=\"wp-image-17817\" style=\"width:450px;height:363px\" width=\"450\" height=\"363\" srcset=\"https:\/\/revidigital.ielusc.br\/wp-content\/uploads\/2025\/12\/WhatsApp-Image-2025-12-11-at-17.35.45.jpeg 1600w, https:\/\/revidigital.ielusc.br\/wp-content\/uploads\/2025\/12\/WhatsApp-Image-2025-12-11-at-17.35.45-1536x1238.jpeg 1536w\" sizes=\"(max-width: 450px) 100vw, 450px\" \/><figcaption class=\"wp-element-caption\"><strong>Professor Jonas Porto, professora Anna Carvalho, acad\u00eamica Ana Clara e professora Georgia Santos<\/strong><\/figcaption><\/figure><\/div>\n\n\n<p>O segundo trabalho da noite destacou o papel social do jornalismo e a pot\u00eancia de ouvir quem, muitas vezes, vive \u00e0 margem das narrativas tradicionais. Em \u201cRetratos do tempo\u201d, Ana Clara Pinto apresentou uma exposi\u00e7\u00e3o fotogr\u00e1fica que discute o etarismo e prop\u00f5e novas formas de olhar para a velhice feminina, a partir de ensaios colaborativos com as moradoras do lar de idosas Vila Vicentina, em Joinville.<\/p>\n\n\n\n<p>A escolha do tema une motiva\u00e7\u00e3o pessoal e compromisso jornal\u00edstico. Ana j\u00e1 tinha uma rela\u00e7\u00e3o com a institui\u00e7\u00e3o desde 2014, iniciada na catequese e retomada durante a gradua\u00e7\u00e3o. Esse reencontro alimentou o desejo de produzir um projeto de jornalismo comunit\u00e1rio com foco em envelhecimento e quest\u00f5es de g\u00eanero.<\/p>\n\n\n\n<p>A banca, composta pela orientadora do projeto, Dra. Anna Carvalho, pelo Mestre Jonas Porto e pela Dra. Georgia Santos, destacou a sensibilidade e a escuta presentes ao longo do trabalho. Jonas ressaltou que a escuta realizada pela acad\u00eamica junto \u00e0s participantes se tornou o eixo principal do projeto. Georgia complementou afirmando que o projeto \u201ctem uma sensibilidade rara e resgata uma humanidade importante ao olhar para essa etapa da vida\u201d.<\/p>\n\n\n\n<p>A acad\u00eamica\u00a0 resume o prop\u00f3sito do trabalho de forma simples e direta: \u201cNo final, \u00e9 sobre isso, fazer a diferen\u00e7a na vida das pessoas.\u201d<\/p>\n\n\n\n<p><strong>Sob o Mesmo C\u00e9u: diferentes caminhos da f\u00e9 no Rio Grande do Sul<\/strong><\/p>\n\n\n\n<p><em>Nota: 10<\/em><\/p>\n\n\n\n<p><em>Orientadora: Dra. Georgia dos Santos<\/em><\/p>\n\n\n<div class=\"wp-block-image\">\n<figure class=\"aligncenter size-full is-resized\"><img decoding=\"async\" loading=\"lazy\" src=\"https:\/\/revidigital.ielusc.br\/wp-content\/uploads\/2025\/12\/WhatsApp-Image-2025-12-11-at-17.38.22.jpeg\" alt=\"\" class=\"wp-image-17818\" style=\"width:458px;height:462px\" width=\"458\" height=\"462\" srcset=\"https:\/\/revidigital.ielusc.br\/wp-content\/uploads\/2025\/12\/WhatsApp-Image-2025-12-11-at-17.38.22.jpeg 1080w, https:\/\/revidigital.ielusc.br\/wp-content\/uploads\/2025\/12\/WhatsApp-Image-2025-12-11-at-17.38.22-150x150.jpeg 150w\" sizes=\"(max-width: 458px) 100vw, 458px\" \/><figcaption class=\"wp-element-caption\"><strong>Professor Hendryo Andr\u00e9, acad\u00eamica Hayana Ribas, professora Georgia Santos e professora Anna Carvalho<\/strong><\/figcaption><\/figure><\/div>\n\n\n<p>A pluralidade religiosa do Rio Grande do Sul ganhou destaque no projeto audiovisual de Hayana Donati Ribas. A s\u00e9rie documental explora como diferentes tradi\u00e7\u00f5es (cat\u00f3licas, evang\u00e9licas, afro-brasileiras, ind\u00edgenas, esp\u00edritas e n\u00e3o religiosas) coexistem e influenciam a identidade cultural ga\u00facha.<\/p>\n\n\n\n<p>Hayana destacou que o objetivo era representar seu estado de origem e romper estere\u00f3tipos simplificados sobre a cultura ga\u00facha. O nome \u201cSob o Mesmo C\u00e9u\u201d sintetiza a ideia de uni\u00e3o e diversidade espiritual: apesar dos caminhos distintos, todos compartilham o mesmo territ\u00f3rio.<\/p>\n\n\n\n<p>Com 11 entrevistas, cinco epis\u00f3dios, dois trailers e visitas a tr\u00eas cidades, o trabalho refor\u00e7a o potencial do audiovisual para aproximar o p\u00fablico das viv\u00eancias religiosas.<\/p>\n\n\n\n<p>A banca, composta pela Dra. Georgia Santos, pela Dra. Anna Carvalho e pelo Dr. Hendryo Andr\u00e9, destacou a relev\u00e2ncia do recorte e o s\u00f3lido embasamento te\u00f3rico da pesquisa. Durante a devolutiva, Anna Carvalho pontuou que, \u201cquando falamos de religi\u00e3o no Brasil, falamos tamb\u00e9m da nossa hist\u00f3ria social, cultural e pol\u00edtica\u201d, enfatizando que o trabalho se apoia em um recorte fundamentado na diversidade.<\/p>\n\n\n\n<p><strong>\u201cMorango do amor ou do \u00f3dio?\u201d: uma an\u00e1lise das publica\u00e7\u00f5es sobre alimenta\u00e7\u00e3o e nutri\u00e7\u00e3o no Instagram do jornal O Globo<\/strong><\/p>\n\n\n\n<p><em>Nota: 10<\/em><\/p>\n\n\n\n<p><em>Orientadora: Dra. Maiara Maduro<\/em><\/p>\n\n\n<div class=\"wp-block-image\">\n<figure class=\"aligncenter size-full is-resized\"><img decoding=\"async\" loading=\"lazy\" src=\"https:\/\/revidigital.ielusc.br\/wp-content\/uploads\/2025\/12\/WhatsApp-Image-2025-12-11-at-17.40.50-scaled.jpeg\" alt=\"\" class=\"wp-image-17819\" style=\"width:446px;height:335px\" width=\"446\" height=\"335\" srcset=\"https:\/\/revidigital.ielusc.br\/wp-content\/uploads\/2025\/12\/WhatsApp-Image-2025-12-11-at-17.40.50-scaled.jpeg 2560w, https:\/\/revidigital.ielusc.br\/wp-content\/uploads\/2025\/12\/WhatsApp-Image-2025-12-11-at-17.40.50-1536x1152.jpeg 1536w, https:\/\/revidigital.ielusc.br\/wp-content\/uploads\/2025\/12\/WhatsApp-Image-2025-12-11-at-17.40.50-2048x1536.jpeg 2048w\" sizes=\"(max-width: 446px) 100vw, 446px\" \/><figcaption class=\"wp-element-caption\"><strong>Professora Mar\u00edlia Crispim, acad\u00eamica Maria Helena, professora Maiara Maduro e professor Maur\u00edcio Melim<\/strong><\/figcaption><\/figure><\/div>\n\n\n<p>Encerrando a noite, Maria Helena Kafeld apresentou uma an\u00e1lise sobre o jornalismo de sa\u00fade no Instagram do <em>O Globo<\/em>, investigando se o ve\u00edculo refor\u00e7a ou combate discursos sensacionalistas relacionados \u00e0 alimenta\u00e7\u00e3o e nutri\u00e7\u00e3o.<\/p>\n\n\n\n<p>Movida por interesse pessoal e preocupa\u00e7\u00e3o com o crescimento de mensagens alarmistas nas redes, Maria desenvolveu uma pesquisa qualitativa baseada em an\u00e1lise de conte\u00fado. Entre 1\u00ba de junho e 1\u00ba de setembro de 2025, ela examinou publica\u00e7\u00f5es observando categorias como manchetes, imagens, padr\u00f5es discursivos, legendas e clickbait.<\/p>\n\n\n\n<p>O estudo refor\u00e7a a import\u00e2ncia do jornalismo respons\u00e1vel em temas de sa\u00fade p\u00fablica, demonstrando a necessidade de rigor e clareza na comunica\u00e7\u00e3o voltada ao grande p\u00fablico.<\/p>\n\n\n\n<p>A banca do projeto contou com a participa\u00e7\u00e3o da Dra. Maiara Maduro e Dra. Mar\u00edlia Crispi tamb\u00e9m com o Mestre em Ci\u00eancias da Comunica\u00e7\u00e3o Mauricio Melim. O trabalho foi aprovado com nota m\u00e1xima.<\/p>\n","protected":false},"excerpt":{"rendered":"<p>Projetos abordaram educa\u00e7\u00e3o, envelhecimento, f\u00e9 e sa\u00fade na etapa final das bancas de 2025. Por Camila Schatzmann Gomes A etapa final das bancas de TCC de 2025 concluiu a forma\u00e7\u00e3o dos novos jornalistas da Faculdade Ielusc. Em uma noite diversa e sens\u00edvel, os trabalhos apresentados mostraram maturidade, impacto social e compromisso com pautas que dialogam [&hellip;]<\/p>\n","protected":false},"author":1,"featured_media":17741,"comment_status":"open","ping_status":"open","sticky":false,"template":"","format":"standard","meta":{"footnotes":""},"categories":[20,4,2007,24,2082],"tags":[108,57,48,34,1576,130],"_links":{"self":[{"href":"https:\/\/revidigital.ielusc.br\/index.php\/wp-json\/wp\/v2\/posts\/17812"}],"collection":[{"href":"https:\/\/revidigital.ielusc.br\/index.php\/wp-json\/wp\/v2\/posts"}],"about":[{"href":"https:\/\/revidigital.ielusc.br\/index.php\/wp-json\/wp\/v2\/types\/post"}],"author":[{"embeddable":true,"href":"https:\/\/revidigital.ielusc.br\/index.php\/wp-json\/wp\/v2\/users\/1"}],"replies":[{"embeddable":true,"href":"https:\/\/revidigital.ielusc.br\/index.php\/wp-json\/wp\/v2\/comments?post=17812"}],"version-history":[{"count":1,"href":"https:\/\/revidigital.ielusc.br\/index.php\/wp-json\/wp\/v2\/posts\/17812\/revisions"}],"predecessor-version":[{"id":17820,"href":"https:\/\/revidigital.ielusc.br\/index.php\/wp-json\/wp\/v2\/posts\/17812\/revisions\/17820"}],"wp:featuredmedia":[{"embeddable":true,"href":"https:\/\/revidigital.ielusc.br\/index.php\/wp-json\/wp\/v2\/media\/17741"}],"wp:attachment":[{"href":"https:\/\/revidigital.ielusc.br\/index.php\/wp-json\/wp\/v2\/media?parent=17812"}],"wp:term":[{"taxonomy":"category","embeddable":true,"href":"https:\/\/revidigital.ielusc.br\/index.php\/wp-json\/wp\/v2\/categories?post=17812"},{"taxonomy":"post_tag","embeddable":true,"href":"https:\/\/revidigital.ielusc.br\/index.php\/wp-json\/wp\/v2\/tags?post=17812"}],"curies":[{"name":"wp","href":"https:\/\/api.w.org\/{rel}","templated":true}]}}