{"id":17863,"date":"2025-12-16T10:13:37","date_gmt":"2025-12-16T13:13:37","guid":{"rendered":"https:\/\/revidigital.ielusc.br\/?p=17863"},"modified":"2025-12-16T10:16:30","modified_gmt":"2025-12-16T13:16:30","slug":"jedicon-estreia-em-santa-catarina","status":"publish","type":"post","link":"https:\/\/revidigital.ielusc.br\/index.php\/2025\/12\/16\/jedicon-estreia-em-santa-catarina\/","title":{"rendered":"Jedicon estreia em Santa Catarina"},"content":{"rendered":"\n<p>Evento re\u00fane f\u00e3s de Star Wars e celebra 10 anos do Conselho Jedi de Santa<\/p>\n\n\n\n<p>Por Jo\u00e3o Nascimento<\/p>\n\n\n\n<p>Joinville recebeu, no \u00faltimo dia 29, a primeira edi\u00e7\u00e3o da conven\u00e7\u00e3o nacional de f\u00e3s de Star Wars em Santa Catarina, a Jedicon. O evento reuniu centenas de f\u00e3s da saga em uma programa\u00e7\u00e3o voltada para cultura pop, entretenimento e conviv\u00eancia entre gera\u00e7\u00f5es de admiradores da saga. Realizada no Centro da cidade, a conven\u00e7\u00e3o celebrou tamb\u00e9m os 10 anos do Conselho Jedi de Santa Catarina, respons\u00e1vel pela organiza\u00e7\u00e3o local do evento.<\/p>\n\n\n\n<p>Em um formato j\u00e1 consolidado em diversas capitais do pa\u00eds, desde 1999, a Jedicon \u00e9 produzida de f\u00e3 para f\u00e3, sem fins lucrativos, e tem como proposta aproximar o p\u00fablico do universo constru\u00eddo pelo cineasta George Lucas. Em Joinville, o encontro trouxe \u00e0 cidade pain\u00e9is, oficinas, espa\u00e7os de fotografia, atividades para crian\u00e7as, concursos de cosplay e estandes com colecion\u00e1veis e produtos tem\u00e1ticos. Um dos organizadores, Pedro Paulo, 40, destaca: \u201cO primeiro f\u00e3-clube \u00e9 o Conselho Jedi do Rio de Janeiro. N\u00f3s somos um grupo de f\u00e3s reconhecidos pela Lucasfilm, que conhece nosso trabalho e nos acompanha de perto\u201c. A iniciativa transformou o espa\u00e7o do evento em um ponto de encontro para novos padawans, veteranos e curiosos que tiveram a oportunidade de vivenciar uma experi\u00eancia imersiva.<\/p>\n\n\n\n<p>A venda de ingressos foi estruturada em tr\u00eas modalidades, sendo inteira, meia e solid\u00e1ria, permitindo a participa\u00e7\u00e3o de diferentes p\u00fablicos. A categoria solid\u00e1ria combinou a entrada com a doa\u00e7\u00e3o de 1kg de alimento n\u00e3o perec\u00edvel, que ser\u00e1 encaminhado a institui\u00e7\u00f5es assistenciais do munic\u00edpio, ampliando o car\u00e1ter social do evento. Crian\u00e7as de at\u00e9 cinco anos puderam entrar gratuitamente, desde que acompanhadas por um respons\u00e1vel maior de 18 anos, refor\u00e7ando a proposta de tornar a conven\u00e7\u00e3o acess\u00edvel \u00e0s fam\u00edlias.<\/p>\n\n\n\n<p>Al\u00e9m das atra\u00e7\u00f5es visuais e da presen\u00e7a marcante dos cosplayers, o p\u00fablico acompanhou bate-papos sobre o universo da saga e o impacto cultural de Star Wars ao longo das d\u00e9cadas. Thiers Klimczuk, 33, afirma que nunca havia participado de um evento de Star Wars, mas que com este evento e poss\u00edveis outros em cidades pr\u00f3ximas, ele sente-se motivado para talvez come\u00e7ar com cosplays. Para o Conselho Jedi, a realiza\u00e7\u00e3o da primeira Jedicon no estado representa o resultado de uma constru\u00e7\u00e3o feita junto \u00e0 comunidade de f\u00e3s ao longo de dez anos.<\/p>\n\n\n\n<p>Com boa recep\u00e7\u00e3o do p\u00fablico e grande circula\u00e7\u00e3o ao longo do dia, a Jedicon 2025 se encerrou com expectativa positiva da organiza\u00e7\u00e3o. A tend\u00eancia, segundo os membros do Conselho Jedi, \u00e9 que Santa Catarina passe a integrar de forma definitiva o circuito nacional da conven\u00e7\u00e3o, abrindo espa\u00e7o para novas edi\u00e7\u00f5es e para o fortalecimento da cena geek no estado.<\/p>\n\n\n<div class=\"wp-block-image\">\n<figure class=\"aligncenter size-full is-resized\"><img decoding=\"async\" loading=\"lazy\" src=\"https:\/\/revidigital.ielusc.br\/wp-content\/uploads\/2025\/12\/WhatsApp-Image-2025-12-15-at-21.45.08-1.jpeg\" alt=\"\" class=\"wp-image-17865\" style=\"width:372px;height:400px\" width=\"372\" height=\"400\"\/><figcaption class=\"wp-element-caption\">Exposi\u00e7\u00e3o de colecionadores de Star Wars | Jo\u00e3o Nascimento<\/figcaption><\/figure><\/div>\n\n\n<p><strong>Imers\u00e3o com cosplayers<\/strong><\/p>\n\n\n\n<p>A Jedicon 2025 ganhou cores, sons e movimento com a forte presen\u00e7a dos cosplayers que circularam pelo evento caracterizados como jedi, sith, pilotos, mercen\u00e1rios e outras figuras marcantes da franquia. Desde o inicio, o p\u00fablico p\u00f4de fotograf\u00e1-los, acompanhar interven\u00e7\u00f5es c\u00eanicas e testemunhar duelos simb\u00f3licos que refor\u00e7aram o clima de imers\u00e3o dentro do pavilh\u00e3o.<\/p>\n\n\n\n<p>Para muitos participantes, vestir o personagem favorito vai al\u00e9m da homenagem, \u00e9 uma forma de participar ativamente da hist\u00f3ria e manter viva a cultura de Star Wars dentro do fandom. A intera\u00e7\u00e3o constante com os visitantes presentes ajudou a aproximar ainda mais o p\u00fablico do universo retratado pelos filmes, s\u00e9ries, livros e hist\u00f3rias em quadrinhos.<\/p>\n\n\n\n<p>A presen\u00e7a dos cosplayers tamb\u00e9m teve impacto direto entre os visitantes mais jovens, que acompanharam as apresenta\u00e7\u00f5es com entusiasmo e curiosidade. Al\u00e9m de inspirar novos f\u00e3s, o grupo refor\u00e7ou o esp\u00edrito comunit\u00e1rio da conven\u00e7\u00e3o, que se apoia na colabora\u00e7\u00e3o e na criatividade dos envolvidos.<\/p>\n\n\n\n<p>Em Santa Catarina, a participa\u00e7\u00e3o expressiva desse p\u00fablico mostrou que o cosplay j\u00e1 ultrapassou o papel de atra\u00e7\u00e3o complementar, se tornando pe\u00e7a central na viv\u00eancia dos f\u00e3s, refletindo uma cena criativa local que se fortalece e se profissionaliza a cada evento.<\/p>\n\n\n\n<p>O esfor\u00e7o dedicado aos trajes, maquiagens e performances feita por eles, elevou o padr\u00e3o da Jedicon 2025, transformando-a em uma celebra\u00e7\u00e3o vibrante e memor\u00e1vel da saga Star Wars.<\/p>\n\n\n<div class=\"wp-block-image\">\n<figure class=\"aligncenter size-full is-resized\"><img decoding=\"async\" loading=\"lazy\" src=\"https:\/\/revidigital.ielusc.br\/wp-content\/uploads\/2025\/12\/WhatsApp-Image-2025-12-15-at-21.45.08.jpeg\" alt=\"\" class=\"wp-image-17866\" style=\"width:374px;height:317px\" width=\"374\" height=\"317\"\/><figcaption class=\"wp-element-caption\">Concurso de cosplayes na categoria \u201cAdulto\u201d | Jo\u00e3o Nascimento<\/figcaption><\/figure><\/div>","protected":false},"excerpt":{"rendered":"<p>Evento re\u00fane f\u00e3s de Star Wars e celebra 10 anos do Conselho Jedi de Santa Por Jo\u00e3o Nascimento Joinville recebeu, no \u00faltimo dia 29, a primeira edi\u00e7\u00e3o da conven\u00e7\u00e3o nacional de f\u00e3s de Star Wars em Santa Catarina, a Jedicon. O evento reuniu centenas de f\u00e3s da saga em uma programa\u00e7\u00e3o voltada para cultura pop, [&hellip;]<\/p>\n","protected":false},"author":1,"featured_media":17865,"comment_status":"open","ping_status":"open","sticky":false,"template":"","format":"standard","meta":{"footnotes":""},"categories":[97,88,20,4,2173,2007],"tags":[1577,90,1812,108,53,57,48,34],"_links":{"self":[{"href":"https:\/\/revidigital.ielusc.br\/index.php\/wp-json\/wp\/v2\/posts\/17863"}],"collection":[{"href":"https:\/\/revidigital.ielusc.br\/index.php\/wp-json\/wp\/v2\/posts"}],"about":[{"href":"https:\/\/revidigital.ielusc.br\/index.php\/wp-json\/wp\/v2\/types\/post"}],"author":[{"embeddable":true,"href":"https:\/\/revidigital.ielusc.br\/index.php\/wp-json\/wp\/v2\/users\/1"}],"replies":[{"embeddable":true,"href":"https:\/\/revidigital.ielusc.br\/index.php\/wp-json\/wp\/v2\/comments?post=17863"}],"version-history":[{"count":1,"href":"https:\/\/revidigital.ielusc.br\/index.php\/wp-json\/wp\/v2\/posts\/17863\/revisions"}],"predecessor-version":[{"id":17867,"href":"https:\/\/revidigital.ielusc.br\/index.php\/wp-json\/wp\/v2\/posts\/17863\/revisions\/17867"}],"wp:featuredmedia":[{"embeddable":true,"href":"https:\/\/revidigital.ielusc.br\/index.php\/wp-json\/wp\/v2\/media\/17865"}],"wp:attachment":[{"href":"https:\/\/revidigital.ielusc.br\/index.php\/wp-json\/wp\/v2\/media?parent=17863"}],"wp:term":[{"taxonomy":"category","embeddable":true,"href":"https:\/\/revidigital.ielusc.br\/index.php\/wp-json\/wp\/v2\/categories?post=17863"},{"taxonomy":"post_tag","embeddable":true,"href":"https:\/\/revidigital.ielusc.br\/index.php\/wp-json\/wp\/v2\/tags?post=17863"}],"curies":[{"name":"wp","href":"https:\/\/api.w.org\/{rel}","templated":true}]}}