{"id":17868,"date":"2025-12-16T10:46:05","date_gmt":"2025-12-16T13:46:05","guid":{"rendered":"https:\/\/revidigital.ielusc.br\/?p=17868"},"modified":"2025-12-16T10:49:31","modified_gmt":"2025-12-16T13:49:31","slug":"cameras-corporais-comecam-a-integrar-rotina-do-transito","status":"publish","type":"post","link":"https:\/\/revidigital.ielusc.br\/index.php\/2025\/12\/16\/cameras-corporais-comecam-a-integrar-rotina-do-transito\/","title":{"rendered":"C\u00e2meras corporais come\u00e7am a integrar rotina do tr\u00e2nsito"},"content":{"rendered":"\n<p>Equipamentos refor\u00e7am a transpar\u00eancia e seguran\u00e7a nas abordagens em toda a regi\u00e3o de Joinville<\/p>\n\n\n\n<p>Por J\u00falia Gava<\/p>\n\n\n\n<p>A ado\u00e7\u00e3o das c\u00e2meras corporais pelos agentes de tr\u00e2nsito de Joinville passou a compor de forma definitiva o protocolo de fiscaliza\u00e7\u00e3o na cidade desde o dia 3 de novembro. O dispositivo, conhecido como bodycam, um equipamento preso ao uniforme que registra \u00e1udio e v\u00eddeo durante o atendimento, foi incorporado pelo Departamento de Tr\u00e2nsito (Detrans) como mecanismo de controle e transpar\u00eancia nas intera\u00e7\u00f5es com os motoristas.<\/p>\n\n\n\n<p>Antes de iniciar o uso, os 64 agentes passaram por treinamento para operar as c\u00e2meras e seguir o procedimento exigido. Eles devem avisar o cidad\u00e3o de que a abordagem ser\u00e1 registrada e s\u00f3 ent\u00e3o acionar o equipamento. Ao fim do turno, os arquivos s\u00e3o transferidos para um sistema externo e permanecem armazenados por tr\u00eas anos, garantindo rastreabilidade e possibilidade de consulta quando necess\u00e1rio.<\/p>\n\n\n\n<p>A prefeitura aponta que o registro audiovisual tende a reduzir conflitos e esclarecer diverg\u00eancias, al\u00e9m de fortalecer a confian\u00e7a no atendimento p\u00fablico. O diretor-presidente do Detrans, Paulo Rog\u00e9rio Rigo, refor\u00e7a o papel da ferramenta na condu\u00e7\u00e3o das fiscaliza\u00e7\u00f5es, dizendo que as c\u00e2meras s\u00e3o uma ferramenta extra de seguran\u00e7a que atender\u00e3o a necessidade de inspe\u00e7\u00e3o tanto dos agentes quanto dos abordados. O diretor tamb\u00e9m ressalta que as imagens s\u00f3 ser\u00e3o acessadas quando for de extrema necessidade, cabendo ao poder p\u00fablico decidir seu uso, caso a caso. \u201cCom isso, garantimos mais seguran\u00e7a para o agente da lei e tamb\u00e9m para o cidad\u00e3o\u201d, destaca Rigo.<\/p>\n\n\n\n<p>A implementa\u00e7\u00e3o tamb\u00e9m reacende discuss\u00f5es sobre a expans\u00e3o da tecnologia para outros setores da seguran\u00e7a municipal. A Guarda Municipal, que atua armada, segue sem previs\u00e3o para incorporar equipamentos similares, ponto levantado por especialistas que defendem a padroniza\u00e7\u00e3o do uso em diferentes frentes. At\u00e9 o momento, n\u00e3o foram anunciados novos setores que possam adotar o equipamento. Expans\u00f5es dependem de an\u00e1lises t\u00e9cnicas oficiais.<\/p>\n\n\n\n<p><strong>O que os moradores pensam das c\u00e2meras<\/strong><\/p>\n\n\n\n<p>A ado\u00e7\u00e3o das c\u00e2meras corporais pelos agentes de tr\u00e2nsito despertou uma mistura de aprova\u00e7\u00e3o e cautela entre quem convive diariamente com as fiscaliza\u00e7\u00f5es. A aposentada Marli Carlotto, 69, apoia a ideia, mas mant\u00e9m o cuidado. \u201cRegistro \u00e9 importante, claro. S\u00f3 fico pensando se tudo ser\u00e1 mesmo usado de forma justa. A tecnologia \u00e9 boa, mas depende de quem opera\u201d, conta.<\/p>\n\n\n\n<p>O estudante de design Gustavo Macedo, 19, percebe uma mudan\u00e7a no clima das abordagens. \u201cParece que todo mundo fica mais consciente. Voc\u00ea v\u00ea o equipamento e automaticamente controla o jeito de falar. E os agentes tamb\u00e9m.\u201d<\/p>\n\n\n\n<p>Para a assistente de RH Maria Luiza Oliveira, 20, a ferramenta traz equil\u00edbrio. \u201cAjuda a esclarecer situa\u00e7\u00f5es e diminui aquela discuss\u00e3o de vers\u00f5es das pessoas. Mas, se n\u00e3o tiver transpar\u00eancia, vira s\u00f3 mais um equipamento que ningu\u00e9m sabe como funciona\u201d, diz.<\/p>\n\n\n\n<p>No geral, a expectativa \u00e9 de que as grava\u00e7\u00f5es sirvam como um instrumento real de prote\u00e7\u00e3o e esclarecimento, sem substituir a postura profissional dos agentes nem o bom senso dos motoristas, que continuam fundamentais para evitar conflitos em situa\u00e7\u00f5es de d\u00favidas durante as abordagens.<\/p>\n\n\n\n<blockquote class=\"wp-block-quote\">\n<p> \u201cParece que todo mundo fica mais consciente. Voc\u00ea v\u00ea o equipamento e automaticamente controla o jeito de falar. E os agentes tamb\u00e9m.\u201d Gustavo Macedo, estudante.<\/p>\n<\/blockquote>\n","protected":false},"excerpt":{"rendered":"<p>Equipamentos refor\u00e7am a transpar\u00eancia e seguran\u00e7a nas abordagens em toda a regi\u00e3o de Joinville Por J\u00falia Gava A ado\u00e7\u00e3o das c\u00e2meras corporais pelos agentes de tr\u00e2nsito de Joinville passou a compor de forma definitiva o protocolo de fiscaliza\u00e7\u00e3o na cidade desde o dia 3 de novembro. O dispositivo, conhecido como bodycam, um equipamento preso ao [&hellip;]<\/p>\n","protected":false},"author":1,"featured_media":17869,"comment_status":"open","ping_status":"open","sticky":false,"template":"","format":"standard","meta":{"footnotes":""},"categories":[2192,8,97,20,4,2007,1837,2176,6],"tags":[2191,1577,1840,108,57,48,34,1907],"_links":{"self":[{"href":"https:\/\/revidigital.ielusc.br\/index.php\/wp-json\/wp\/v2\/posts\/17868"}],"collection":[{"href":"https:\/\/revidigital.ielusc.br\/index.php\/wp-json\/wp\/v2\/posts"}],"about":[{"href":"https:\/\/revidigital.ielusc.br\/index.php\/wp-json\/wp\/v2\/types\/post"}],"author":[{"embeddable":true,"href":"https:\/\/revidigital.ielusc.br\/index.php\/wp-json\/wp\/v2\/users\/1"}],"replies":[{"embeddable":true,"href":"https:\/\/revidigital.ielusc.br\/index.php\/wp-json\/wp\/v2\/comments?post=17868"}],"version-history":[{"count":1,"href":"https:\/\/revidigital.ielusc.br\/index.php\/wp-json\/wp\/v2\/posts\/17868\/revisions"}],"predecessor-version":[{"id":17870,"href":"https:\/\/revidigital.ielusc.br\/index.php\/wp-json\/wp\/v2\/posts\/17868\/revisions\/17870"}],"wp:featuredmedia":[{"embeddable":true,"href":"https:\/\/revidigital.ielusc.br\/index.php\/wp-json\/wp\/v2\/media\/17869"}],"wp:attachment":[{"href":"https:\/\/revidigital.ielusc.br\/index.php\/wp-json\/wp\/v2\/media?parent=17868"}],"wp:term":[{"taxonomy":"category","embeddable":true,"href":"https:\/\/revidigital.ielusc.br\/index.php\/wp-json\/wp\/v2\/categories?post=17868"},{"taxonomy":"post_tag","embeddable":true,"href":"https:\/\/revidigital.ielusc.br\/index.php\/wp-json\/wp\/v2\/tags?post=17868"}],"curies":[{"name":"wp","href":"https:\/\/api.w.org\/{rel}","templated":true}]}}