{"id":17871,"date":"2025-12-16T13:14:18","date_gmt":"2025-12-16T16:14:18","guid":{"rendered":"https:\/\/revidigital.ielusc.br\/?p=17871"},"modified":"2025-12-16T13:19:51","modified_gmt":"2025-12-16T16:19:51","slug":"historia-coragem-e-jornalismo-moldam-a-trajetoria-de-bianca-molina","status":"publish","type":"post","link":"https:\/\/revidigital.ielusc.br\/index.php\/2025\/12\/16\/historia-coragem-e-jornalismo-moldam-a-trajetoria-de-bianca-molina\/","title":{"rendered":"Hist\u00f3ria, coragem e jornalismo moldam a trajet\u00f3ria de Bianca Molina"},"content":{"rendered":"\n<p>Por   Maria Eduarda Lopes e Beatriz Rodrigues<\/p>\n\n\n\n<p>Jornalista da TNT Sports, Bianca Molina iniciou sua trajet\u00f3ria em 2011, em Porto Alegre e, aos 32 anos, carrega uma hist\u00f3ria marcada por evolu\u00e7\u00e3o, coragem e muita estrada percorrida. Do come\u00e7o t\u00edmido \u00e0s grandes coberturas, construiu um curr\u00edculo que passa por Fox Sports, Grupo Bandeirantes e Revista Placar. Ao longo dessa caminhada, viveu de perto momentos que moldam qualquer profissional, esteve na Copa do Mundo masculina de 2022, em v\u00e1rios Campeonatos Paulistas, al\u00e9m de Libertadores, Sul-Americana e Brasileir\u00e3o. Entre desafios, descobertas e a paix\u00e3o pelo futebol, Bianca segue ampliando sua voz em um espa\u00e7o onde ainda precisa abrir portas todos os dias.<\/p>\n\n\n<div class=\"wp-block-image\">\n<figure class=\"aligncenter size-full is-resized\"><img decoding=\"async\" loading=\"lazy\" src=\"https:\/\/revidigital.ielusc.br\/wp-content\/uploads\/2025\/12\/WhatsApp-Image-2025-12-16-at-12.32.35.jpeg\" alt=\"\" class=\"wp-image-17872\" style=\"width:468px;height:301px\" width=\"468\" height=\"301\" srcset=\"https:\/\/revidigital.ielusc.br\/wp-content\/uploads\/2025\/12\/WhatsApp-Image-2025-12-16-at-12.32.35.jpeg 1179w, https:\/\/revidigital.ielusc.br\/wp-content\/uploads\/2025\/12\/WhatsApp-Image-2025-12-16-at-12.32.35-136x86.jpeg 136w\" sizes=\"(max-width: 468px) 100vw, 468px\" \/><figcaption class=\"wp-element-caption\">Bianca na Semifinal do Paulist\u00e3o de 2025. Foto: Eduardo Carmin<\/figcaption><\/figure><\/div>\n\n\n<p><strong>Muitos jornalistas escondem o time do cora\u00e7\u00e3o, voc\u00ea optou pela transpar\u00eancia. Por que escolheu n\u00e3o esconder e como lida com coment\u00e1rios de que voc\u00ea est\u00e1 sendo clubista?<\/strong><\/p>\n\n\n\n<p>Nem sempre tive coragem para ser transparente sobre meu time. Quando cheguei \u00e0 R\u00e1dio Bandeirantes, em 2011, eu n\u00e3o falava que torcia para o Gr\u00eamio. No Sul, a rivalidade do Gre-Nal \u00e9 muito forte, ou voc\u00ea \u00e9 um ou \u00e9 outro, e eu n\u00e3o queria que isso interferisse no meu trabalho. Mantive essa postura at\u00e9 2016. Durante esse per\u00edodo, eu adotei o Coritiba. Ia aos jogos, usava a camisa, era uma forma de continuar vivendo o futebol sem precisar revelar meu time de verdade, mas tudo mudou quando comecei na Fox Sports. Logo no meu primeiro contato, o PVC perguntou qual era meu time, respondi que simpatizava com o Coritiba, e ele estranhou, afinal, eu era ga\u00facha, de um lugar onde o futebol \u00e9 t\u00e3o intenso. E foi a\u00ed que ele resolveu me testar, disse que era palmeirense e, em seguida, perguntou de novo qual era meu time. Fui sincera e disse que era o Gr\u00eamio.Nesse momento ele me deu um conselho que nunca esqueci, ele me disse que a gente n\u00e3o precisa sair por a\u00ed falando qual \u00e9 o nosso time, mas se algu\u00e9m perguntar, somos jornalistas, a verdade prevalece sempre. A partir daquele dia, parei de esconder. Na \u00e9poca, era mais f\u00e1cil, porque eu trabalhava nos bastidores, mas em 2020 virei rep\u00f3rter e, mesmo assim, optei por continuar sendo transparente. Deixei claro nas minhas redes sociais, mas sempre de forma sutil. N\u00e3o ofendo ningu\u00e9m, n\u00e3o debocho de nenhum time , sou apenas uma torcedora do Gr\u00eamio. Profissionalmente, isso nunca me atrapalhou tamb\u00e9m, sei me portar quando cubro jogos do outros times com o Gr\u00eamio, trato com naturalidade e profissionalismo. At\u00e9 hoje, inclusive, nunca fui ofendida por isso.<\/p>\n\n\n\n<p><strong>Houve algum momento em que a press\u00e3o de ser mulher no jornalismo esportivo foi mais desafiadora do que o comum? E de que forma voc\u00ea lida com epis\u00f3dios de machismo e ass\u00e9dio?<\/strong><\/p>\n\n\n\n<p>Em v\u00e1rios momentos. Quando entrei, em 2011, o cen\u00e1rio era muito diferente, havia bem menos mulheres no meio esportivo e tudo parecia um teste constante. Era como se, o tempo todo, houvesse uma pegadinha, uma armadilha para ver se a gente \u201cca\u00eda\u201d. Eu sabia que seria questionada e contestada in\u00fameras vezes, ent\u00e3o me preparei muito, estudei, busquei informa\u00e7\u00e3o, me aprofundei. Enquanto um homem \u00e9 criticado por um erro, uma mulher precisa de muito menos que um erro para ser atacada. Isso acabou me forjando, fui me tornando mais forte, pronta para retrucar perguntas idiotas e responder com seguran\u00e7a, especialmente porque vivi essa fase de transi\u00e7\u00e3o da sociedade, onde essa parte come\u00e7ou a mudar.<br>Sobre machismo e ass\u00e9dio, sempre que posso acionar uma inst\u00e2ncia superior, comunicar um gestor, por exemplo, eu fa\u00e7o. Quando n\u00e3o d\u00e1, tento resolver eu mesma. Sou muito ativa nas redes sociais e respondo, exponho. Talvez o melhor seria ficar quieta, mas eu n\u00e3o concordo. Para mim, \u00e9 uma forma de tentar impedir que isso se repita com outras mulheres. Apesar de lidar bem, n\u00e3o deixo de ficar triste, por estar em um ambiente onde muitos homens acham que eu n\u00e3o deveria estar.<\/p>\n\n\n<div class=\"wp-block-image\">\n<figure class=\"aligncenter size-full is-resized\"><img decoding=\"async\" loading=\"lazy\" src=\"https:\/\/revidigital.ielusc.br\/wp-content\/uploads\/2025\/12\/WhatsApp-Image-2025-12-16-at-12.32.35-1.jpeg\" alt=\"\" class=\"wp-image-17873\" style=\"width:466px;height:453px\" width=\"466\" height=\"453\"\/><figcaption class=\"wp-element-caption\">No Man\u00e9 Garrincha, em Bras\u00edlia, ap\u00f3s a partida de S\u00e3o Paulo x Corinthians pelo Brasileir\u00e3o.  Foto: Arquivo pessoal<\/figcaption><\/figure><\/div>\n\n\n<p><strong>Qual \u00e9 a conquista de que mais voc\u00ea se orgulha at\u00e9 aqui?<\/strong><\/p>\n\n\n\n<p>Dif\u00edcil essa (risos). Mas minha faculdade \u00e9 um grande orgulho. Vindo de onde eu venho, ser a segunda pessoa da minha fam\u00edlia a ter curso superior significa muito. Demorei oito anos para me formar, troquei de faculdade tr\u00eas vezes por conta da vida, foi dif\u00edcil concluir no aspecto financeiro tamb\u00e9m. E, dentro do Jornalismo, por ter participado da final da Libertadores, em 2017, mesmo como produtora, nos bastidores, eu encontrei muita satisfa\u00e7\u00e3o. Eu falo isso porque muita gente acha que s\u00f3 d\u00e1 para se realizar se estiver na frente das c\u00e2meras, com holofotes, mas d\u00e1 para viver muita coisa legal por tr\u00e1s tamb\u00e9m.<\/p>\n\n\n\n<p><strong>Um sonho que ainda quer realizar?<\/strong><\/p>\n\n\n\n<p>Me considero uma pessoa bem realizada, mas vamos colocar um sonho novo: gostaria de estar na Copa do Mundo feminina em 2027.<\/p>\n\n\n\n<p><strong>Um conselho para o jovem profissional do Jornalismo?<\/strong><\/p>\n\n\n\n<p>No geral, meu conselho \u00e9 para estudar. Leia muito, assista muito, ou\u00e7a muito. Crie repert\u00f3rio. N\u00e3o \u00e9 para copiar ningu\u00e9m, mas para observar diferentes profissionais, entender como se faz, quais caminhos existem e quais s\u00e3o as possibilidades de abordagem. Hoje o jornalismo esportivo \u00e9 muito vasto e, quanto mais preparado voc\u00ea estiver, melhor. Se d\u00e1 para fazer um curso? Faz. D\u00e1 para entrar em um projeto de extens\u00e3o? Entra. D\u00e1 para viajar? Viaja. Tudo acrescenta de alguma forma. E, claro, mostre para as pessoas o que voc\u00ea quer. \u201cAh, quero entrar na \u00e1rea.\u201d Ent\u00e3o fala! Comenta, se coloca, incomoda mesmo. As pessoas precisam saber quais s\u00e3o os teus objetivos para que, eventualmente, lembrem de voc\u00ea quando surgir uma oportunidade.<\/p>\n\n\n\n<p><\/p>\n\n\n\n<p><\/p>\n\n\n\n<p><\/p>\n","protected":false},"excerpt":{"rendered":"<p>Por Maria Eduarda Lopes e Beatriz Rodrigues Jornalista da TNT Sports, Bianca Molina iniciou sua trajet\u00f3ria em 2011, em Porto Alegre e, aos 32 anos, carrega uma hist\u00f3ria marcada por evolu\u00e7\u00e3o, coragem e muita estrada percorrida. Do come\u00e7o t\u00edmido \u00e0s grandes coberturas, construiu um curr\u00edculo que passa por Fox Sports, Grupo Bandeirantes e Revista Placar. [&hellip;]<\/p>\n","protected":false},"author":1,"featured_media":17872,"comment_status":"open","ping_status":"open","sticky":false,"template":"","format":"standard","meta":{"footnotes":""},"categories":[97,20,46,2007,26],"tags":[1577,90,108,472,184,57,48,34],"_links":{"self":[{"href":"https:\/\/revidigital.ielusc.br\/index.php\/wp-json\/wp\/v2\/posts\/17871"}],"collection":[{"href":"https:\/\/revidigital.ielusc.br\/index.php\/wp-json\/wp\/v2\/posts"}],"about":[{"href":"https:\/\/revidigital.ielusc.br\/index.php\/wp-json\/wp\/v2\/types\/post"}],"author":[{"embeddable":true,"href":"https:\/\/revidigital.ielusc.br\/index.php\/wp-json\/wp\/v2\/users\/1"}],"replies":[{"embeddable":true,"href":"https:\/\/revidigital.ielusc.br\/index.php\/wp-json\/wp\/v2\/comments?post=17871"}],"version-history":[{"count":1,"href":"https:\/\/revidigital.ielusc.br\/index.php\/wp-json\/wp\/v2\/posts\/17871\/revisions"}],"predecessor-version":[{"id":17874,"href":"https:\/\/revidigital.ielusc.br\/index.php\/wp-json\/wp\/v2\/posts\/17871\/revisions\/17874"}],"wp:featuredmedia":[{"embeddable":true,"href":"https:\/\/revidigital.ielusc.br\/index.php\/wp-json\/wp\/v2\/media\/17872"}],"wp:attachment":[{"href":"https:\/\/revidigital.ielusc.br\/index.php\/wp-json\/wp\/v2\/media?parent=17871"}],"wp:term":[{"taxonomy":"category","embeddable":true,"href":"https:\/\/revidigital.ielusc.br\/index.php\/wp-json\/wp\/v2\/categories?post=17871"},{"taxonomy":"post_tag","embeddable":true,"href":"https:\/\/revidigital.ielusc.br\/index.php\/wp-json\/wp\/v2\/tags?post=17871"}],"curies":[{"name":"wp","href":"https:\/\/api.w.org\/{rel}","templated":true}]}}