{"id":18138,"date":"2026-04-27T16:36:31","date_gmt":"2026-04-27T19:36:31","guid":{"rendered":"https:\/\/revidigital.ielusc.br\/?p=18138"},"modified":"2026-04-27T16:36:32","modified_gmt":"2026-04-27T19:36:32","slug":"joinville-vence-o-santa-catarina-e-segue-invicto-na-serie-d","status":"publish","type":"post","link":"https:\/\/revidigital.ielusc.br\/index.php\/2026\/04\/27\/joinville-vence-o-santa-catarina-e-segue-invicto-na-serie-d\/","title":{"rendered":"Joinville vence o Santa Catarina e segue invicto na S\u00e9rie D"},"content":{"rendered":"\n<p>Por Jo\u00e3o Queiroz<\/p>\n\n\n\n<p>Na tarde de s\u00e1bado, 25, o Joinville recebeu na Arena Joinville o Santa Catarina, jogo v\u00e1lido pela quarta rodada da S\u00e9rie D do Campeonato Brasileiro. Ap\u00f3s o tricolor catarinense fazer 2 jogos fora de casa contra as equipes Guarany de Bag\u00e9 e o Cianorte, o torcedor catarinense p\u00f4de ver a equipe de Serginho Braga novamente em a\u00e7\u00e3o.\u00a0<\/p>\n\n\n<div class=\"wp-block-image\">\n<figure class=\"aligncenter size-full is-resized\"><img decoding=\"async\" loading=\"lazy\" src=\"https:\/\/revidigital.ielusc.br\/wp-content\/uploads\/2026\/04\/WhatsApp-Image-2026-04-27-at-09.00.54.jpeg\" alt=\"\" class=\"wp-image-18141\" style=\"width:381px;height:477px\" width=\"381\" height=\"477\"\/><\/figure><\/div>\n\n\n<p>O jogo come\u00e7ou com a equipe do Santa Catarina pressionando a equipe joinvilense, mas uma press\u00e3o que acabou resultando em nada, quando aos 23 minutos do primeiro tempo em um ataque da equipe do Joinville numa bola cruzada na \u00e1rea pelo Iago Dias, o atacante Erverson empurrou pro fundo das redes e o Joinville abriu o placar.<\/p>\n\n\n\n<p>Depois de tomar o primeiro gol, a equipe do Santa Catarina se lan\u00e7ou ao ataque, mas num contra-ataque fatal o meio campista Gabriel Terra lan\u00e7ou novamente o atacante Erverson que carregou a bola at\u00e9 a entrada da \u00e1rea e finalizou para o gol, fazendo assim o JEC 2&#215;0.<\/p>\n\n\n<div class=\"wp-block-image\">\n<figure class=\"aligncenter size-full is-resized\"><img decoding=\"async\" loading=\"lazy\" src=\"https:\/\/revidigital.ielusc.br\/wp-content\/uploads\/2026\/04\/WhatsApp-Image-2026-04-27-at-09.01.11.jpeg\" alt=\"\" class=\"wp-image-18139\" style=\"width:396px;height:495px\" width=\"396\" height=\"495\"\/><figcaption class=\"wp-element-caption\">Atacante Erverson, que marcou os dois gols do Joinville. Cr\u00e9dito: Luiz Vieira\/JEC<\/figcaption><\/figure><\/div>\n\n\n<p><strong>O segundo tempo<\/strong><\/p>\n\n\n\n<p>No segundo tempo, a equipe do Joinville come\u00e7ou pressionando mas sem muitas grandes chances de ampliar o placar. A equipe do Santa Catarina ent\u00e3o come\u00e7ou a pressionar mais em busca do primeiro gol. Finalizou mais que a equipe da casa, mas foi conseguir o gol somente aos 38 minutos do segundo tempo em um escanteio pela esquerda, o zagueiro Z\u00e9 Leandro subiu mais alto que todos e marcou o gol que de pouco adiantou. A equipe do Joinville segurou o resultado at\u00e9 o juiz apitar o final de jogo.<\/p>\n\n\n\n<p><strong>Seguimento da competi\u00e7\u00e3o<\/strong><\/p>\n\n\n\n<p>Com a vit\u00f3ria no jogo de s\u00e1bado a equipe do Joinville segue invicta na competi\u00e7\u00e3o e jogar\u00e1 o pr\u00f3ximo jogo novamente em casa no dia 2 de maio \u00e0s 19h, contra a equipe do Cascavel em busca de se isolar na lideran\u00e7a do grupo.<\/p>\n","protected":false},"excerpt":{"rendered":"<p>Por Jo\u00e3o Queiroz Na tarde de s\u00e1bado, 25, o Joinville recebeu na Arena Joinville o Santa Catarina, jogo v\u00e1lido pela quarta rodada da S\u00e9rie D do Campeonato Brasileiro. Ap\u00f3s o tricolor catarinense fazer 2 jogos fora de casa contra as equipes Guarany de Bag\u00e9 e o Cianorte, o torcedor catarinense p\u00f4de ver a equipe de [&hellip;]<\/p>\n","protected":false},"author":1,"featured_media":18140,"comment_status":"open","ping_status":"open","sticky":false,"template":"","format":"standard","meta":{"footnotes":""},"categories":[46,2107,2212],"tags":[184,57,944,34],"_links":{"self":[{"href":"https:\/\/revidigital.ielusc.br\/index.php\/wp-json\/wp\/v2\/posts\/18138"}],"collection":[{"href":"https:\/\/revidigital.ielusc.br\/index.php\/wp-json\/wp\/v2\/posts"}],"about":[{"href":"https:\/\/revidigital.ielusc.br\/index.php\/wp-json\/wp\/v2\/types\/post"}],"author":[{"embeddable":true,"href":"https:\/\/revidigital.ielusc.br\/index.php\/wp-json\/wp\/v2\/users\/1"}],"replies":[{"embeddable":true,"href":"https:\/\/revidigital.ielusc.br\/index.php\/wp-json\/wp\/v2\/comments?post=18138"}],"version-history":[{"count":1,"href":"https:\/\/revidigital.ielusc.br\/index.php\/wp-json\/wp\/v2\/posts\/18138\/revisions"}],"predecessor-version":[{"id":18142,"href":"https:\/\/revidigital.ielusc.br\/index.php\/wp-json\/wp\/v2\/posts\/18138\/revisions\/18142"}],"wp:featuredmedia":[{"embeddable":true,"href":"https:\/\/revidigital.ielusc.br\/index.php\/wp-json\/wp\/v2\/media\/18140"}],"wp:attachment":[{"href":"https:\/\/revidigital.ielusc.br\/index.php\/wp-json\/wp\/v2\/media?parent=18138"}],"wp:term":[{"taxonomy":"category","embeddable":true,"href":"https:\/\/revidigital.ielusc.br\/index.php\/wp-json\/wp\/v2\/categories?post=18138"},{"taxonomy":"post_tag","embeddable":true,"href":"https:\/\/revidigital.ielusc.br\/index.php\/wp-json\/wp\/v2\/tags?post=18138"}],"curies":[{"name":"wp","href":"https:\/\/api.w.org\/{rel}","templated":true}]}}