{"id":18148,"date":"2026-04-29T20:45:10","date_gmt":"2026-04-29T23:45:10","guid":{"rendered":"https:\/\/revidigital.ielusc.br\/?p=18148"},"modified":"2026-04-29T20:45:12","modified_gmt":"2026-04-29T23:45:12","slug":"joinville-recebe-encontro-de-fe-e-cultura-no-evento-conexao-luterana","status":"publish","type":"post","link":"https:\/\/revidigital.ielusc.br\/index.php\/2026\/04\/29\/joinville-recebe-encontro-de-fe-e-cultura-no-evento-conexao-luterana\/","title":{"rendered":"Joinville recebe encontro de f\u00e9 e cultura no evento Conex\u00e3o Luterana"},"content":{"rendered":"\n<h3 class=\"wp-block-heading has-text-align-left\">O evento reuniu centenas de pessoas na Pra\u00e7a Nereu Ramos, no Centro<\/h3>\n\n\n\n<p> No \u00faltimo s\u00e1bado, 25 de abril, Joinville foi palco de um evento religioso promovido na Pra\u00e7a Nereu Ramos: o Conex\u00e3o Luterana. O evento reuniu centenas de pessoas ao longo do dia em uma programa\u00e7\u00e3o marcada por f\u00e9, integra\u00e7\u00e3o comunit\u00e1ria e manifesta\u00e7\u00f5es culturais.<\/p>\n\n\n\n<p> Realizado das 10h \u00e0s 16h e com entrada gratuita, o Conex\u00e3o Luterana teve como proposta aproximar a comunidade da tradi\u00e7\u00e3o luterana, ao mesmo tempo em que dialogava com toda a popula\u00e7\u00e3o da cidade. A iniciativa buscou ir al\u00e9m do ambiente religioso tradicional, levando atividades para um espa\u00e7o p\u00fablico central e de grande circula\u00e7\u00e3o.<\/p>\n\n\n\n<p> A programa\u00e7\u00e3o incluiu apresenta\u00e7\u00f5es musicais, atividades culturais, a\u00e7\u00f5es sociais e espa\u00e7os dedicados ao lazer de crian\u00e7as e fam\u00edlias. Al\u00e9m disso, o evento contou com a presen\u00e7a de minist\u00e9rios, organiza\u00e7\u00f5es e iniciativas locais, bem como uma \u00e1rea de alimenta\u00e7\u00e3o com food trucks, criando um ambiente diversificado e acolhedor para diferentes p\u00fablicos.<\/p>\n\n\n\n<figure class=\"wp-block-image size-full is-resized\"><img decoding=\"async\" loading=\"lazy\" src=\"https:\/\/revidigital.ielusc.br\/wp-content\/uploads\/2026\/04\/SaveClip.App_682032032_17868427932610855_8508476177078390122_n.jpg\" alt=\"\" class=\"wp-image-18151\" style=\"width:368px;height:245px\" width=\"368\" height=\"245\"\/><figcaption class=\"wp-element-caption\">Cr\u00e9ditos: Divulga\u00e7\u00e3o <\/figcaption><\/figure>\n\n\n\n<p> Organizadores destacaram que o Conex\u00e3o Luterana foi pensado como um movimento de abertura e conex\u00e3o com a cidade, refor\u00e7ando valores como solidariedade, conviv\u00eancia e espiritualidade. O Pastor S\u00e9rgio Klippel, da Pastoral Universit\u00e1ria da Faculdade IELUSC, destacou a import\u00e2ncia do evento, no sentido de mostrar ainda mais que a igreja Luterana est\u00e1 presente na comunidade e sempre pronta a ajudar a popula\u00e7\u00e3o. O religioso tamb\u00e9m falou da import\u00e2ncia da do Col\u00e9gio Bom Jesus e da Faculdade IELUSC estarem presentes no evento.<\/p>\n\n\n\n<p>\u201cA Faculdade IELUSC, como institui\u00e7\u00e3o Luterana, junto com o col\u00e9gio BONJA, est\u00e1 aqui mostrando os cursos que s\u00e3o oferecidos na duas institui\u00e7\u00f5es, em especial estamos dando destaque ao trabalho de nossas cl\u00ednicas escolas, que s\u00e3o servi\u00e7os que est\u00e3o abertos \u00e0 comunidade. Essa participa\u00e7\u00e3o nos deixa muito felizes, pois \u00e9 uma das maneiras de demonstrarmos gratid\u00e3o por tudo de bom que recebemos da comunidade Joinvilense.\u201d\u00a0\u00a0<\/p>\n\n\n\n<p>\u00a0A expectativa era de que o encontro se consolidasse como o maior evento luterano aberto ao p\u00fablico j\u00e1 realizado em Joinville, fortalecendo os la\u00e7os entre a igreja e a comunidade local.<\/p>\n\n\n\n<p> Ao ocupar um dos principais cart\u00f5es-postais do centro de Joinville, o evento tamb\u00e9m simbolizou a presen\u00e7a hist\u00f3rica da tradi\u00e7\u00e3o luterana na regi\u00e3o, marcada pela influ\u00eancia cultural de imigrantes europeus. Para muitos participantes, o s\u00e1bado foi uma oportunidade n\u00e3o apenas de viv\u00eancia religiosa, mas tamb\u00e9m de encontro, celebra\u00e7\u00e3o e constru\u00e7\u00e3o de v\u00ednculos comunit\u00e1rios.<\/p>\n\n\n\n<p> Com boa ades\u00e3o do p\u00fablico e clima de celebra\u00e7\u00e3o, o Conex\u00e3o Luterana deixa a perspectiva de novas edi\u00e7\u00f5es nos pr\u00f3ximos anos, consolidando-se como um evento relevante no calend\u00e1rio cultural e religioso de Joinville.<\/p>\n","protected":false},"excerpt":{"rendered":"<p>O evento reuniu centenas de pessoas na Pra\u00e7a Nereu Ramos, no Centro No \u00faltimo s\u00e1bado, 25 de abril, Joinville foi palco de um evento religioso promovido na Pra\u00e7a Nereu Ramos: o Conex\u00e3o Luterana. O evento reuniu centenas de pessoas ao longo do dia em uma programa\u00e7\u00e3o marcada por f\u00e9, integra\u00e7\u00e3o comunit\u00e1ria e manifesta\u00e7\u00f5es culturais. Realizado [&hellip;]<\/p>\n","protected":false},"author":35,"featured_media":18149,"comment_status":"open","ping_status":"open","sticky":false,"template":"","format":"standard","meta":{"footnotes":""},"categories":[88,2173,2219,2007,2229],"tags":[90,53,996,48,34,2230,939],"_links":{"self":[{"href":"https:\/\/revidigital.ielusc.br\/index.php\/wp-json\/wp\/v2\/posts\/18148"}],"collection":[{"href":"https:\/\/revidigital.ielusc.br\/index.php\/wp-json\/wp\/v2\/posts"}],"about":[{"href":"https:\/\/revidigital.ielusc.br\/index.php\/wp-json\/wp\/v2\/types\/post"}],"author":[{"embeddable":true,"href":"https:\/\/revidigital.ielusc.br\/index.php\/wp-json\/wp\/v2\/users\/35"}],"replies":[{"embeddable":true,"href":"https:\/\/revidigital.ielusc.br\/index.php\/wp-json\/wp\/v2\/comments?post=18148"}],"version-history":[{"count":2,"href":"https:\/\/revidigital.ielusc.br\/index.php\/wp-json\/wp\/v2\/posts\/18148\/revisions"}],"predecessor-version":[{"id":18153,"href":"https:\/\/revidigital.ielusc.br\/index.php\/wp-json\/wp\/v2\/posts\/18148\/revisions\/18153"}],"wp:featuredmedia":[{"embeddable":true,"href":"https:\/\/revidigital.ielusc.br\/index.php\/wp-json\/wp\/v2\/media\/18149"}],"wp:attachment":[{"href":"https:\/\/revidigital.ielusc.br\/index.php\/wp-json\/wp\/v2\/media?parent=18148"}],"wp:term":[{"taxonomy":"category","embeddable":true,"href":"https:\/\/revidigital.ielusc.br\/index.php\/wp-json\/wp\/v2\/categories?post=18148"},{"taxonomy":"post_tag","embeddable":true,"href":"https:\/\/revidigital.ielusc.br\/index.php\/wp-json\/wp\/v2\/tags?post=18148"}],"curies":[{"name":"wp","href":"https:\/\/api.w.org\/{rel}","templated":true}]}}