{"id":1826,"date":"2019-04-09T15:38:45","date_gmt":"2019-04-09T18:38:45","guid":{"rendered":"http:\/\/revidigital.com.br\/?p=1826"},"modified":"2019-04-09T15:38:45","modified_gmt":"2019-04-09T18:38:45","slug":"academicos-encaram-desafio-de-estudar-e-cuidar-dos-filhos","status":"publish","type":"post","link":"https:\/\/revidigital.ielusc.br\/index.php\/2019\/04\/09\/academicos-encaram-desafio-de-estudar-e-cuidar-dos-filhos\/","title":{"rendered":"Acad\u00eamicos encaram desafio de estudar e cuidar dos filhos"},"content":{"rendered":"<p>Conciliar a <strong>maternidade<\/strong> ou a <strong>paternidade<\/strong> com a faculdade \u00e9 um desafio extra para acad\u00eamicos que trabalham\u00a0 durante o dia e estudam \u00e0 noite. Sobra pouco tempo para ficar com os filhotes e, por vezes, o jeito \u00e9 trazer os pequenos para a faculdade.<\/p>\n<p>T\u00e1rsila Elbert estuda Jornalismo na <strong>Faculdade Ielusc<\/strong> e \u00e9 m\u00e3e de Benjamim. Ela\u00a0revela que, no come\u00e7o, sentia muito medo de ser m\u00e3e. &#8220;Eu acho que a posi\u00e7\u00e3o social da <strong>m\u00e3e<\/strong> \u00e9 muito complicada, as pessoas passam a te olhar de uma maneira diferente quando voc\u00ea \u00e9 m\u00e3e e esse era o meu maior medo: ser julgada por ser m\u00e3e,\u00a0 por acharem que eu tive meu filho muito nova, n\u00e3o saberem que foi uma escolha, enfim, essa era minha maior preocupa\u00e7\u00e3o&#8221;, conta. Ela tamb\u00e9m tinha receio de n\u00e3o dar conta das suas obriga\u00e7\u00f5es maternas. &#8220;Acho que eu fui enganada pela romantiza\u00e7\u00e3o da maternidade, achei que seria de um jeito e, na pr\u00e1tica, a gente v\u00ea que \u00e9 de outro, mas ainda assim vale a pena&#8221;, avalia.<\/p>\n<p>Como teve uma gesta\u00e7\u00e3o de risco, Tarsila foi obrigada a interromper os estudos. &#8220;Eu parei, parei totalmente.\u00a0 Fiquei toda a minha gravidez e um ano e meio do meu filho parada, foram mais de dois anos afastada da faculdade.&#8221; No come\u00e7o do ano passado, ela mudou-se para <strong>Joinville<\/strong> e recome\u00e7ou a estudar.<\/p>\n<p>Para a estudante, muitas vezes m\u00e3es que estudam e trabalham sofrem certa press\u00e3o da sociedade, uma esp\u00e9cie de pr\u00e9-julgamento e condena\u00e7\u00e3o. &#8220;As pessoas pensam que prefiro estudar do que cuidar do meu filho, mas, se fosse por quest\u00e3o de prefer\u00eancia\u00a0 eu ia estar com ele o dia todo, o tempo inteiro, mas eu n\u00e3o tenho essa liberdade, eu tenho que pagar conta, tenho que trabalhar, tenho que estudar&#8221;, desabafa. &#8220;Se hoje eu estou estudando tamb\u00e9m \u00e9 por causa dele, tamb\u00e9m \u00e9 para que eu possa ter um emprego para oferecer o melhor\u00a0 para ele&#8221;, observa.<\/p>\n<p>T\u00e1rsila reconhece a import\u00e2ncia de contar com uma rede de apoio. &#8220;Os meus amigos s\u00e3o maravilhosos com o meu filho, est\u00e3o \u00e0 disposi\u00e7\u00e3o para qualquer coisa que eu precise, e o pai do meu filho \u00e9 extremamente presente. Se n\u00e3o fossem eles, eu jamais conseguiria e eu acho que eu n\u00e3o daria conta&#8221;, explica.\u00a0 H\u00e1 dias em que ela praticamente n\u00e3o v\u00ea o filho, pois sai \u00e0s 6 horas da manh\u00e3 e volta \u00e0s 23 horas. &#8220;Meus amigos t\u00eam consci\u00eancia de que, por mais que eu esteja na faculdade, jogue,\u00a0 fa\u00e7a as coisas que eles fazem, eles t\u00eam no\u00e7\u00e3o de que a minha responsabilidade \u00e9 maior e de que eu n\u00e3o sou uma pessoa sozinha, que tudo que eu vou fazer eu tenho que incluir meu filho.&#8221;<\/p>\n<p>Durante o dia, at\u00e9 \u00e0s 15h, o filho est\u00e1 na escolinha, depois fica com o pai. &#8220;Eu n\u00e3o fa\u00e7o todas as mat\u00e9rias para passar mais tempo com ele,\u00a0 nos finais de semana eu fico o tempo todo com ele&#8221;, afirma.<\/p>\n<h3>Rede de apoio<\/h3>\n<p>Para quem pensa em ser m\u00e3e ou j\u00e1 \u00e9 m\u00e3e e quer estudar, T\u00e1rsila recomenda escolher bem a rede de apoio. Ela se considera uma pessoa de sorte por ter bons amigos que a auxiliam. &#8220;Se voc\u00ea n\u00e3o tem realmente a quem recorrer, existem algumas ONGs e coletivos feministas que ajudam as m\u00e3es. Ent\u00e3o \u00e9 bacana procurar, voc\u00ea n\u00e3o est\u00e1 sozinha&#8221;, destaca.<\/p>\n<p>Ela tamb\u00e9m aconselha as mulheres a n\u00e3o encararem a maternidade enquanto estiverem em d\u00favida se \u00e9 o que realmente desejam. Mais do que condi\u00e7\u00f5es financeiras, ela enfatiza a necessidade de preparo psicol\u00f3gico. &#8220;Quando o seu filho nasce, nasce uma vers\u00e3o nova de voc\u00ea e essa \u00e9 a vers\u00e3o que vai seguir com voc\u00ea para o resto da vida. A \u00fanica coisa que voc\u00ea nunca vai deixar de ser \u00e9 m\u00e3e.&#8221;<\/p>\n<p>&nbsp;<\/p>\n<figure id=\"attachment_1831\" aria-describedby=\"caption-attachment-1831\" style=\"width: 682px\" class=\"wp-caption aligncenter\"><img decoding=\"async\" loading=\"lazy\" class=\"wp-image-1831 size-large\" src=\"http:\/\/revidigital.com.br\/wp-content\/uploads\/2019\/03\/WhatsApp-Image-2019-03-27-at-15.30.07-682x1024.jpeg\" alt=\"\" width=\"682\" height=\"1024\" \/><figcaption id=\"caption-attachment-1831\" class=\"wp-caption-text\">T\u00e1rsila com o pequeno filho Benjamim \/Foto: Cyndria Martins<\/figcaption><\/figure>\n<p>&nbsp;<\/p>\n<h3>Pai na adolesc\u00eancia<\/h3>\n<p>Thiago Firmo, estudante da s\u00e9tima fase do curso de Publicidade e Propaganda da Faculdade Ielusc, \u00e9 <strong>pai<\/strong> de um menino de 12 anos. Ele tinha apenas 18 anos quando seu filho nasceu. &#8220;\u00c9 um baita compromisso, para mim foi muito desafiador ser pai t\u00e3o novo, porque hoje ele tem 12 anos e eu tenho 30. Agora vejo com bons olhos porque ainda sou jovem e tenho um filho adolescente. Ent\u00e3o hoje \u00e9 gostoso, mas antes foi pesado&#8221;, explica.<\/p>\n<p>Conciliar\u00a0 a paternidade com o ensino superior era dif\u00edcil e, por isso, Firmo tirava algumas mat\u00e9rias da grade do curso para passar mais tempo com o filho. &#8220;Eu priorizava meu filho no final de semana. Cada oportunidade de sair mais cedo eu ia para casa pra ficar com ele.&#8221;<\/p>\n<p>Apesar da correria, Thiago nunca cogitou a hip\u00f3tese de abandonar os estudos. &#8220;Eu estava bem decidido e ele tamb\u00e9m sempre foi supercompreensivo.&#8221; O acad\u00eamico sempre teve vontade de ser pai, mas, n\u00e3o esperava que isso fosse ocorrer t\u00e3o cedo.<\/p>\n<p>Para ele, o mais dif\u00edcil \u00e9 equilibrar paternidade e trabalho.\u00a0 &#8220;\u00c0s vezes a gente leva as coisas do trabalho para casa, mas eu tento dedicar momentos para fazermos atividades juntos. \u00c9 muito importante, principalmente na adolesc\u00eancia dele, ele quer tempo, ele quer conversar e temos aquele perrengue de n\u00e3o ficar s\u00f3 conectado no celular, n\u00e3o s\u00f3 jogando, eu tento administrar&#8221;, conta. Como os dois gostam de praticar atividades f\u00edsicas, o final de semana \u00e9 sempre bem aproveitado.<\/p>\n<p>Thiago afirma que a paternidade n\u00e3o\u00a0 deve impedir as pessoas de realizarem seus objetivos. &#8220;Quando eu decidi fazer faculdade, eu senti que era importante para mim, ent\u00e3o eu n\u00e3o deixei de fazer isso porque daqui a pouco o meu filho vai crescer, daqui a pouco ele casa e eu n\u00e3o fiz algo que eu queria ter feito&#8221;, opina.<\/p>\n<p>Assim como T\u00e1rsila, Thiago algumas vezes trouxe o filho para a faculdade. &#8220;Para tudo a gente d\u00e1 um jeito, principalmente quando voc\u00ea quer alguma coisa. Tem formas de buscar ajuda de pessoas pr\u00f3ximas.&#8221; Thiago se define como um pai presente no cotidiano do filho. &#8220;A gente \u00e9 muito pr\u00f3ximo,\u00a0 muito ligado, a gente se fala o tempo todo.&#8221;<\/p>\n<h3>Um sonho realizado<\/h3>\n<p>Casada e m\u00e3e da pequena Rebecca, de um ano,\u00a0 a estudante de Jornalismo Larissa Cruz nunca teve medo de ser m\u00e3e. Ela sempre gostou de crian\u00e7as. Para conciliar a rotina de m\u00e3e com os estudos, ela conta com a ajuda do marido. Para complicar, ela mora em S\u00e3o Francisco do Sul e estuda em Joinville. Houve um per\u00edodo no qual seu pai ficou internado em Joinville o que aumentou o tempo de Larissa fora de casa.<\/p>\n<p>Antes de sair para a faculdade, Larissa deixa a &#8220;papinha&#8221; pronta, fraldas, len\u00e7o umedecido, cobertor &#8211; caso esfrie. &#8220;Para mim n\u00e3o \u00e9 t\u00e3o dif\u00edcil porque tenho um bom parceiro ao meu lado&#8221;, destaca. Quando engravidou, Larissa chegou a pensar em interromper os estudos, mas seu marido a aconselho a voltar o quanto antes.\u00a0O casal tem uma mercearia e dividem todas as tarefas.<\/p>\n<p>A quem pensa em ser m\u00e3e, trabalhar e estudar, Larissa aconselha calma. &#8220;Eu diria para, se poss\u00edvel, fazer uma coisa de cada vez, nunca juntar tudo como eu fiz. A gente suporta, a mulher \u00e9 muito forte, mas eu acho que \u00e9 bom dar um passo de cada vez, esperar o tempo certo, esperar se formar.&#8221; Ela tamb\u00e9m observa que ser m\u00e3e \u00e9 levar um &#8220;choque de realidade&#8221; e uma das li\u00e7\u00f5es \u00e9 reconhecer a necessidade de ajuda de outras pessoas.<\/p>\n<p>Larissa se define como uma pessoa realizada. &#8220;Um dos meus sonhos eu realizei, ser m\u00e3e, faltam outros. Eu me sinto extremamente feliz por ter minha filha, me sinto cansada \u00e0s vezes, mas eu amo tudo isso&#8221;, declara.<\/p>\n<figure id=\"attachment_1919\" aria-describedby=\"caption-attachment-1919\" style=\"width: 715px\" class=\"wp-caption aligncenter\"><img decoding=\"async\" loading=\"lazy\" class=\"wp-image-1919 size-full\" src=\"http:\/\/revidigital.com.br\/wp-content\/uploads\/2019\/04\/Sem-t\u00edtulo.png\" alt=\"\" width=\"715\" height=\"871\" \/><figcaption id=\"caption-attachment-1919\" class=\"wp-caption-text\">Larissa com o marido Silas e a filha Rebecca\/ Foto: Larissa Cruz<\/figcaption><\/figure>\n","protected":false},"excerpt":{"rendered":"<p>Conciliar a maternidade ou a paternidade com a faculdade \u00e9 um desafio extra para acad\u00eamicos que trabalham\u00a0 durante o dia e estudam \u00e0 noite. Sobra pouco tempo para ficar com os filhotes e, por vezes, o jeito \u00e9 trazer os pequenos para a faculdade. T\u00e1rsila Elbert estuda Jornalismo na Faculdade Ielusc e \u00e9 m\u00e3e de [&hellip;]<\/p>\n","protected":false},"author":13,"featured_media":1902,"comment_status":"open","ping_status":"open","sticky":false,"template":"","format":"standard","meta":{"footnotes":""},"categories":[20],"tags":[507,22,508,509,510,511,512,513,478],"_links":{"self":[{"href":"https:\/\/revidigital.ielusc.br\/index.php\/wp-json\/wp\/v2\/posts\/1826"}],"collection":[{"href":"https:\/\/revidigital.ielusc.br\/index.php\/wp-json\/wp\/v2\/posts"}],"about":[{"href":"https:\/\/revidigital.ielusc.br\/index.php\/wp-json\/wp\/v2\/types\/post"}],"author":[{"embeddable":true,"href":"https:\/\/revidigital.ielusc.br\/index.php\/wp-json\/wp\/v2\/users\/13"}],"replies":[{"embeddable":true,"href":"https:\/\/revidigital.ielusc.br\/index.php\/wp-json\/wp\/v2\/comments?post=1826"}],"version-history":[{"count":0,"href":"https:\/\/revidigital.ielusc.br\/index.php\/wp-json\/wp\/v2\/posts\/1826\/revisions"}],"wp:featuredmedia":[{"embeddable":true,"href":"https:\/\/revidigital.ielusc.br\/index.php\/wp-json\/"}],"wp:attachment":[{"href":"https:\/\/revidigital.ielusc.br\/index.php\/wp-json\/wp\/v2\/media?parent=1826"}],"wp:term":[{"taxonomy":"category","embeddable":true,"href":"https:\/\/revidigital.ielusc.br\/index.php\/wp-json\/wp\/v2\/categories?post=1826"},{"taxonomy":"post_tag","embeddable":true,"href":"https:\/\/revidigital.ielusc.br\/index.php\/wp-json\/wp\/v2\/tags?post=1826"}],"curies":[{"name":"wp","href":"https:\/\/api.w.org\/{rel}","templated":true}]}}