{"id":1922,"date":"2019-04-08T16:18:27","date_gmt":"2019-04-08T19:18:27","guid":{"rendered":"http:\/\/revidigital.com.br\/?p=1922"},"modified":"2019-04-08T16:18:27","modified_gmt":"2019-04-08T19:18:27","slug":"jornalista-domingos-aquino-palestra-nesta-quarta-feira","status":"publish","type":"post","link":"https:\/\/revidigital.ielusc.br\/index.php\/2019\/04\/08\/jornalista-domingos-aquino-palestra-nesta-quarta-feira\/","title":{"rendered":"Jornalista Domingos Aquino palestra nesta quarta-feira"},"content":{"rendered":"<p><span style=\"font-weight: 400;\">\u00a0<strong>\u201cMercado de trabalho, tend\u00eancia e perfil profissional\u201d <\/strong>\u00e9 o tema da palestra desta quarta-feira, no anfiteatro da <strong>Faculdade Ielusc<\/strong> (centro). Voltado aos estudantes do curso de Jornalismo e tamb\u00e9m para profissionais da Comunica\u00e7\u00e3o,\u00a0o evento ter\u00e1\u00a0\u00a0<strong>Domingos Aquino <\/strong>como palestrante. <\/span><\/p>\n<p><span style=\"font-weight: 400;\">Graduado em Comunica\u00e7\u00e3o Social \u2013 Jornalismo pela Universidade Federal de Santa Maria-RS, com p\u00f3s-gradua\u00e7\u00e3o em Comunica\u00e7\u00e3o e Marketing pela Univille, Master em Jornalismo para Editores pelo ISE <\/span><i><span style=\"font-weight: 400;\">Business School<\/span><\/i><span style=\"font-weight: 400;\"> em parceria com a Universidade de Navarra, Aquino \u00e9 gerente regional de jornalismo na NSC.<\/span><\/p>\n<p>As mudan\u00e7as no mercado da comunica\u00e7\u00e3o e consequ\u00eancias dessas transforma\u00e7\u00f5es para o perfil dos profissionais est\u00e3o entre os assuntos da noite. A entrada \u00e9 franca. A palestra come\u00e7a \u00e0s 19 horas.<\/p>\n","protected":false},"excerpt":{"rendered":"<p>\u00a0\u201cMercado de trabalho, tend\u00eancia e perfil profissional\u201d \u00e9 o tema da palestra desta quarta-feira, no anfiteatro da Faculdade Ielusc (centro). Voltado aos estudantes do curso de Jornalismo e tamb\u00e9m para profissionais da Comunica\u00e7\u00e3o,\u00a0o evento ter\u00e1\u00a0\u00a0Domingos Aquino como palestrante. Graduado em Comunica\u00e7\u00e3o Social \u2013 Jornalismo pela Universidade Federal de Santa Maria-RS, com p\u00f3s-gradua\u00e7\u00e3o em Comunica\u00e7\u00e3o e [&hellip;]<\/p>\n","protected":false},"author":1,"featured_media":1923,"comment_status":"open","ping_status":"open","sticky":false,"template":"","format":"standard","meta":{"footnotes":""},"categories":[20,78,24],"tags":[514,53,34,515],"_links":{"self":[{"href":"https:\/\/revidigital.ielusc.br\/index.php\/wp-json\/wp\/v2\/posts\/1922"}],"collection":[{"href":"https:\/\/revidigital.ielusc.br\/index.php\/wp-json\/wp\/v2\/posts"}],"about":[{"href":"https:\/\/revidigital.ielusc.br\/index.php\/wp-json\/wp\/v2\/types\/post"}],"author":[{"embeddable":true,"href":"https:\/\/revidigital.ielusc.br\/index.php\/wp-json\/wp\/v2\/users\/1"}],"replies":[{"embeddable":true,"href":"https:\/\/revidigital.ielusc.br\/index.php\/wp-json\/wp\/v2\/comments?post=1922"}],"version-history":[{"count":0,"href":"https:\/\/revidigital.ielusc.br\/index.php\/wp-json\/wp\/v2\/posts\/1922\/revisions"}],"wp:featuredmedia":[{"embeddable":true,"href":"https:\/\/revidigital.ielusc.br\/index.php\/wp-json\/"}],"wp:attachment":[{"href":"https:\/\/revidigital.ielusc.br\/index.php\/wp-json\/wp\/v2\/media?parent=1922"}],"wp:term":[{"taxonomy":"category","embeddable":true,"href":"https:\/\/revidigital.ielusc.br\/index.php\/wp-json\/wp\/v2\/categories?post=1922"},{"taxonomy":"post_tag","embeddable":true,"href":"https:\/\/revidigital.ielusc.br\/index.php\/wp-json\/wp\/v2\/tags?post=1922"}],"curies":[{"name":"wp","href":"https:\/\/api.w.org\/{rel}","templated":true}]}}