{"id":1932,"date":"2019-04-09T17:20:23","date_gmt":"2019-04-09T20:20:23","guid":{"rendered":"http:\/\/revidigital.com.br\/?p=1932"},"modified":"2019-04-09T17:20:23","modified_gmt":"2019-04-09T20:20:23","slug":"turma-de-jornalismo-recebe-radialistas-para-bate-papo","status":"publish","type":"post","link":"https:\/\/revidigital.ielusc.br\/index.php\/2019\/04\/09\/turma-de-jornalismo-recebe-radialistas-para-bate-papo\/","title":{"rendered":"Turma de Jornalismo recebe radialistas para bate-papo"},"content":{"rendered":"<p><span style=\"font-weight: 400;\">Os alunos da quinta fase de Jornalismo da <strong>Faculdade Ielusc<\/strong> receberam, na segunda-feira, os radialistas \u00a0<strong>Bruna Hammes<\/strong> e <strong>Rodrigo Zimmermam<\/strong> para um bate-papo sobre r\u00e1dio. Ambos egressos do Ielusc, Bruna e Rodrigo compartilharam suas experi\u00eancias e perspectivas do jornalismo no r\u00e1dio e no mercado regional. <\/span><\/p>\n<p><span style=\"font-weight: 400;\">A estreia de Bruna como radialista ocorreu aos 17 anos, na R\u00e1dio Udesc FM. Na \u00e9poca ela estudava Qu\u00edmica, mas acabou trancando o curso para ingressar no Jornalismo devido a sua paix\u00e3o pelo r\u00e1dio. Atualmente Bruna trabalha na 89 FM nos programas Tarde Total e Conex\u00e3o Direita. \u201cA R\u00e1dio Udesc foi uma das maiores escolas sobre r\u00e1dio para mim, pois l\u00e1 eu fazia de tudo um pouco\u201d, comenta. <\/span><\/p>\n<p><span style=\"font-weight: 400;\">Rodrigo Zimmermam \u00e9 rep\u00f3rter no Jornal da Manh\u00e3 na Jovem Pan \u00a0News. Segundo ele, o r\u00e1dio tem espa\u00e7o para todo tipo de gente e de atividade e vem crescendo cada vez mais em Joinville. &#8220;\u00c9 a fonte mais confi\u00e1vel e o meio que mais tem abrang\u00eancia no pa\u00eds\u201d, afirmou.\u00a0<\/span><\/p>\n<p>A conversa com Bruna e Rodrigo integrou as atividades da disciplina de Radiojornalismo 3, com a professora Solange Engelmann.<\/p>\n","protected":false},"excerpt":{"rendered":"<p>Os alunos da quinta fase de Jornalismo da Faculdade Ielusc receberam, na segunda-feira, os radialistas \u00a0Bruna Hammes e Rodrigo Zimmermam para um bate-papo sobre r\u00e1dio. Ambos egressos do Ielusc, Bruna e Rodrigo compartilharam suas experi\u00eancias e perspectivas do jornalismo no r\u00e1dio e no mercado regional. A estreia de Bruna como radialista ocorreu aos 17 anos, [&hellip;]<\/p>\n","protected":false},"author":1,"featured_media":1933,"comment_status":"open","ping_status":"open","sticky":false,"template":"","format":"standard","meta":{"footnotes":""},"categories":[20,24],"tags":[516,57,27],"_links":{"self":[{"href":"https:\/\/revidigital.ielusc.br\/index.php\/wp-json\/wp\/v2\/posts\/1932"}],"collection":[{"href":"https:\/\/revidigital.ielusc.br\/index.php\/wp-json\/wp\/v2\/posts"}],"about":[{"href":"https:\/\/revidigital.ielusc.br\/index.php\/wp-json\/wp\/v2\/types\/post"}],"author":[{"embeddable":true,"href":"https:\/\/revidigital.ielusc.br\/index.php\/wp-json\/wp\/v2\/users\/1"}],"replies":[{"embeddable":true,"href":"https:\/\/revidigital.ielusc.br\/index.php\/wp-json\/wp\/v2\/comments?post=1932"}],"version-history":[{"count":0,"href":"https:\/\/revidigital.ielusc.br\/index.php\/wp-json\/wp\/v2\/posts\/1932\/revisions"}],"wp:featuredmedia":[{"embeddable":true,"href":"https:\/\/revidigital.ielusc.br\/index.php\/wp-json\/"}],"wp:attachment":[{"href":"https:\/\/revidigital.ielusc.br\/index.php\/wp-json\/wp\/v2\/media?parent=1932"}],"wp:term":[{"taxonomy":"category","embeddable":true,"href":"https:\/\/revidigital.ielusc.br\/index.php\/wp-json\/wp\/v2\/categories?post=1932"},{"taxonomy":"post_tag","embeddable":true,"href":"https:\/\/revidigital.ielusc.br\/index.php\/wp-json\/wp\/v2\/tags?post=1932"}],"curies":[{"name":"wp","href":"https:\/\/api.w.org\/{rel}","templated":true}]}}