{"id":1952,"date":"2019-04-10T16:43:53","date_gmt":"2019-04-10T19:43:53","guid":{"rendered":"http:\/\/revidigital.com.br\/?p=1952"},"modified":"2019-04-10T16:43:53","modified_gmt":"2019-04-10T19:43:53","slug":"estudantes-entrevistam-jornalistas-da-folha-de-sao-paulo","status":"publish","type":"post","link":"https:\/\/revidigital.ielusc.br\/index.php\/2019\/04\/10\/estudantes-entrevistam-jornalistas-da-folha-de-sao-paulo\/","title":{"rendered":"Estudantes entrevistam jornalistas da Folha de S\u00e3o Paulo"},"content":{"rendered":"<p>Os acad\u00eamicos da s\u00e9tima fase de Jornalismo, Diego Mahs, Leonardo Koch, Liandra Tank e Mariana Costa, entrevistaram os jornalistas do\u00a0<em>Folha de S\u00e3o Paulo<\/em>\u00a0<em><strong>Rodrigo Vizeu<\/strong><\/em> e <em><strong>Mag\u00ea Flores<\/strong><\/em>\u00a0para a disciplina de <em><strong>T\u00f3picos Especiais: G\u00eaneros e Hibrida\u00e7\u00f5es no Jornalismo<\/strong><\/em>, sob a supervis\u00e3o da professora L\u00edvia Vieira.<\/p>\n<p>Rodrigo Vizeu atuou como rep\u00f3rter, editor-assistente de Mundo e editor-adjunto de Poder na Folha de S\u00e3o Paulo. Ele apresentou, em 2018, os podcasts <em><strong>Presidente da Semana<\/strong>,\u00a0<\/em>sobre as hist\u00f3rias dos presidentes brasileiros e <em><strong>Elei\u00e7\u00e3o na Chapa<\/strong>\u00a0<\/em>sobre a disputa eleitoral.<\/p>\n<p>Com passagem pela <em><strong>Globo News<\/strong><\/em> e pela r\u00e1dio <em><strong>CBN<\/strong><\/em>,\u00a0onde come\u00e7ou na reportagem, Mag\u00ea Flores se especializou em jornalismo gastron\u00f4mico em 2012. Na Folha de S\u00e3o Paulo, foi rep\u00f3rter do caderno Comida, da revista S\u00e3o Paulo e redatora da Primeira P\u00e1gina da edi\u00e7\u00e3o impressa do jornal.<\/p>\n<p>Voc\u00ea confere a entrevista com os jornalistas produzida pelos estudantes <a href=\"https:\/\/medium.com\/@miranamidia\/a-arte-de-entrevistar-bem-rep%C3%B3rteres-da-folha-de-s-paulo-d%C3%A3o-dicas-de-entrevista-30fbd5f61285?fbclid=IwAR2cP76e6r59k_ii-xxRwm7GwLcXKiiNsCxVJWBURXQ4msBzb6nilrsf8JI\">aqui\u00a0<\/a>.<\/p>\n","protected":false},"excerpt":{"rendered":"<p>Os acad\u00eamicos da s\u00e9tima fase de Jornalismo, Diego Mahs, Leonardo Koch, Liandra Tank e Mariana Costa, entrevistaram os jornalistas do\u00a0Folha de S\u00e3o Paulo\u00a0Rodrigo Vizeu e Mag\u00ea Flores\u00a0para a disciplina de T\u00f3picos Especiais: G\u00eaneros e Hibrida\u00e7\u00f5es no Jornalismo, sob a supervis\u00e3o da professora L\u00edvia Vieira. Rodrigo Vizeu atuou como rep\u00f3rter, editor-assistente de Mundo e editor-adjunto de [&hellip;]<\/p>\n","protected":false},"author":13,"featured_media":1954,"comment_status":"open","ping_status":"open","sticky":false,"template":"","format":"standard","meta":{"footnotes":""},"categories":[20,26],"tags":[521,375,34],"_links":{"self":[{"href":"https:\/\/revidigital.ielusc.br\/index.php\/wp-json\/wp\/v2\/posts\/1952"}],"collection":[{"href":"https:\/\/revidigital.ielusc.br\/index.php\/wp-json\/wp\/v2\/posts"}],"about":[{"href":"https:\/\/revidigital.ielusc.br\/index.php\/wp-json\/wp\/v2\/types\/post"}],"author":[{"embeddable":true,"href":"https:\/\/revidigital.ielusc.br\/index.php\/wp-json\/wp\/v2\/users\/13"}],"replies":[{"embeddable":true,"href":"https:\/\/revidigital.ielusc.br\/index.php\/wp-json\/wp\/v2\/comments?post=1952"}],"version-history":[{"count":0,"href":"https:\/\/revidigital.ielusc.br\/index.php\/wp-json\/wp\/v2\/posts\/1952\/revisions"}],"wp:featuredmedia":[{"embeddable":true,"href":"https:\/\/revidigital.ielusc.br\/index.php\/wp-json\/"}],"wp:attachment":[{"href":"https:\/\/revidigital.ielusc.br\/index.php\/wp-json\/wp\/v2\/media?parent=1952"}],"wp:term":[{"taxonomy":"category","embeddable":true,"href":"https:\/\/revidigital.ielusc.br\/index.php\/wp-json\/wp\/v2\/categories?post=1952"},{"taxonomy":"post_tag","embeddable":true,"href":"https:\/\/revidigital.ielusc.br\/index.php\/wp-json\/wp\/v2\/tags?post=1952"}],"curies":[{"name":"wp","href":"https:\/\/api.w.org\/{rel}","templated":true}]}}