{"id":3553,"date":"2019-11-07T14:19:49","date_gmt":"2019-11-07T16:19:49","guid":{"rendered":"http:\/\/revidigital.com.br\/?p=3553"},"modified":"2019-11-07T14:19:49","modified_gmt":"2019-11-07T16:19:49","slug":"jornalista-conta-em-livro-sua-luta-contra-o-cancer","status":"publish","type":"post","link":"https:\/\/revidigital.ielusc.br\/index.php\/2019\/11\/07\/jornalista-conta-em-livro-sua-luta-contra-o-cancer\/","title":{"rendered":"Jornalista conta em livro sua luta contra o c\u00e2ncer"},"content":{"rendered":"<p><span style=\"font-weight: 400;\">E se hoje fosse o seu \u00faltimo dia de vida, voc\u00ea diria que est\u00e1 vivendo corretamente? Esse \u00e9 o convite \u00e0 reflex\u00e3o que a jovem <strong>Eloise da Silva<\/strong>, a &#8220;Ise&#8221;, traz em seu livro \u201c<strong>E se n\u00e3o houver o amanh\u00e3<\/strong>?\u201d. Publicada em outubro pela editora Areia, de Joinville, a obra conta a luta da autora contra o c\u00e2ncer e aborda temas do bem viver.\u00a0<\/span><\/p>\n<p><span style=\"font-weight: 400;\">Segundo o Instituto Nacional de C\u00e2ncer, mais de 500 mil casos de <strong>c\u00e2ncer<\/strong> ocorreram no Brasil em 2018. <strong>Ise<\/strong> tem 24 anos e, no ano passado, venceu pela\u00a0 terceira vez\u00a0 aluta contra a doen\u00e7a. O mais recente foi de <strong>pulm\u00e3o<\/strong>, que a obrigou a ficar tr\u00eas meses internada, dois deles na UTI.\u00a0\u00a0<\/span><span style=\"font-weight: 400;\">Os m\u00e9dicos chegaram a acreditar que ela\u00a0 morreria.&#8221;Chamaram minha m\u00e3e para prepar\u00e1-la, pois a perspectiva era de que eu tivesse apenas mais 48 horas de vida&#8221;, lembra.<\/span><\/p>\n<p><span style=\"font-weight: 400;\">Ise foi ent\u00e3o submetida, em abril do ano passado, a uma cirurgia de alto risco para algu\u00e9m com imunidade t\u00e3o debilitada. &#8220;O corte precisava fechar sozinho e isso s\u00f3 ocorreu em fevereiro&#8221;.\u00a0 Ela afirma que o projeto de humaniza\u00e7\u00e3o da UTI do Hospital da Unimed, onde fiou internada, foi fundamental para sua recupera\u00e7\u00e3o, porque permitiu a presen\u00e7a constante de sua m\u00e3e e tamb\u00e9m algumas\u00a0 visitas de sua <strong>cachorra de estima\u00e7\u00e3o<\/strong>, a Mona.<\/span><\/p>\n<figure id=\"attachment_3581\" aria-describedby=\"caption-attachment-3581\" style=\"width: 567px\" class=\"wp-caption alignnone\"><img decoding=\"async\" loading=\"lazy\" class=\"wp-image-3581 size-full\" src=\"http:\/\/revidigital.com.br\/wp-content\/uploads\/2019\/11\/Ise2.jpg\" alt=\"\" width=\"567\" height=\"418\" \/><figcaption id=\"caption-attachment-3581\" class=\"wp-caption-text\">A cachorrinha Mona foi fundamental para a recupera\u00e7\u00e3o de Ise\/ Fotos: Alexandra Fl\u00e1via<\/figcaption><\/figure>\n<p>Assim como Ise, <strong>Mona<\/strong> tamb\u00e9m enfrentou um tipo de c\u00e2ncer. A cachorrinha passou por nove sess\u00f5es de <strong>quimioterapia<\/strong> e ficou curada. A luta de Eloise pela vida come\u00e7ou bem cedo. Aos dois anos passou por cirurgia para retirada de um tumor na cabe\u00e7a. Em 2017 descobriu que tinha melanoma e, ao tratar do c\u00e2ncer de pele, veio a suspeita de c\u00e2ncer no pulm\u00e3o.<\/p>\n<p><span style=\"font-weight: 400;\">A \u00faltima cirurgia acabou por limitar os movimentos do bra\u00e7o direito. Por isso, Ise precisa usar um carro adaptado\u00a0 e passou a usar as vagas para pessoas com defici\u00eancia. \u201cNunca julgue uma pessoa sem a conhecer&#8221;, aconselha a escritora ao contar que j\u00e1 passou por v\u00e1rias situa\u00e7\u00f5es em que as pessoas lan\u00e7am-lhe olhares de reprova\u00e7\u00e3o ao v\u00ea-la numa vaga especial, pois aparentemente ela n\u00e3o tem problemas de mobilidade.<\/span><\/p>\n<p><span style=\"font-weight: 400;\">Outra mensagem de Ise \u00e9 a de que\u00a0 pessoas que sofrem de doen\u00e7as graves n\u00e3o precisam de sentimento de piedade, mas sim de amor, carinho e dignidade. &#8220;Aprendi a n\u00e3o procrastinar, porque a gente n\u00e3o sabe se haver\u00e1 um amanh\u00e3. Eu quase n\u00e3o tive&#8221;, explica.<\/span><\/p>\n<p>Jornalista, egressa da Faculdade Ielusc, Ise j\u00e1 havia abordado o c\u00e2ncer em seu projeto experimental &#8211; uma s\u00e9rie de entrevistas radiof\u00f4nicas com pessoas que enfrentaram a doen\u00e7a &#8211; e no seu Trabalho de Conclus\u00e3o de Curso, em que analisou a cobertura da m\u00eddia joinvilense acerca do c\u00e2ncer de mama. O livro pode ser adquirido por meio de contato direto com autora no seu <a href=\"https:\/\/www.facebook.com\/Ise.Silva.94\">perfil no Facebook<\/a>\u00a0 ou no <a href=\"https:\/\/www.instagram.com\/ise_94\/\">Instagram<\/a>.<\/p>\n<p><img decoding=\"async\" loading=\"lazy\" class=\"alignnone size-full wp-image-3582\" src=\"http:\/\/revidigital.com.br\/wp-content\/uploads\/2019\/11\/Ise-1.jpg\" alt=\"\" width=\"561\" height=\"494\" \/><\/p>\n","protected":false},"excerpt":{"rendered":"<p>E se hoje fosse o seu \u00faltimo dia de vida, voc\u00ea diria que est\u00e1 vivendo corretamente? Esse \u00e9 o convite \u00e0 reflex\u00e3o que a jovem Eloise da Silva, a &#8220;Ise&#8221;, traz em seu livro \u201cE se n\u00e3o houver o amanh\u00e3?\u201d. Publicada em outubro pela editora Areia, de Joinville, a obra conta a luta da autora [&hellip;]<\/p>\n","protected":false},"author":1,"featured_media":3580,"comment_status":"open","ping_status":"open","sticky":false,"template":"","format":"standard","meta":{"footnotes":""},"categories":[14,8,20,4,17],"tags":[170,880,334,881],"_links":{"self":[{"href":"https:\/\/revidigital.ielusc.br\/index.php\/wp-json\/wp\/v2\/posts\/3553"}],"collection":[{"href":"https:\/\/revidigital.ielusc.br\/index.php\/wp-json\/wp\/v2\/posts"}],"about":[{"href":"https:\/\/revidigital.ielusc.br\/index.php\/wp-json\/wp\/v2\/types\/post"}],"author":[{"embeddable":true,"href":"https:\/\/revidigital.ielusc.br\/index.php\/wp-json\/wp\/v2\/users\/1"}],"replies":[{"embeddable":true,"href":"https:\/\/revidigital.ielusc.br\/index.php\/wp-json\/wp\/v2\/comments?post=3553"}],"version-history":[{"count":0,"href":"https:\/\/revidigital.ielusc.br\/index.php\/wp-json\/wp\/v2\/posts\/3553\/revisions"}],"wp:featuredmedia":[{"embeddable":true,"href":"https:\/\/revidigital.ielusc.br\/index.php\/wp-json\/"}],"wp:attachment":[{"href":"https:\/\/revidigital.ielusc.br\/index.php\/wp-json\/wp\/v2\/media?parent=3553"}],"wp:term":[{"taxonomy":"category","embeddable":true,"href":"https:\/\/revidigital.ielusc.br\/index.php\/wp-json\/wp\/v2\/categories?post=3553"},{"taxonomy":"post_tag","embeddable":true,"href":"https:\/\/revidigital.ielusc.br\/index.php\/wp-json\/wp\/v2\/tags?post=3553"}],"curies":[{"name":"wp","href":"https:\/\/api.w.org\/{rel}","templated":true}]}}