{"id":3573,"date":"2019-11-05T17:07:58","date_gmt":"2019-11-05T19:07:58","guid":{"rendered":"http:\/\/revidigital.com.br\/?p=3573"},"modified":"2019-11-05T17:07:58","modified_gmt":"2019-11-05T19:07:58","slug":"alunos-de-telejornalismo-lancam-programa-no-igtv","status":"publish","type":"post","link":"https:\/\/revidigital.ielusc.br\/index.php\/2019\/11\/05\/alunos-de-telejornalismo-lancam-programa-no-igtv\/","title":{"rendered":"Alunos de Telejornalismo lan\u00e7am programa no IGTV"},"content":{"rendered":"<h4><strong>Por J\u00e9ssica Horr\u00a0<\/strong><\/h4>\n<p><span style=\"font-weight: 400;\">Os alunos da <strong>disciplina<\/strong> de <strong>Telejornalismo II<\/strong> da <strong>Faculdade Ielusc<\/strong> lan\u00e7aram ontem (4) a primeira edi\u00e7\u00e3o do programa <strong>&#8220;Que Deselegante!&#8221;<\/strong>. Os epis\u00f3dios, que ser\u00e3o postados toda segunda-feira, re\u00fanem humor, informa\u00e7\u00e3o e dicas para os acad\u00eamicos.\u00a0<\/span><\/p>\n<p><span style=\"font-weight: 400;\">\u00c9 a primeira experi\u00eancia dos acad\u00eamicos com v\u00eddeos verticais, formato que vem sendo explorado por diversos ve\u00edculos jornal\u00edsticos e de entretenimento. Os v\u00eddeos s\u00e3o publicados no <strong>IGTV<\/strong>, ferramenta do<strong> Instagram<\/strong> desenvolvida especialmente para a divulga\u00e7\u00e3o de produ\u00e7\u00f5es nesse formato.<\/span><\/p>\n<p><span style=\"font-weight: 400;\">O <strong>Que Deselegante<\/strong> traz <strong>\u00a0indica\u00e7\u00f5es<\/strong> de <strong>filmes<\/strong>,<strong> s\u00e9ries<\/strong> ou <strong>aplicativos relacionados ao jornalismo<\/strong>, <strong>agenda cultural<\/strong>, <strong>relatos de egressos do curso<\/strong> e <strong>curadoria de mat\u00e9rias de destaque da Revi<\/strong>. Al\u00e9m disso, tamb\u00e9m conta com o quadro <strong>&#8220;Isso o Ielusc N\u00e3o Mostra&#8221;<\/strong>, um compilado de momentos engra\u00e7ados do dia a dia dos acad\u00eamicos que foram registrados em v\u00eddeo e enviados para a produ\u00e7\u00e3o do programa.<\/span><\/p>\n<p><span style=\"font-weight: 400;\">Cada semana traz uma nova equipe respons\u00e1vel pela produ\u00e7\u00e3o do epis\u00f3dio, sempre com a orienta\u00e7\u00e3o da professora da disciplina, <strong>Beatriz Cavenaghi<\/strong>. Quem quiser conferir o epis\u00f3dio e acompanhar os pr\u00f3ximos pode acessar clicando <a href=\"https:\/\/www.instagram.com\/tv\/B4d2iQ8hszW\/?igshid=1rei17pk6sfn3\">aqui<\/a>.<\/span><span style=\"font-weight: 400;\">\u00a0Tamb\u00e9m \u00e9 poss\u00edvel contribuir com os quadros do programa, inclusive o Isso o Ielusc N\u00e3o Mostra, entrando em contato com qualquer aluno da quarta fase.\u00a0<\/span><\/p>\n","protected":false},"excerpt":{"rendered":"<p>Por J\u00e9ssica Horr\u00a0 Os alunos da disciplina de Telejornalismo II da Faculdade Ielusc lan\u00e7aram ontem (4) a primeira edi\u00e7\u00e3o do programa &#8220;Que Deselegante!&#8221;. Os epis\u00f3dios, que ser\u00e3o postados toda segunda-feira, re\u00fanem humor, informa\u00e7\u00e3o e dicas para os acad\u00eamicos.\u00a0 \u00c9 a primeira experi\u00eancia dos acad\u00eamicos com v\u00eddeos verticais, formato que vem sendo explorado por diversos ve\u00edculos [&hellip;]<\/p>\n","protected":false},"author":13,"featured_media":3575,"comment_status":"open","ping_status":"open","sticky":false,"template":"","format":"standard","meta":{"footnotes":""},"categories":[14,20,26],"tags":[885,695,34,886],"_links":{"self":[{"href":"https:\/\/revidigital.ielusc.br\/index.php\/wp-json\/wp\/v2\/posts\/3573"}],"collection":[{"href":"https:\/\/revidigital.ielusc.br\/index.php\/wp-json\/wp\/v2\/posts"}],"about":[{"href":"https:\/\/revidigital.ielusc.br\/index.php\/wp-json\/wp\/v2\/types\/post"}],"author":[{"embeddable":true,"href":"https:\/\/revidigital.ielusc.br\/index.php\/wp-json\/wp\/v2\/users\/13"}],"replies":[{"embeddable":true,"href":"https:\/\/revidigital.ielusc.br\/index.php\/wp-json\/wp\/v2\/comments?post=3573"}],"version-history":[{"count":0,"href":"https:\/\/revidigital.ielusc.br\/index.php\/wp-json\/wp\/v2\/posts\/3573\/revisions"}],"wp:featuredmedia":[{"embeddable":true,"href":"https:\/\/revidigital.ielusc.br\/index.php\/wp-json\/"}],"wp:attachment":[{"href":"https:\/\/revidigital.ielusc.br\/index.php\/wp-json\/wp\/v2\/media?parent=3573"}],"wp:term":[{"taxonomy":"category","embeddable":true,"href":"https:\/\/revidigital.ielusc.br\/index.php\/wp-json\/wp\/v2\/categories?post=3573"},{"taxonomy":"post_tag","embeddable":true,"href":"https:\/\/revidigital.ielusc.br\/index.php\/wp-json\/wp\/v2\/tags?post=3573"}],"curies":[{"name":"wp","href":"https:\/\/api.w.org\/{rel}","templated":true}]}}