{"id":366,"date":"2018-08-30T14:45:08","date_gmt":"2018-08-30T17:45:08","guid":{"rendered":"http:\/\/revidigital.com.br\/?p=366"},"modified":"2018-08-30T14:45:08","modified_gmt":"2018-08-30T17:45:08","slug":"joinville-precisa-vacinar-38-mil-criancas-ate-sabado","status":"publish","type":"post","link":"https:\/\/revidigital.ielusc.br\/index.php\/2018\/08\/30\/joinville-precisa-vacinar-38-mil-criancas-ate-sabado\/","title":{"rendered":"Joinville precisa vacinar 3,8 mil crian\u00e7as at\u00e9 s\u00e1bado"},"content":{"rendered":"<p>A <strong>campanha de vacina\u00e7\u00e3o<\/strong> contra a <strong>poliomielite<\/strong> e o <strong>sarampo<\/strong> termina amanh\u00e3, mas, em Joinville, a unidade de sa\u00fade do Bucarein tamb\u00e9m atender\u00e1 no s\u00e1bado, das 8 \u00e0s 17 horas. O mesmo posto tem hor\u00e1rio especial, at\u00e9 as 21 horas, hoje e sexta-feira.<\/p>\n<figure id=\"attachment_31954\" aria-describedby=\"caption-attachment-31954\" style=\"width: 510px\" class=\"wp-caption alignnone\"><a href=\"http:\/\/www.ielusc.br\/aplicativos\/wordpress_revi\/wp-content\/uploads\/2018\/08\/Vacina-2-Marcelo-Camargo-Ag\u00eancia-Brasil.jpg\"><img decoding=\"async\" loading=\"lazy\" class=\"wp-image-31954 size-large\" src=\"http:\/\/www.ielusc.br\/aplicativos\/wordpress_revi\/wp-content\/uploads\/2018\/08\/Vacina-2-Marcelo-Camargo-Ag\u00eancia-Brasil-510x340.jpg\" alt=\"\" width=\"510\" height=\"340\" \/><\/a><figcaption id=\"caption-attachment-31954\" class=\"wp-caption-text\">Gotinhas afastam risco da paralisia infantil \/Fotos de Marcelo Camargo &#8211; Ag\u00eancia Brasil<\/figcaption><\/figure>\n<p>&nbsp;<\/p>\n<p>Devem se vacinar as crian\u00e7as com idade entre 1 e 5 anos. De acordo com o Setor de <strong>Imuniza\u00e7\u00e3o<\/strong> da Secretaria da Sa\u00fade repassados na manh\u00e3 de hoje,\u00a0 24,5 mil crian\u00e7as j\u00e1 foram imunizadas contra o sarampo (86,6%) e 23,5 mil crian\u00e7as receberam as gotinhas contra a poliomielite (83,1%). A meta \u00e9 atingir, no m\u00ednimo, 95% do p\u00fablico-alvo, ou seja, 28.325 crian\u00e7as.<\/p>\n<p>Na quarta-feira, Sara Maria Santos, 35 anos, levou a filha Maria Flor, de tr\u00eas anos, para ser vacinada na UBS Floresta. Para Sara, \u00e9 importante vacinar as crian\u00e7as para garantir sua imuniza\u00e7\u00e3o contra doen\u00e7as. &#8220;J\u00e1 li alguns textos sobre pais que se recusam a vacinar seus filhos e at\u00e9 acho que h\u00e1 argumentos interessantes, como a inten\u00e7\u00e3o de venda da ind\u00fastria farmac\u00eautica, mas n\u00e3o d\u00e1 pra arriscar&#8221;, afirma. Sara concorda com os estudos que apontam os benef\u00edcios da vacina\u00e7\u00e3o.<\/p>\n<p>Apesar de ter chorado um pouco, Maria Flor ganhou um Certificado de Coragem depois da vacina.<\/p>\n<p><strong>Obriga\u00e7\u00e3o<\/strong><\/p>\n<p>Deixar de vacinar os filhos pode ser considerado um ato de<strong> neglig\u00eancia<\/strong> e at\u00e9 se transformar em crime grave, caso a crian\u00e7a tenha sequelas ou morra em decorr\u00eancia de uma doen\u00e7a que poderia ter sido evitada. O par\u00e1grafo primeiro do artigo 14 do ECA (<strong>Estatuto da Crian\u00e7a e do Adolescente<\/strong>) determina que \u201c\u00e9 obrigat\u00f3ria a vacina\u00e7\u00e3o das crian\u00e7as nos casos recomendados pelas autoridades sanit\u00e1rias\u201d. O descumprimento do calend\u00e1rio de imuniza\u00e7\u00e3o, que \u00e9 um dever dos pais ou respons\u00e1veis, pode levar ao pagamento de multa de 3 a 20 sal\u00e1rios m\u00ednimos e o dobro em caso de reincid\u00eancia. Conforme o ECA, portanto, a vacina\u00e7\u00e3o \u00e9 obrigat\u00f3ria no pa\u00eds.<\/p>\n<p>O sarampo voltou a assustar os brasileiros nos \u00faltimos meses. De acordo com dados do <strong>Minist\u00e9rio da Sa\u00fade<\/strong> divulgados na ter\u00e7a-feira,\u00a0 o pa\u00eds tem 1.553 casos e 7 mortes por sarampo registrados este ano. Outros 6.975 casos est\u00e3o em investiga\u00e7\u00e3o. Os principais focos est\u00e3o na regi\u00e3o Norte, mas 16 casos foram registrados no Rio Grande do Sul.<\/p>\n<figure id=\"attachment_31955\" aria-describedby=\"caption-attachment-31955\" style=\"width: 510px\" class=\"wp-caption alignnone\"><a href=\"http:\/\/www.ielusc.br\/aplicativos\/wordpress_revi\/wp-content\/uploads\/2018\/08\/Vacina-Marcelo-Camargo-Ag\u00eancia-Brasil.jpg\"><img decoding=\"async\" loading=\"lazy\" class=\"size-large wp-image-31955\" src=\"http:\/\/www.ielusc.br\/aplicativos\/wordpress_revi\/wp-content\/uploads\/2018\/08\/Vacina-Marcelo-Camargo-Ag\u00eancia-Brasil-510x340.jpg\" alt=\"\" width=\"510\" height=\"340\" \/><\/a><figcaption id=\"caption-attachment-31955\" class=\"wp-caption-text\">Sarampo j\u00e1 causou sete mortes no Brasil este ano<\/figcaption><\/figure>\n<p>&nbsp;<\/p>\n","protected":false},"excerpt":{"rendered":"<p>A campanha de vacina\u00e7\u00e3o contra a poliomielite e o sarampo termina amanh\u00e3, mas, em Joinville, a unidade de sa\u00fade do Bucarein tamb\u00e9m atender\u00e1 no s\u00e1bado, das 8 \u00e0s 17 horas. O mesmo posto tem hor\u00e1rio especial, at\u00e9 as 21 horas, hoje e sexta-feira. &nbsp; Devem se vacinar as crian\u00e7as com idade entre 1 e 5 [&hellip;]<\/p>\n","protected":false},"author":6,"featured_media":372,"comment_status":"open","ping_status":"open","sticky":false,"template":"","format":"standard","meta":{"footnotes":""},"categories":[17],"tags":[48,114,115,116],"_links":{"self":[{"href":"https:\/\/revidigital.ielusc.br\/index.php\/wp-json\/wp\/v2\/posts\/366"}],"collection":[{"href":"https:\/\/revidigital.ielusc.br\/index.php\/wp-json\/wp\/v2\/posts"}],"about":[{"href":"https:\/\/revidigital.ielusc.br\/index.php\/wp-json\/wp\/v2\/types\/post"}],"author":[{"embeddable":true,"href":"https:\/\/revidigital.ielusc.br\/index.php\/wp-json\/wp\/v2\/users\/6"}],"replies":[{"embeddable":true,"href":"https:\/\/revidigital.ielusc.br\/index.php\/wp-json\/wp\/v2\/comments?post=366"}],"version-history":[{"count":0,"href":"https:\/\/revidigital.ielusc.br\/index.php\/wp-json\/wp\/v2\/posts\/366\/revisions"}],"wp:featuredmedia":[{"embeddable":true,"href":"https:\/\/revidigital.ielusc.br\/index.php\/wp-json\/"}],"wp:attachment":[{"href":"https:\/\/revidigital.ielusc.br\/index.php\/wp-json\/wp\/v2\/media?parent=366"}],"wp:term":[{"taxonomy":"category","embeddable":true,"href":"https:\/\/revidigital.ielusc.br\/index.php\/wp-json\/wp\/v2\/categories?post=366"},{"taxonomy":"post_tag","embeddable":true,"href":"https:\/\/revidigital.ielusc.br\/index.php\/wp-json\/wp\/v2\/tags?post=366"}],"curies":[{"name":"wp","href":"https:\/\/api.w.org\/{rel}","templated":true}]}}