{"id":4196,"date":"2020-03-18T09:01:38","date_gmt":"2020-03-18T12:01:38","guid":{"rendered":"http:\/\/revidigital.com.br\/?p=4196"},"modified":"2020-03-18T09:01:38","modified_gmt":"2020-03-18T12:01:38","slug":"liga-cancela-torneio-universitario-de-comunicacao-e-artes","status":"publish","type":"post","link":"https:\/\/revidigital.ielusc.br\/index.php\/2020\/03\/18\/liga-cancela-torneio-universitario-de-comunicacao-e-artes\/","title":{"rendered":"Liga cancela Torneio Universit\u00e1rio de Comunica\u00e7\u00e3o e Artes"},"content":{"rendered":"<p>O <strong>Torneio Universit\u00e1rio de Comunica\u00e7\u00e3o e Artes (Tuca), <\/strong>um dos principais eventos do meio estudantil, est\u00e1 cancelado por conta do avan\u00e7o da Covid-19 no pa\u00eds.\u00a0 O evento estava programado para os dias <strong>18 a 21 de abril<\/strong> (Feriado de Tiradentes), no interior do Paran\u00e1, na cidade de Prudent\u00f3polis. Esse torneio\u00a0re\u00fane atl\u00e9ticas de<strong> Santa Catarina<\/strong>\u00a0e\u00a0<strong>Paran\u00e1.<\/strong><\/p>\n<p>As modalidades de\u00a0<strong>Futsal<\/strong>, <strong>Handebol<\/strong>, <strong>V\u00f4lei<\/strong>, <strong>Basquete<\/strong> e <strong>V\u00f4lei de Areia <\/strong>s\u00e3o disputadas no Tuca. Al\u00e9m disso, s\u00e3o tr\u00eas dias de festas de integra\u00e7\u00e3o entre as atl\u00e9ticas. A nova data para a realiza\u00e7\u00e3o do torneio somente ser\u00e1 definida quando a situa\u00e7\u00e3o da pandemia do Coronav\u00edrus for solucionada.<\/p>\n<p>Segundo o estudante de Jornalismo e<strong> Diretor de Esporte<\/strong> da <strong>Associa\u00e7\u00e3o Atl\u00e9tica de Comunica\u00e7\u00e3o (AACOM)\u00a0<\/strong>Bernardo Gon\u00e7alves, o valor do pacote para o Tuca continuar\u00e1 o mesmo. &#8220;O valor do pacote \u00e9 todo baseado no que a organiza\u00e7\u00e3o do Tuca repassa pra gente (R$ 195 das festas e R$ 55 de taxas da liga), com exce\u00e7\u00e3o do \u00f4nibus. S\u00f3 ser\u00e1 alterado, se a organiza\u00e7\u00e3o fizer alguma modifica\u00e7\u00e3o&#8221;, comenta. Ainda de acordo com o estudante, o que muda \u00e9 o prazo do pagamento que foi estendido. &#8220;Como o evento n\u00e3o tem nenhuma data programada, a venda de pacotes est\u00e1 congelada&#8221;, destaca.<\/p>\n<p>Bernardo participou da reuni\u00e3o da Liga que definiu o adiamento do Tuca. &#8220;A Liga seguiu as orienta\u00e7\u00f5es do Minist\u00e9rio da Sa\u00fade para n\u00e3o promover\u00a0 grandes aglomera\u00e7\u00f5es de pessoas&#8221;, observa.<\/p>\n<h3><em><strong>Nota Oficial Tuca 2020<\/strong><\/em><\/h3>\n<div id=\"js_7\" class=\"_5pbx userContent _3576\" data-testid=\"post_message\" data-ft=\"{&quot;tn&quot;:&quot;K&quot;}\">\n<div id=\"id_5e7108763ae611315658489\" class=\"text_exposed_root text_exposed\">\n<p>Seguindo o princ\u00edpio de responsabilidade para com a sociedade, a Liga das Atl\u00e9ticas do Tuca vem, por meio desta, informar o adiamento da data do Torneio Universit\u00e1rio de Comunica\u00e7\u00e3o e Artes.<\/p>\n<p>O motivo est\u00e1 relacionado ao monitoramento e acompanhamento do COVID-19, mais conhecido como coronav\u00edrus.<\/p>\n<div class=\"text_exposed_show\">\n<p>Como Liga, entendemos que precau\u00e7\u00f5es devem ser tomadas para evitar o cont\u00e1gio neste per\u00edodo de aumento no n\u00famero de casos.<\/p>\n<p>Por recomenda\u00e7\u00e3o das autoridades de sa\u00fade municipal, estadual e federal, esta medida visa combater a propaga\u00e7\u00e3o do coronav\u00edrus e assegurar o bem-estar e a sa\u00fade de todos, visto que o Tuca \u00e9 formado por atl\u00e9ticas de v\u00e1rias regi\u00f5es dos estados do Paran\u00e1 e Santa Catarina.<\/p>\n<p>Recomendamos seguir as orienta\u00e7\u00f5es de cuidados do Minist\u00e9rio da Sa\u00fade, higienizando as m\u00e3os e evitando locais de aglomera\u00e7\u00e3o e contato pessoal.<\/p>\n<p>Os representantes das atl\u00e9ticas j\u00e1 est\u00e3o cientes da situa\u00e7\u00e3o e fazendo as mudan\u00e7as necess\u00e1rias dos pacotes. Para quem j\u00e1 comprou o pacote e tem alguma d\u00favida procure a respectiva atl\u00e9tica para orienta\u00e7\u00f5es.<\/p>\n<p>Em breve, uma nova data ser\u00e1 divulgada para que voc\u00ea possa se programar para curtir o melhor jogos do Sul do Mundo!<\/p>\n<p>Agradecemos a compreens\u00e3o.<\/p>\n<p>Curitiba, 14 de mar\u00e7o de 2020.<\/p>\n<p>Liga das Atl\u00e9ticas do TUCA 2020<\/p>\n<\/div>\n<\/div>\n<\/div>\n<div class=\"_3x-2\" data-ft=\"{&quot;tn&quot;:&quot;H&quot;}\">\n<div data-ft=\"{&quot;tn&quot;:&quot;H&quot;}\">\n<div class=\"mtm\">\n<div>\n<div class=\"_1ktf\" data-ft=\"{&quot;tn&quot;:&quot;E&quot;}\"><\/div>\n<\/div>\n<\/div>\n<\/div>\n<\/div>\n","protected":false},"excerpt":{"rendered":"<p>O Torneio Universit\u00e1rio de Comunica\u00e7\u00e3o e Artes (Tuca), um dos principais eventos do meio estudantil, est\u00e1 cancelado por conta do avan\u00e7o da Covid-19 no pa\u00eds.\u00a0 O evento estava programado para os dias 18 a 21 de abril (Feriado de Tiradentes), no interior do Paran\u00e1, na cidade de Prudent\u00f3polis. Esse torneio\u00a0re\u00fane atl\u00e9ticas de Santa Catarina\u00a0e\u00a0Paran\u00e1. As [&hellip;]<\/p>\n","protected":false},"author":13,"featured_media":4198,"comment_status":"open","ping_status":"open","sticky":false,"template":"","format":"standard","meta":{"footnotes":""},"categories":[20,46,78,17,30],"tags":[1017,714,1010,1018,361,1019,1020],"_links":{"self":[{"href":"https:\/\/revidigital.ielusc.br\/index.php\/wp-json\/wp\/v2\/posts\/4196"}],"collection":[{"href":"https:\/\/revidigital.ielusc.br\/index.php\/wp-json\/wp\/v2\/posts"}],"about":[{"href":"https:\/\/revidigital.ielusc.br\/index.php\/wp-json\/wp\/v2\/types\/post"}],"author":[{"embeddable":true,"href":"https:\/\/revidigital.ielusc.br\/index.php\/wp-json\/wp\/v2\/users\/13"}],"replies":[{"embeddable":true,"href":"https:\/\/revidigital.ielusc.br\/index.php\/wp-json\/wp\/v2\/comments?post=4196"}],"version-history":[{"count":0,"href":"https:\/\/revidigital.ielusc.br\/index.php\/wp-json\/wp\/v2\/posts\/4196\/revisions"}],"wp:featuredmedia":[{"embeddable":true,"href":"https:\/\/revidigital.ielusc.br\/index.php\/wp-json\/"}],"wp:attachment":[{"href":"https:\/\/revidigital.ielusc.br\/index.php\/wp-json\/wp\/v2\/media?parent=4196"}],"wp:term":[{"taxonomy":"category","embeddable":true,"href":"https:\/\/revidigital.ielusc.br\/index.php\/wp-json\/wp\/v2\/categories?post=4196"},{"taxonomy":"post_tag","embeddable":true,"href":"https:\/\/revidigital.ielusc.br\/index.php\/wp-json\/wp\/v2\/tags?post=4196"}],"curies":[{"name":"wp","href":"https:\/\/api.w.org\/{rel}","templated":true}]}}