{"id":4202,"date":"2020-03-18T09:33:34","date_gmt":"2020-03-18T12:33:34","guid":{"rendered":"http:\/\/revidigital.com.br\/?p=4202"},"modified":"2020-03-18T09:33:34","modified_gmt":"2020-03-18T12:33:34","slug":"santa-catarina-esta-em-estado-de-emergencia-e-com-medidas-restritivas","status":"publish","type":"post","link":"https:\/\/revidigital.ielusc.br\/index.php\/2020\/03\/18\/santa-catarina-esta-em-estado-de-emergencia-e-com-medidas-restritivas\/","title":{"rendered":"Santa Catarina est\u00e1 em estado de emerg\u00eancia e com medidas restritivas"},"content":{"rendered":"<p>Na tarde de ontem, o <strong>governador<\/strong> Carlos Mois\u00e9s decretou situa\u00e7\u00e3o de<strong> emerg\u00eancia<\/strong> em <strong>Santa Catarina<\/strong>, em decorr\u00eancia do avan\u00e7o da <strong>pandemia<\/strong> de <strong>coronav\u00edrus<\/strong>. Uma s\u00e9rie de <strong>medidas restritivas<\/strong> ser\u00e3o adotadas\u00a0 pelos pr\u00f3ximos sete dias, numa tentativa de conter a prolifera\u00e7\u00e3o do <strong>v\u00edrus<\/strong> no estado. A decis\u00e3o foi tomada ap\u00f3s o primeiro registro de transmiss\u00e3o comunit\u00e1ria da <strong>Covid-19<\/strong> em territ\u00f3rio catarinense, ou seja, quando n\u00e3o \u00e9 poss\u00edvel saber a origem da contamina\u00e7\u00e3o.<strong> Suspens\u00e3o<\/strong> do transporte coletivo urbano municipal, intermunicipal e interestadual de passageiros,\u00a0 proibi\u00e7\u00e3o do funcionamento de com\u00e9rcio, academias e restaurantes est\u00e3o entre as restri\u00e7\u00f5es.<\/p>\n<p>Neste per\u00edodo, apenas servi\u00e7os considerados essenciais, como farm\u00e1cias, supermercados, unidades de sa\u00fade, postos de combust\u00edvel e distribuidoras de g\u00e1s e \u00e1gua poder\u00e3o funcionar normalmente. Os servi\u00e7os p\u00fablicos ser\u00e3o exercidos por meio digital ou remoto, exceto aqueles essenciais que necessitam de atendimento presencial.<\/p>\n<p>Ap\u00f3s os sete dias, a contar da publica\u00e7\u00e3o do <a href=\"https:\/\/www.sc.gov.br\/images\/Secom_Noticias\/Documentos\/VERS%C3%83O_ASSINADA.pdf\">decreto<\/a> no Di\u00e1rio Oficial, haver\u00e1\u00a0 nova avalia\u00e7\u00e3o para verificar se h\u00e1 necessidade de prorroga\u00e7\u00e3o.\u00a0\u201c\u00c9 uma medida restritiva dif\u00edcil, mas necess\u00e1ria para que a gente tenha resultados positivos e consiga conter o avan\u00e7o da doen\u00e7a, ao contr\u00e1rio do que aconteceu em outros pa\u00edses\u201d, destacou o governador.<\/p>\n<figure id=\"attachment_4205\" aria-describedby=\"caption-attachment-4205\" style=\"width: 764px\" class=\"wp-caption alignnone\"><img decoding=\"async\" loading=\"lazy\" class=\"wp-image-4205 size-full\" src=\"http:\/\/revidigital.com.br\/wp-content\/uploads\/2020\/03\/Mois\u00e9s2.jpg\" alt=\"\" width=\"764\" height=\"424\" \/><figcaption id=\"caption-attachment-4205\" class=\"wp-caption-text\">Estado j\u00e1 registra transmiss\u00e3o comunit\u00e1ria do v\u00edrus, o que motivou as restri\u00e7\u00f5es anunciadas por Mois\u00e9s<\/figcaption><\/figure>\n<p>Com a transmiss\u00e3o comunit\u00e1ria dentro do estado, sem se saber a origem, Santa Catarina passa de situa\u00e7\u00e3o de perigo iminente (n\u00edvel 2) para emerg\u00eancia em sa\u00fade p\u00fablica (n\u00edvel 3). \u201cO melhor local para ficar agora \u00e9 em casa. Sem circular nas ruas, sem se expor ao conv\u00edvio com outras pessoas, porque isso pode transmitir o v\u00edrus. Precisamos evitar o colapso do sistema de sa\u00fade\u201d, frisou o secret\u00e1rio de Estado da Sa\u00fade, Helton de Souza Zeferino.<\/p>\n<p>A Alesc (Assembleia Legislativa de Santa Catarina) e o Tribunal de Contas do Estado anunciaram o repasse de R$ 20 milh\u00f5es cada para auxiliar no combate ao coronav\u00edrus. O MPSC (Minist\u00e9rio P\u00fablico de Santa Catarina) tamb\u00e9m demonstrou inten\u00e7\u00e3o de destinar de 6\u00a0 a 8 milh\u00f5es de reais.<\/p>\n<h3>O que muda com o decreto<\/h3>\n<ul>\n<li>Suspens\u00e3o da circula\u00e7\u00e3o do transporte coletivo urbano municipal, intermunicipal e interestadual de passageiros;<\/li>\n<li>Suspens\u00e3o de atividades e servi\u00e7os privados n\u00e3o essenciais, a exemplo de academias, shopping centers, restaurantes e com\u00e9rcio em geral;<\/li>\n<li>Atividades e servi\u00e7os p\u00fablicos n\u00e3o essenciais, no \u00e2mbito municipal, estadual e federal ser\u00e3o realizadas de forma remota, isto \u00e9, os servidores trabalham em casa e atendimento ao p\u00fablico \u00e9 feito pela internet;<\/li>\n<li>Suspens\u00e3o de entrada de novos h\u00f3spedes no setor hoteleiro, mediante regulamenta\u00e7\u00e3o por portaria espec\u00edfica;<\/li>\n<li>Eventos e reuni\u00f5es de qualquer natureza, de car\u00e1ter p\u00fablico ou privado, inclusive excurs\u00f5es, cursos presenciais, missas e cultos religiosos ficam suspensos em todo o territ\u00f3rio catarinense por 30 dias;<\/li>\n<li>As ind\u00fastrias dever\u00e3o operar em sua capacidade m\u00ednima necess\u00e1ria nas regi\u00f5es em que j\u00e1 tenha sido identificado o cont\u00e1gio comunit\u00e1rio.<\/li>\n<\/ul>\n<p>&nbsp;<\/p>\n<p>&nbsp;<\/p>\n","protected":false},"excerpt":{"rendered":"<p>Na tarde de ontem, o governador Carlos Mois\u00e9s decretou situa\u00e7\u00e3o de emerg\u00eancia em Santa Catarina, em decorr\u00eancia do avan\u00e7o da pandemia de coronav\u00edrus. Uma s\u00e9rie de medidas restritivas ser\u00e3o adotadas\u00a0 pelos pr\u00f3ximos sete dias, numa tentativa de conter a prolifera\u00e7\u00e3o do v\u00edrus no estado. A decis\u00e3o foi tomada ap\u00f3s o primeiro registro de transmiss\u00e3o comunit\u00e1ria [&hellip;]<\/p>\n","protected":false},"author":5,"featured_media":4203,"comment_status":"open","ping_status":"open","sticky":false,"template":"","format":"standard","meta":{"footnotes":""},"categories":[97,20,17],"tags":[1003,1010,1021,1022,321],"_links":{"self":[{"href":"https:\/\/revidigital.ielusc.br\/index.php\/wp-json\/wp\/v2\/posts\/4202"}],"collection":[{"href":"https:\/\/revidigital.ielusc.br\/index.php\/wp-json\/wp\/v2\/posts"}],"about":[{"href":"https:\/\/revidigital.ielusc.br\/index.php\/wp-json\/wp\/v2\/types\/post"}],"author":[{"embeddable":true,"href":"https:\/\/revidigital.ielusc.br\/index.php\/wp-json\/wp\/v2\/users\/5"}],"replies":[{"embeddable":true,"href":"https:\/\/revidigital.ielusc.br\/index.php\/wp-json\/wp\/v2\/comments?post=4202"}],"version-history":[{"count":0,"href":"https:\/\/revidigital.ielusc.br\/index.php\/wp-json\/wp\/v2\/posts\/4202\/revisions"}],"wp:featuredmedia":[{"embeddable":true,"href":"https:\/\/revidigital.ielusc.br\/index.php\/wp-json\/"}],"wp:attachment":[{"href":"https:\/\/revidigital.ielusc.br\/index.php\/wp-json\/wp\/v2\/media?parent=4202"}],"wp:term":[{"taxonomy":"category","embeddable":true,"href":"https:\/\/revidigital.ielusc.br\/index.php\/wp-json\/wp\/v2\/categories?post=4202"},{"taxonomy":"post_tag","embeddable":true,"href":"https:\/\/revidigital.ielusc.br\/index.php\/wp-json\/wp\/v2\/tags?post=4202"}],"curies":[{"name":"wp","href":"https:\/\/api.w.org\/{rel}","templated":true}]}}