{"id":4217,"date":"2020-03-21T11:52:45","date_gmt":"2020-03-21T14:52:45","guid":{"rendered":"http:\/\/revidigital.com.br\/?p=4217"},"modified":"2020-03-21T11:52:45","modified_gmt":"2020-03-21T14:52:45","slug":"em-casa-alunos-da-faculdade-ielusc-tem-aulas-pela-internet","status":"publish","type":"post","link":"https:\/\/revidigital.ielusc.br\/index.php\/2020\/03\/21\/em-casa-alunos-da-faculdade-ielusc-tem-aulas-pela-internet\/","title":{"rendered":"Em casa, alunos da Faculdade Ielusc t\u00eam aulas pela internet"},"content":{"rendered":"<p>Todos os cursos da <strong>Faculdade Ielusc<\/strong> realizam, desde quinta-feira (19), aulas por meio de <strong>videoconfer\u00eancias<\/strong>, atividades no Google Classroom e outros dispositivos da <strong>internet<\/strong>. Por conta da <strong>pandemia<\/strong> do <strong>Coronav\u00edrus<\/strong>, os professores tiveram dois dias (ter\u00e7a e quarta-feira) para readequarem seus planos de ensino e metodologias, a fim de que os estudantes n\u00e3o sofram perdas nem descontinuidade do conte\u00fado.<\/p>\n<p>Mesmo a dist\u00e2ncia, os professores e coordenadores trocaram informa\u00e7\u00f5es e experi\u00eancias pelos grupos de whatsapp. &#8220;Podemos dizer que as aulas s\u00e3o presenciais com uso de <strong>meios remotos<\/strong>, pois os alunos est\u00e3o ali, participando efetivamente da aula em <strong>tempo real<\/strong>, assim como o professor&#8221;, comentou a professora Mariana Datria Schulze.<\/p>\n<p><strong>Atividades interdisciplinares<\/strong> sobre as consequ\u00eancias da pandemia tamb\u00e9m est\u00e3o programadas para os pr\u00f3ximos dias. Nas redes, postagens e relatos das aulas s\u00e3o publicados.<\/p>\n<div class=\"mceTemp\"><\/div>\n<figure id=\"attachment_4213\" aria-describedby=\"caption-attachment-4213\" style=\"width: 560px\" class=\"wp-caption alignnone\"><img decoding=\"async\" loading=\"lazy\" class=\"wp-image-4213 size-full\" src=\"http:\/\/revidigital.com.br\/wp-content\/uploads\/2020\/03\/teleaula.jpg\" alt=\"\" width=\"560\" height=\"300\" \/><figcaption id=\"caption-attachment-4213\" class=\"wp-caption-text\">Aulas de Sistemas para Internet e Publicidade e Propaganda em tempo real<\/figcaption><\/figure>\n<p>A professora Maria Elisa M\u00e1ximo, doutora em Antropologia, d\u00e1 aulas para v\u00e1rios cursos. Entre as metodologias adotadas para esse per\u00edodo, ela lan\u00e7ou o canal <strong>Quarentena Pedag\u00f3gica<\/strong>, no Youtube. No primeiro epis\u00f3dio, Elisa falou sobre o livro <em>No Tempo das Cat\u00e1strofes<\/em>, de Isabelle Stengers, para provocar reflex\u00f5es sobre o momento atual.<\/p>\n<p>&#8220;N\u00e3o estamos usando o termo ensino a dist\u00e2ncia, porque as aulas presenciais s\u00e3o um valor para a Faculdade Ielusc, ainda que a gente utilize sempre a tecnologia, n\u00f3s prezamos muito o encontro presencial&#8221;, afirma.<\/p>\n<p>Veja o v\u00eddeo de abertura da Quarentena Pedag\u00f3gica <a href=\"https:\/\/www.youtube.com\/watch?v=cYJr0ncn7lM&amp;t=11s\">aqui<\/a>.<\/p>\n<p>A professora Mar\u00edlia Crispi de Moraes, escreveu um relato sobre o encontro virtual com os alunos da 1\u00aa fase de Publicidade e Propaganda:<\/p>\n<blockquote><p>Ainda faltam 15 minutos para o in\u00edcio da aula, mas os alunos j\u00e1 come\u00e7am a chegar. Cumprimentam-se, fazem brincadeiras uns com os outros, querem saber quem j\u00e1 fez o trabalho solicitado por um professor&#8230; Parece um dia letivo qualquer, mas o som da conversa animada vem do meu quarto, onde o computador est\u00e1 pronto para uma videoconfer\u00eancia.<\/p>\n<p>Logo os assuntos triviais cedem lugar \u00e0s tens\u00f5es de cada um. V\u00eam o medo de perder o emprego, a incerteza de ter dinheiro para os compromissos dos pr\u00f3ximos meses, o relato de uma tosse junto com a d\u00favida de ir ou n\u00e3o ao posto de sa\u00fade, a preocupa\u00e7\u00e3o com os av\u00f3s. Vem a solidariedade das palavras de conforto. \u00c9 minha primeira noite de aula remota com os calouros de Publicidade e Propaganda da Faculdade Ielusc. Eles est\u00e3o em suas casas; eu, na minha. Separados pelo Coronav\u00edrus, unidos pela esperan\u00e7a em dias melhores.<\/p>\n<p>Quando ligo a c\u00e2mera, o microfone e conto que estava ouvindo a conversa, eles retomam o tom bem-humorado. Come\u00e7amos a aula. A participa\u00e7\u00e3o vai fluindo pelo chat ou por voz. Trazem exemplos, silenciam no momento da explica\u00e7\u00e3o, todos parecem imbu\u00eddos do mesmo esfor\u00e7o: impedir que a pandemia do Covid-19 retire de n\u00f3s a for\u00e7a de vontade, a capacidade de resistir, a oportunidade de aprender.<\/p>\n<p>Ainda n\u00e3o sabemos ao certo quantas e quais ser\u00e3o as li\u00e7\u00f5es que aprenderemos com a pandemia, mas, quando tudo isso passar, s\u00f3 queremos estar juntos.<\/p><\/blockquote>\n<p>&nbsp;<\/p>\n<p>&nbsp;<\/p>\n","protected":false},"excerpt":{"rendered":"<p>Todos os cursos da Faculdade Ielusc realizam, desde quinta-feira (19), aulas por meio de videoconfer\u00eancias, atividades no Google Classroom e outros dispositivos da internet. Por conta da pandemia do Coronav\u00edrus, os professores tiveram dois dias (ter\u00e7a e quarta-feira) para readequarem seus planos de ensino e metodologias, a fim de que os estudantes n\u00e3o sofram perdas [&hellip;]<\/p>\n","protected":false},"author":16,"featured_media":4214,"comment_status":"open","ping_status":"open","sticky":false,"template":"","format":"standard","meta":{"footnotes":""},"categories":[97,20,4,24,17],"tags":[1023,1003,1010,57,570,1024],"_links":{"self":[{"href":"https:\/\/revidigital.ielusc.br\/index.php\/wp-json\/wp\/v2\/posts\/4217"}],"collection":[{"href":"https:\/\/revidigital.ielusc.br\/index.php\/wp-json\/wp\/v2\/posts"}],"about":[{"href":"https:\/\/revidigital.ielusc.br\/index.php\/wp-json\/wp\/v2\/types\/post"}],"author":[{"embeddable":true,"href":"https:\/\/revidigital.ielusc.br\/index.php\/wp-json\/wp\/v2\/users\/16"}],"replies":[{"embeddable":true,"href":"https:\/\/revidigital.ielusc.br\/index.php\/wp-json\/wp\/v2\/comments?post=4217"}],"version-history":[{"count":0,"href":"https:\/\/revidigital.ielusc.br\/index.php\/wp-json\/wp\/v2\/posts\/4217\/revisions"}],"wp:featuredmedia":[{"embeddable":true,"href":"https:\/\/revidigital.ielusc.br\/index.php\/wp-json\/"}],"wp:attachment":[{"href":"https:\/\/revidigital.ielusc.br\/index.php\/wp-json\/wp\/v2\/media?parent=4217"}],"wp:term":[{"taxonomy":"category","embeddable":true,"href":"https:\/\/revidigital.ielusc.br\/index.php\/wp-json\/wp\/v2\/categories?post=4217"},{"taxonomy":"post_tag","embeddable":true,"href":"https:\/\/revidigital.ielusc.br\/index.php\/wp-json\/wp\/v2\/tags?post=4217"}],"curies":[{"name":"wp","href":"https:\/\/api.w.org\/{rel}","templated":true}]}}