{"id":4224,"date":"2020-03-25T14:37:53","date_gmt":"2020-03-25T17:37:53","guid":{"rendered":"http:\/\/revidigital.com.br\/?p=4224"},"modified":"2020-03-25T14:37:53","modified_gmt":"2020-03-25T17:37:53","slug":"faculdade-divulga-nota-de-esclarecimento-sobre-ensino-remoto-durante-quarentena","status":"publish","type":"post","link":"https:\/\/revidigital.ielusc.br\/index.php\/2020\/03\/25\/faculdade-divulga-nota-de-esclarecimento-sobre-ensino-remoto-durante-quarentena\/","title":{"rendered":"Faculdade divulga nota de esclarecimento sobre ensino remoto durante quarentena"},"content":{"rendered":"<p>O diretor de Ensino Superior da <strong>Faculdade Ielusc<\/strong>,\u00a0Paulo Renato Manetzeder Aires, divulgou nota de esclarecimento na manh\u00e3 de hoje. Ele explica que, durante o per\u00edodo de <strong>quarentena<\/strong> imposto pela pandemia do <strong>Coronav\u00edrus<\/strong>, a faculdade adota o &#8220;<strong>ensino\u00a0remoto<\/strong>&#8221; e n\u00e3o EAD. A diferen\u00e7a est\u00e1 no fato de que as aulas continuam sendo preparadas e ministradas pelos professores titulares das disciplinas e n\u00e3o por tutores. Al\u00e9m disso, n\u00e3o h\u00e1 uso de plataformas com conte\u00fados autoinstrucionais.<\/p>\n<p>O diretor destacou que 85% dos docentes da Faculdade possuem mestrado ou doutorado. &#8220;A educa\u00e7\u00e3o remota que hoje praticamos d\u00e1-se com os melhores recursos dispon\u00edveis para o momento (e somente em raz\u00e3o dele), com a continuidade das atividades e a sequ\u00eancia do plano de conte\u00fados das aulas inicialmente planejadas de forma presencial&#8221;, observou.<\/p>\n<p>O ensino remoto, conforme Aires,\u00a0 \u00e9 a solu\u00e7\u00e3o\u00a0 que mais atende aos prop\u00f3sitos de resguardar a seguran\u00e7a da comunidade acad\u00eamica e, ao mesmo tempo, manter o fluxo do calend\u00e1rio letivo de 2020, sem preju\u00edzo das atividades e conte\u00fados previstos na fase atual de cada curso.<\/p>\n<p><a href=\"http:\/\/faculdade.ielusc.br\/arquivos\/noticia\/nota-do-diretor-da-faculdade-ielusc\/\">Leia aqui a nota de esclarecimento completa.<\/a><\/p>\n<p>&nbsp;<\/p>\n","protected":false},"excerpt":{"rendered":"<p>O diretor de Ensino Superior da Faculdade Ielusc,\u00a0Paulo Renato Manetzeder Aires, divulgou nota de esclarecimento na manh\u00e3 de hoje. Ele explica que, durante o per\u00edodo de quarentena imposto pela pandemia do Coronav\u00edrus, a faculdade adota o &#8220;ensino\u00a0remoto&#8221; e n\u00e3o EAD. A diferen\u00e7a est\u00e1 no fato de que as aulas continuam sendo preparadas e ministradas pelos [&hellip;]<\/p>\n","protected":false},"author":5,"featured_media":4225,"comment_status":"open","ping_status":"open","sticky":false,"template":"","format":"standard","meta":{"footnotes":""},"categories":[97,20,4,24,17],"tags":[1003,1025,57,1026],"_links":{"self":[{"href":"https:\/\/revidigital.ielusc.br\/index.php\/wp-json\/wp\/v2\/posts\/4224"}],"collection":[{"href":"https:\/\/revidigital.ielusc.br\/index.php\/wp-json\/wp\/v2\/posts"}],"about":[{"href":"https:\/\/revidigital.ielusc.br\/index.php\/wp-json\/wp\/v2\/types\/post"}],"author":[{"embeddable":true,"href":"https:\/\/revidigital.ielusc.br\/index.php\/wp-json\/wp\/v2\/users\/5"}],"replies":[{"embeddable":true,"href":"https:\/\/revidigital.ielusc.br\/index.php\/wp-json\/wp\/v2\/comments?post=4224"}],"version-history":[{"count":0,"href":"https:\/\/revidigital.ielusc.br\/index.php\/wp-json\/wp\/v2\/posts\/4224\/revisions"}],"wp:featuredmedia":[{"embeddable":true,"href":"https:\/\/revidigital.ielusc.br\/index.php\/wp-json\/"}],"wp:attachment":[{"href":"https:\/\/revidigital.ielusc.br\/index.php\/wp-json\/wp\/v2\/media?parent=4224"}],"wp:term":[{"taxonomy":"category","embeddable":true,"href":"https:\/\/revidigital.ielusc.br\/index.php\/wp-json\/wp\/v2\/categories?post=4224"},{"taxonomy":"post_tag","embeddable":true,"href":"https:\/\/revidigital.ielusc.br\/index.php\/wp-json\/wp\/v2\/tags?post=4224"}],"curies":[{"name":"wp","href":"https:\/\/api.w.org\/{rel}","templated":true}]}}