{"id":4228,"date":"2020-03-30T12:23:56","date_gmt":"2020-03-30T15:23:56","guid":{"rendered":"http:\/\/revidigital.com.br\/?p=4228"},"modified":"2020-03-30T12:23:56","modified_gmt":"2020-03-30T15:23:56","slug":"acij-entrega-materiais-e-respiradores-ao-hospital-sao-jose","status":"publish","type":"post","link":"https:\/\/revidigital.ielusc.br\/index.php\/2020\/03\/30\/acij-entrega-materiais-e-respiradores-ao-hospital-sao-jose\/","title":{"rendered":"Acij entrega materiais e respiradores ao Hospital S\u00e3o Jos\u00e9"},"content":{"rendered":"<h3><em>Por Ana Keller &#8211; Jornalista JP 5206-SC\/ Fotos Carlos J\u00fanior -Acij<\/em><\/h3>\n<p>A <strong>Associa\u00e7\u00e3o Empresarial de Joinville<\/strong> (<strong>Acij<\/strong>), por meio do seu comit\u00ea de<br \/>\ncrise, deu in\u00edcio a entrega de parte dos equipamentos adquiridos para<br \/>\naux\u00edlio ao sistema de sa\u00fade. Ao <strong>Hospital Municipal S\u00e3o Jos\u00e9<\/strong> foram<br \/>\nentregues mil <strong>macac\u00f5es<\/strong> e dois <strong>respiradores<\/strong> adquiridos no mercado<br \/>\nnacional para atendimento de pessoas com <strong>coronav\u00edrus<\/strong> (<strong>Covid-19<\/strong>).<\/p>\n<p>Na quarta-feira (25),\u00a0200 macac\u00f5es e os respiradores foram entregues ao secret\u00e1rio Municipal da <strong>Sa\u00fade<\/strong>, Jean Rodrigues. Na sexta-feira, 26, a ACIJ concluiu a entrega dos outros<br \/>\n800 macac\u00f5es no almoxarifado do \u00f3rg\u00e3o de sa\u00fade. Os materiais ser\u00e3o<br \/>\nusados por profissionais que atuam no hospital, em Unidades de Pronto<br \/>\nAtendimentos (UPAs), no Servi\u00e7o de Verifica\u00e7\u00e3o de \u00d3bitos (SVO), entre<br \/>\noutros.<\/p>\n<p>Com a arrecada\u00e7\u00e3o de fundos por meio da conta banc\u00e1ria \u2014 Banco Sicredi<br \/>\n748; Ag\u00eancia 2602; Conta Corrente 17391-6 \u2014 at\u00e9 o momento foram<br \/>\nadquiridos e entregues os mil macac\u00f5es, os dois respiradores de ar e os<br \/>\nfilamentos para confec\u00e7\u00e3o de m\u00e1scaras faciais antiv\u00edrus em impress\u00e3o 3D.<br \/>\nTamb\u00e9m est\u00e3o comprados e devem chegar da China, dentro de 15 a 20 dias, as 150<br \/>\nmil m\u00e1scaras, sendo 50 mil para profissionais da sa\u00fade (N95), mais 50<br \/>\nmil \u00f3culos para uso em hospitais, tr\u00eas mil cestas b\u00e1sicas e cem<br \/>\ncolch\u00f5es.<\/p>\n<figure id=\"attachment_4229\" aria-describedby=\"caption-attachment-4229\" style=\"width: 5760px\" class=\"wp-caption alignnone\"><img decoding=\"async\" loading=\"lazy\" class=\"wp-image-4229 size-full\" src=\"http:\/\/revidigital.com.br\/wp-content\/uploads\/2020\/03\/ACIJ-concluiu-a-doa\u00e3o-de-mil-macac\u00f5es-ao-Hosp-S\u00e3o-Jos\u00e9-em-Joinville.jpg\" alt=\"\" width=\"5760\" height=\"3840\" \/><figcaption id=\"caption-attachment-4229\" class=\"wp-caption-text\">Materiais j\u00e1 adquiridos pela associa\u00e7\u00e3o somam R$ 1 milh\u00e3o e outra remessa est\u00e1 em cota\u00e7\u00e3o \/ Foto: Carlos J\u00fanior<\/figcaption><\/figure>\n<p>\u201cA ACIJ atua com tr\u00eas frentes e, para todas elas, temos recebido<br \/>\nparticipa\u00e7\u00e3o dos nossos associados e da comunidade. Uma \u00e9 a aquisi\u00e7\u00e3o de<br \/>\nequipamentos \u00e0s unidades de sa\u00fade, a outra s\u00e3o obras para conclus\u00e3o<br \/>\nemergencial de 53 leitos no Hospital Municipal S\u00e3o Jos\u00e9 em menos de um<br \/>\nm\u00eas, e a terceira \u00e9 a central de triagem montada na Associa\u00e7\u00e3o Atl\u00e9tica<br \/>\nTupy\u201d, explica o presidente da entidade, Jo\u00e3o Joaquim Martinelli.<\/p>\n<p>Segundo o empres\u00e1rio, o valor dos materiais adquiridos ultrapassa R$ 1<br \/>\nmilh\u00e3o e ainda est\u00e3o em fase de cota\u00e7\u00e3o e aquisi\u00e7\u00e3o outros produtos, como \u00e9 o<br \/>\ncaso de mais 14 respiradores. \u201cTemos recebido muitos pedidos, como<br \/>\ndoa\u00e7\u00e3o de alimentos e outros materiais para lar de idosos. Mas \u00e9 preciso<br \/>\ndizer que, al\u00e9m dessas a\u00e7\u00f5es com os recursos da conta criada<br \/>\nespecialmente para atender demandas do Covid, sobretudo do sistema de<br \/>\nsa\u00fade, n\u00f3s tamb\u00e9m temos empres\u00e1rios com a\u00e7\u00f5es volunt\u00e1rias expressivas\u201d,<br \/>\ncomenta Martinelli.<\/p>\n<p>Na ACIJ, cada a\u00e7\u00e3o est\u00e1 sob a coordena\u00e7\u00e3o de um vice-presidente:<br \/>\nFernando Cestari de Rizzo (central de triagem), Marco Antonio Corsini<br \/>\n(obras no S\u00e3o Jos\u00e9), Adriano Bornschein Silva (compra de materiais) e<br \/>\nMarcelo Hack (fabrica\u00e7\u00e3o de protetores faciais). A campanha de<br \/>\narrecada\u00e7\u00e3o de fundos dos empres\u00e1rios e do cidad\u00e3o que desejar<br \/>\ncontribuir vai at\u00e9 o m\u00eas de abril.<\/p>\n","protected":false},"excerpt":{"rendered":"<p>Por Ana Keller &#8211; Jornalista JP 5206-SC\/ Fotos Carlos J\u00fanior -Acij A Associa\u00e7\u00e3o Empresarial de Joinville (Acij), por meio do seu comit\u00ea de crise, deu in\u00edcio a entrega de parte dos equipamentos adquiridos para aux\u00edlio ao sistema de sa\u00fade. Ao Hospital Municipal S\u00e3o Jos\u00e9 foram entregues mil macac\u00f5es e dois respiradores adquiridos no mercado nacional [&hellip;]<\/p>\n","protected":false},"author":5,"featured_media":4230,"comment_status":"open","ping_status":"open","sticky":false,"template":"","format":"standard","meta":{"footnotes":""},"categories":[97,20,17,11],"tags":[1027,1003,1010,1028,1029,1030],"_links":{"self":[{"href":"https:\/\/revidigital.ielusc.br\/index.php\/wp-json\/wp\/v2\/posts\/4228"}],"collection":[{"href":"https:\/\/revidigital.ielusc.br\/index.php\/wp-json\/wp\/v2\/posts"}],"about":[{"href":"https:\/\/revidigital.ielusc.br\/index.php\/wp-json\/wp\/v2\/types\/post"}],"author":[{"embeddable":true,"href":"https:\/\/revidigital.ielusc.br\/index.php\/wp-json\/wp\/v2\/users\/5"}],"replies":[{"embeddable":true,"href":"https:\/\/revidigital.ielusc.br\/index.php\/wp-json\/wp\/v2\/comments?post=4228"}],"version-history":[{"count":0,"href":"https:\/\/revidigital.ielusc.br\/index.php\/wp-json\/wp\/v2\/posts\/4228\/revisions"}],"wp:featuredmedia":[{"embeddable":true,"href":"https:\/\/revidigital.ielusc.br\/index.php\/wp-json\/"}],"wp:attachment":[{"href":"https:\/\/revidigital.ielusc.br\/index.php\/wp-json\/wp\/v2\/media?parent=4228"}],"wp:term":[{"taxonomy":"category","embeddable":true,"href":"https:\/\/revidigital.ielusc.br\/index.php\/wp-json\/wp\/v2\/categories?post=4228"},{"taxonomy":"post_tag","embeddable":true,"href":"https:\/\/revidigital.ielusc.br\/index.php\/wp-json\/wp\/v2\/tags?post=4228"}],"curies":[{"name":"wp","href":"https:\/\/api.w.org\/{rel}","templated":true}]}}