{"id":4234,"date":"2020-04-01T16:05:11","date_gmt":"2020-04-01T19:05:11","guid":{"rendered":"http:\/\/revidigital.com.br\/?p=4234"},"modified":"2020-04-01T16:05:11","modified_gmt":"2020-04-01T19:05:11","slug":"pp-talks-comeca-hoje-por-videoconferencia","status":"publish","type":"post","link":"https:\/\/revidigital.ielusc.br\/index.php\/2020\/04\/01\/pp-talks-comeca-hoje-por-videoconferencia\/","title":{"rendered":"PP Talks come\u00e7a hoje por videoconfer\u00eancia"},"content":{"rendered":"<p>Eleito um dos melhores 25 criativos do mundo,\u00a0\u00a0<strong>Gabriel Ara\u00fajo<\/strong> (Global Chief Creative Officer da<strong> Ogilvy Social Lab &#8211; B\u00e9lgica) <\/strong>\u00e9 o convidado de hoje do <strong>PP Talks. <\/strong>O evento\u00a0 foi criado em 2018 para\u00a0proporcionar aos estudantes do curso de <strong>Publicidade e Propaganda<\/strong>\u00a0da<strong> Faculdade Ielusc<\/strong> a oportunidade de dialogar com profissionais do mercado. Devido ao isolamento social provocado pela pandemia do Coronav\u00edrus, este ano o PP Talks ocorre por meio de videoconfer\u00eancias.<\/p>\n<p>Ara\u00fajo vai falar sobre a profiss\u00e3o e as oportunidades do setor criativo. A comunica\u00e7\u00e3o tem papel fundamental no atual cen\u00e1rio da pandemia, por isso, em vez de suspender o PP Talks, a coordena\u00e7\u00e3o e professores do curso de Publicidade e Propaganda decidiram testar o novo formato, com participa\u00e7\u00e3o on-line do palestrante e do p\u00fablico.\u00a0 &#8220;Hoje e nas pr\u00f3ximas semanas, teremos a participa\u00e7\u00e3o de v\u00e1rios\u00a0profissionais do mercado para trocar ideias com os estudantes e egressos do curso&#8221;, explicou o coordenador Vin\u00edcios Neves.<\/p>\n<p>Com base em Bruxelas, na B\u00e9lgica, Ara\u00fajo tem sob sua responsabilidade os escrit\u00f3rios de Londres, Amsterd\u00e3, Paris, Dubai, Nova York e Singapura. O brasileiro \u00a0j\u00e1 ganhou diversos pr\u00eamios internacionais, incluindo Cannes Lions, Clio Awards, One Show Interactive, El Ojo de Iberoamerica, One Show e Jay Chait Awards e muitos outros.<\/p>\n<p>A conversa com o convidado de hoje come\u00e7a \u00e0s 19 horas e ser\u00e1 atrav\u00e9s do Google Meet. O link pode ser acessado <a href=\"https:\/\/meet.google.com\/tib-opss-ond?fbclid=IwAR3KwqBrFX09ZFKaN3qq1MNwUnACdHarasg6fqFRQiNjcsGtFIj6towKoCU\">aqui<\/a>. Acompanhe tamb\u00e9m pelo instagram do curso @pp.ielusc.<\/p>\n<p>Durante o per\u00edodo de isolamento social, todos os cursos da Faculdade Ielusc adotaram a realiza\u00e7\u00e3o de aulas remotas, ou seja, em tempo real pela internet.<\/p>\n<p>&nbsp;<\/p>\n<figure id=\"attachment_4240\" aria-describedby=\"caption-attachment-4240\" style=\"width: 710px\" class=\"wp-caption alignnone\"><img decoding=\"async\" loading=\"lazy\" class=\"wp-image-4240 size-full\" src=\"http:\/\/revidigital.com.br\/wp-content\/uploads\/2020\/04\/Gabriel.jpg\" alt=\"\" width=\"710\" height=\"351\" \/><figcaption id=\"caption-attachment-4240\" class=\"wp-caption-text\">De Bruxelas, Ara\u00fajo lidera\u00a0 criativos de v\u00e1rios pa\u00edses onde a Ogilvy Social Lab\u00a0est\u00e1 presente\/ Foto:Divulga\u00e7\u00e3o<\/figcaption><\/figure>\n<p>&nbsp;<\/p>\n","protected":false},"excerpt":{"rendered":"<p>Eleito um dos melhores 25 criativos do mundo,\u00a0\u00a0Gabriel Ara\u00fajo (Global Chief Creative Officer da Ogilvy Social Lab &#8211; B\u00e9lgica) \u00e9 o convidado de hoje do PP Talks. O evento\u00a0 foi criado em 2018 para\u00a0proporcionar aos estudantes do curso de Publicidade e Propaganda\u00a0da Faculdade Ielusc a oportunidade de dialogar com profissionais do mercado. Devido ao isolamento [&hellip;]<\/p>\n","protected":false},"author":13,"featured_media":4240,"comment_status":"open","ping_status":"open","sticky":false,"template":"","format":"standard","meta":{"footnotes":""},"categories":[20,4,78,26,11,6],"tags":[551,156,53,57,1031,518,103],"_links":{"self":[{"href":"https:\/\/revidigital.ielusc.br\/index.php\/wp-json\/wp\/v2\/posts\/4234"}],"collection":[{"href":"https:\/\/revidigital.ielusc.br\/index.php\/wp-json\/wp\/v2\/posts"}],"about":[{"href":"https:\/\/revidigital.ielusc.br\/index.php\/wp-json\/wp\/v2\/types\/post"}],"author":[{"embeddable":true,"href":"https:\/\/revidigital.ielusc.br\/index.php\/wp-json\/wp\/v2\/users\/13"}],"replies":[{"embeddable":true,"href":"https:\/\/revidigital.ielusc.br\/index.php\/wp-json\/wp\/v2\/comments?post=4234"}],"version-history":[{"count":0,"href":"https:\/\/revidigital.ielusc.br\/index.php\/wp-json\/wp\/v2\/posts\/4234\/revisions"}],"wp:featuredmedia":[{"embeddable":true,"href":"https:\/\/revidigital.ielusc.br\/index.php\/wp-json\/"}],"wp:attachment":[{"href":"https:\/\/revidigital.ielusc.br\/index.php\/wp-json\/wp\/v2\/media?parent=4234"}],"wp:term":[{"taxonomy":"category","embeddable":true,"href":"https:\/\/revidigital.ielusc.br\/index.php\/wp-json\/wp\/v2\/categories?post=4234"},{"taxonomy":"post_tag","embeddable":true,"href":"https:\/\/revidigital.ielusc.br\/index.php\/wp-json\/wp\/v2\/tags?post=4234"}],"curies":[{"name":"wp","href":"https:\/\/api.w.org\/{rel}","templated":true}]}}